{"id":3181,"date":"2012-08-07T13:21:08","date_gmt":"2012-08-07T09:21:08","guid":{"rendered":"http:\/\/labastidane.fr\/journal\/?p=3181"},"modified":"2012-08-07T13:36:24","modified_gmt":"2012-08-07T09:36:24","slug":"ce-sont-les-vacances-pour-la-bastidane","status":"publish","type":"post","link":"http:\/\/labastidane.fr\/journal\/?p=3181","title":{"rendered":"Ce sont les vacances pour La Bastidane &#8230;"},"content":{"rendered":"<p style=\"text-align: center;\">Mais pas pour son carnet d&rsquo;inspiration, vous voulez bien venir vous promener en Provence avec moi, c&rsquo;est par l\u00e0 sur les<a href=\"http:\/\/labastidane.fr\/petitsriens\/\" target=\"_blank\"> 365 Petits Riens &#8230;<\/a><\/p>\n<p><a href=\"http:\/\/labastidane.fr\/journal\/wp-content\/uploads\/2012\/08\/vidagecarte.jpg\"><img fetchpriority=\"high\" decoding=\"async\" class=\"aligncenter  wp-image-3187\" title=\"Luberon la Bastidane\" src=\"http:\/\/labastidane.fr\/journal\/wp-content\/uploads\/2012\/08\/vidagecarte-750x421.jpg\" alt=\"\" width=\"750\" height=\"421\" srcset=\"http:\/\/labastidane.fr\/journal\/wp-content\/uploads\/2012\/08\/vidagecarte-750x421.jpg 750w, http:\/\/labastidane.fr\/journal\/wp-content\/uploads\/2012\/08\/vidagecarte-200x112.jpg 200w, http:\/\/labastidane.fr\/journal\/wp-content\/uploads\/2012\/08\/vidagecarte-1024x576.jpg 1024w\" sizes=\"(max-width: 750px) 100vw, 750px\" \/><\/a><\/p>\n<p style=\"text-align: center;\">Je vous emm\u00e8ne,<\/p>\n<p style=\"text-align: center;\">faire un stage de cartonnage, un stage de crochet en roulotte, je vous emm\u00e8ne sur les march\u00e9s de Provence, manger une soupe au Pistou, des Chichis \u00e0 la f\u00eate au village, je vous emm\u00e8ne aussi faire des confitures en famille et r\u00eaver au bord de la M\u00e9diterran\u00e9e &#8230; et en m\u00eame temps, je r\u00e9installe maison et atelier &#8230; toujours entre deux, mais bient\u00f4t compl\u00e9tement dans le Luberon.<\/p>\n<p style=\"text-align: center;\">Le temps de prendre le temps de fl\u00e2ner et de se r\u00e9installer &#8230;<\/p>\n<p style=\"text-align: center;\"><a href=\"http:\/\/labastidane.fr\/journal\/wp-content\/uploads\/2012\/08\/CHICHIS.jpg\"><img decoding=\"async\" class=\"aligncenter  wp-image-3186\" title=\"Luberon la Bastidane\" src=\"http:\/\/labastidane.fr\/journal\/wp-content\/uploads\/2012\/08\/CHICHIS-750x421.jpg\" alt=\"\" width=\"750\" height=\"421\" srcset=\"http:\/\/labastidane.fr\/journal\/wp-content\/uploads\/2012\/08\/CHICHIS-750x421.jpg 750w, http:\/\/labastidane.fr\/journal\/wp-content\/uploads\/2012\/08\/CHICHIS-200x112.jpg 200w, http:\/\/labastidane.fr\/journal\/wp-content\/uploads\/2012\/08\/CHICHIS-1024x576.jpg 1024w\" sizes=\"(max-width: 750px) 100vw, 750px\" \/><\/a><\/p>\n<p>&nbsp;<\/p>\n<p style=\"text-align: center;\">Le temps de jouer les sauvageonnes, de fabriquer une jolie valise en cartonnage, et de courir les roulottes pour y apprendre le crochet &#8230; de faire les vide greniers &#8230; et le temps surtout de vivre.<\/p>\n<p><a href=\"http:\/\/labastidane.fr\/journal\/wp-content\/uploads\/2012\/08\/Pictures6.jpg\"><img decoding=\"async\" class=\"aligncenter  wp-image-3184\" title=\"Pictures6\" src=\"http:\/\/labastidane.fr\/journal\/wp-content\/uploads\/2012\/08\/Pictures6-750x421.jpg\" alt=\"\" width=\"750\" height=\"421\" srcset=\"http:\/\/labastidane.fr\/journal\/wp-content\/uploads\/2012\/08\/Pictures6-750x421.jpg 750w, http:\/\/labastidane.fr\/journal\/wp-content\/uploads\/2012\/08\/Pictures6-200x112.jpg 200w, http:\/\/labastidane.fr\/journal\/wp-content\/uploads\/2012\/08\/Pictures6-1024x576.jpg 1024w\" sizes=\"(max-width: 750px) 100vw, 750px\" \/><\/a><\/p>\n<p>&nbsp;<\/p>\n<p style=\"text-align: center;\">Le temps de cuisiner et de faire des confitures en famille &#8230;.<\/p>\n<p>&nbsp;<\/p>\n<p><a href=\"http:\/\/labastidane.fr\/journal\/wp-content\/uploads\/2012\/08\/R\u00e9cemment-mis-\u00e0-jour10.jpg\"><img loading=\"lazy\" decoding=\"async\" class=\"aligncenter  wp-image-3183\" title=\"luberon la bastidane \" src=\"http:\/\/labastidane.fr\/journal\/wp-content\/uploads\/2012\/08\/R\u00e9cemment-mis-\u00e0-jour10-750x421.jpg\" alt=\"\" width=\"750\" height=\"421\" srcset=\"http:\/\/labastidane.fr\/journal\/wp-content\/uploads\/2012\/08\/R\u00e9cemment-mis-\u00e0-jour10-750x421.jpg 750w, http:\/\/labastidane.fr\/journal\/wp-content\/uploads\/2012\/08\/R\u00e9cemment-mis-\u00e0-jour10-200x112.jpg 200w, http:\/\/labastidane.fr\/journal\/wp-content\/uploads\/2012\/08\/R\u00e9cemment-mis-\u00e0-jour10-1024x576.jpg 1024w\" sizes=\"(max-width: 750px) 100vw, 750px\" \/><\/a><\/p>\n<p style=\"text-align: center;\">Pour ceux qui arrivent, <a href=\"http:\/\/labastidane.fr\/petitsriens\/\" target=\"_blank\">les 365 petits riens,<\/a> c&rsquo;est chaque jour un article sur l&rsquo;air du temps, sur ceux et ce \u00a0qui m&rsquo;inspirent, ce que j&rsquo;aime et mes ouvrages en cours.<\/p>\n<p style=\"text-align: center;\">Alors je vous donne rendez vous, peut \u00eatre sur <a href=\"http:\/\/labastidane.fr\/petitsriens\/\" target=\"_blank\">Mes Petits Riens &#8230;\u00a0<\/a><\/p>\n<p>&nbsp;<\/p>\n<div id=\"fb-root\"><\/div>\r\n<script>(function(d, s, id) {\r\n  var js, fjs = d.getElementsByTagName(s)[0];\r\n  if (d.getElementById(id)) return;\r\n  js = d.createElement(s); js.id = id;\r\n  js.src = \"\/\/connect.facebook.net\/fr_FR\/all.js#xfbml=1\";\r\n  fjs.parentNode.insertBefore(js, fjs);\r\n}(document, \"script\", \"facebook-jssdk\"));<\/script>\r\n<fb:like href=\"http:\/\/labastidane.fr\/journal\/?p=3181\" font=\"arial\" action=\"like\" layout=\"standard\" send=\"1\" width=\"\"  colorscheme=\"light\" show_faces=\"0\"  style=\"background:#FFFFFF;padding-top:0px;\r\npadding-right:0px;\r\npadding-bottom:0px;\r\npadding-left:0px;\r\nmargin-top:0px;\r\nmargin-right:0px;\r\nmargin-bottom:0px;\r\nmargin-left:0px;\r\n\"><\/fb:like><div id=\"fb-root\"><\/div>\r\n<script>(function(d, s, id) {\r\n  var js, fjs = d.getElementsByTagName(s)[0];\r\n  if (d.getElementById(id)) return;\r\n  js = d.createElement(s); js.id = id;\r\n  js.src = \"\/\/connect.facebook.net\/en_GB\/all.js#xfbml=1\";\r\n  fjs.parentNode.insertBefore(js, fjs);\r\n}(document, \"script\", \"facebook-jssdk\"));<\/script>\r\n <fb:follow href=\"https:\/\/www.facebook.com\/bastidane\/?fref=ts\" layout=\"standard\" colorscheme=\"light\" show_faces=\"0\" font=\"arial\" width=\"\" border_color=\"#FFFFFF\" style=\"background:#FFFFFF;padding-top:0px;\r\npadding-right:0px;\r\npadding-bottom:0px;\r\npadding-left:0px;\r\nmargin-top:0px;\r\nmargin-right:0px;\r\nmargin-bottom:0px;\r\nmargin-left:0px;\r\n\"><\/fb:follow>","protected":false},"excerpt":{"rendered":"<p>Mais pas pour son carnet d&rsquo;inspiration, vous voulez bien venir vous promener en Provence avec moi, c&rsquo;est par l\u00e0 sur les 365 Petits Riens &#8230; Je vous emm\u00e8ne, faire un stage de cartonnage, un stage de crochet en roulotte, je vous emm\u00e8ne sur les march\u00e9s de Provence, manger une soupe au Pistou, des Chichis \u00e0 la f\u00eate au village, je vous emm\u00e8ne aussi faire des confitures en famille et r\u00eaver au bord de la M\u00e9diterran\u00e9e &#8230; et en m\u00eame temps, je r\u00e9installe maison et atelier &#8230; toujours entre deux, mais bient\u00f4t compl\u00e9tement dans le Luberon. Le temps de prendre le temps de fl\u00e2ner et de se r\u00e9installer &#8230; &nbsp; Le temps de jouer les sauvageonnes, de fabriquer une jolie valise en cartonnage, et de courir les roulottes pour y apprendre le crochet &#8230; de faire les vide greniers &#8230; et le temps surtout de vivre. &nbsp; Le temps de cuisiner et de faire des confitures en famille &#8230;. &nbsp; Pour ceux qui arrivent, les 365 petits riens, c&rsquo;est chaque jour un article sur l&rsquo;air du temps, sur ceux et ce \u00a0qui m&rsquo;inspirent, ce que j&rsquo;aime et mes ouvrages en cours. Alors je vous donne rendez vous, peut \u00eatre sur Mes Petits Riens &#8230;\u00a0 &nbsp;<\/p>\n","protected":false},"author":1,"featured_media":0,"comment_status":"open","ping_status":"open","sticky":false,"template":"","format":"standard","meta":{"_exactmetrics_skip_tracking":false,"_exactmetrics_sitenote_active":false,"_exactmetrics_sitenote_note":"","_exactmetrics_sitenote_category":0,"footnotes":""},"categories":[58],"tags":[50,18],"class_list":["post-3181","post","type-post","status-publish","format-standard","hentry","category-365-petits-riens","tag-les-petits-riens-2","tag-songes-et-reves"],"yoast_head":"<!-- This site is optimized with the Yoast SEO plugin v20.0 - https:\/\/yoast.com\/wordpress\/plugins\/seo\/ -->\n<title>Ce sont les vacances pour La Bastidane ... - La Bastidane<\/title>\n<meta name=\"robots\" content=\"index, follow, max-snippet:-1, max-image-preview:large, max-video-preview:-1\" \/>\n<link rel=\"canonical\" href=\"http:\/\/labastidane.fr\/journal\/?p=3181\" \/>\n<meta property=\"og:locale\" content=\"fr_FR\" \/>\n<meta property=\"og:type\" content=\"article\" \/>\n<meta property=\"og:title\" content=\"Ce sont les vacances pour La Bastidane ... - La Bastidane\" \/>\n<meta property=\"og:description\" content=\"Mais pas pour son carnet d&rsquo;inspiration, vous voulez bien venir vous promener en Provence avec moi, c&rsquo;est par l\u00e0 sur les 365 Petits Riens &#8230; Je vous emm\u00e8ne, faire un stage de cartonnage, un stage de crochet en roulotte, je vous emm\u00e8ne sur les march\u00e9s de Provence, manger une soupe au Pistou, des Chichis \u00e0 la f\u00eate au village, je vous emm\u00e8ne aussi faire des confitures en famille et r\u00eaver au bord de la M\u00e9diterran\u00e9e &#8230; et en m\u00eame temps, je r\u00e9installe maison et atelier &#8230; toujours entre deux, mais bient\u00f4t compl\u00e9tement dans le Luberon. Le temps de prendre le temps de fl\u00e2ner et de se r\u00e9installer &#8230; &nbsp; Le temps de jouer les sauvageonnes, de fabriquer une jolie valise en cartonnage, et de courir les roulottes pour y apprendre le crochet &#8230; de faire les vide greniers &#8230; et le temps surtout de vivre. &nbsp; Le temps de cuisiner et de faire des confitures en famille &#8230;. &nbsp; Pour ceux qui arrivent, les 365 petits riens, c&rsquo;est chaque jour un article sur l&rsquo;air du temps, sur ceux et ce \u00a0qui m&rsquo;inspirent, ce que j&rsquo;aime et mes ouvrages en cours. Alors je vous donne rendez vous, peut \u00eatre sur Mes Petits Riens &#8230;\u00a0 &nbsp;\" \/>\n<meta property=\"og:url\" content=\"http:\/\/labastidane.fr\/journal\/?p=3181\" \/>\n<meta property=\"og:site_name\" content=\"La Bastidane\" \/>\n<meta property=\"article:published_time\" content=\"2012-08-07T09:21:08+00:00\" \/>\n<meta property=\"article:modified_time\" content=\"2012-08-07T09:36:24+00:00\" \/>\n<meta property=\"og:image\" content=\"http:\/\/labastidane.fr\/journal\/wp-content\/uploads\/2012\/08\/vidagecarte-750x421.jpg\" \/>\n<meta name=\"author\" content=\"La Bastidane\" \/>\n<meta name=\"twitter:card\" content=\"summary_large_image\" \/>\n<meta name=\"twitter:label1\" content=\"\u00c9crit par\" \/>\n\t<meta name=\"twitter:data1\" content=\"La Bastidane\" \/>\n\t<meta name=\"twitter:label2\" content=\"Dur\u00e9e de lecture estim\u00e9e\" \/>\n\t<meta name=\"twitter:data2\" content=\"1 minute\" \/>\n<script type=\"application\/ld+json\" class=\"yoast-schema-graph\">{\"@context\":\"https:\/\/schema.org\",\"@graph\":[{\"@type\":\"WebPage\",\"@id\":\"http:\/\/labastidane.fr\/journal\/?p=3181\",\"url\":\"http:\/\/labastidane.fr\/journal\/?p=3181\",\"name\":\"Ce sont les vacances pour La Bastidane ... - La Bastidane\",\"isPartOf\":{\"@id\":\"http:\/\/labastidane.fr\/journal\/#website\"},\"datePublished\":\"2012-08-07T09:21:08+00:00\",\"dateModified\":\"2012-08-07T09:36:24+00:00\",\"author\":{\"@id\":\"http:\/\/labastidane.fr\/journal\/#\/schema\/person\/af75d95a9045c134ad8810c99727f4cd\"},\"breadcrumb\":{\"@id\":\"http:\/\/labastidane.fr\/journal\/?p=3181#breadcrumb\"},\"inLanguage\":\"fr-FR\",\"potentialAction\":[{\"@type\":\"ReadAction\",\"target\":[\"http:\/\/labastidane.fr\/journal\/?p=3181\"]}]},{\"@type\":\"BreadcrumbList\",\"@id\":\"http:\/\/labastidane.fr\/journal\/?p=3181#breadcrumb\",\"itemListElement\":[{\"@type\":\"ListItem\",\"position\":1,\"name\":\"Accueil\",\"item\":\"http:\/\/labastidane.fr\/journal\"},{\"@type\":\"ListItem\",\"position\":2,\"name\":\"Ce sont les vacances pour La Bastidane &#8230;\"}]},{\"@type\":\"WebSite\",\"@id\":\"http:\/\/labastidane.fr\/journal\/#website\",\"url\":\"http:\/\/labastidane.fr\/journal\/\",\"name\":\"La Bastidane\",\"description\":\"Cr\u00e9ations Improbables en Luberon\",\"potentialAction\":[{\"@type\":\"SearchAction\",\"target\":{\"@type\":\"EntryPoint\",\"urlTemplate\":\"http:\/\/labastidane.fr\/journal\/?s={search_term_string}\"},\"query-input\":\"required name=search_term_string\"}],\"inLanguage\":\"fr-FR\"},{\"@type\":\"Person\",\"@id\":\"http:\/\/labastidane.fr\/journal\/#\/schema\/person\/af75d95a9045c134ad8810c99727f4cd\",\"name\":\"La Bastidane\",\"image\":{\"@type\":\"ImageObject\",\"inLanguage\":\"fr-FR\",\"@id\":\"http:\/\/labastidane.fr\/journal\/#\/schema\/person\/image\/\",\"url\":\"https:\/\/secure.gravatar.com\/avatar\/53e4719b91c0ffc5bae88b7937a395ed0d9dd04cfb0a5b501ad69c2c044f7eeb?s=96&d=blank&r=g\",\"contentUrl\":\"https:\/\/secure.gravatar.com\/avatar\/53e4719b91c0ffc5bae88b7937a395ed0d9dd04cfb0a5b501ad69c2c044f7eeb?s=96&d=blank&r=g\",\"caption\":\"La Bastidane\"},\"sameAs\":[\"http:\/\/labastidane.fr\/journal\/\"],\"url\":\"http:\/\/labastidane.fr\/journal\/?author=1\"}]}<\/script>\n<!-- \/ Yoast SEO plugin. -->","yoast_head_json":{"title":"Ce sont les vacances pour La Bastidane ... - La Bastidane","robots":{"index":"index","follow":"follow","max-snippet":"max-snippet:-1","max-image-preview":"max-image-preview:large","max-video-preview":"max-video-preview:-1"},"canonical":"http:\/\/labastidane.fr\/journal\/?p=3181","og_locale":"fr_FR","og_type":"article","og_title":"Ce sont les vacances pour La Bastidane ... - La Bastidane","og_description":"Mais pas pour son carnet d&rsquo;inspiration, vous voulez bien venir vous promener en Provence avec moi, c&rsquo;est par l\u00e0 sur les 365 Petits Riens &#8230; Je vous emm\u00e8ne, faire un stage de cartonnage, un stage de crochet en roulotte, je vous emm\u00e8ne sur les march\u00e9s de Provence, manger une soupe au Pistou, des Chichis \u00e0 la f\u00eate au village, je vous emm\u00e8ne aussi faire des confitures en famille et r\u00eaver au bord de la M\u00e9diterran\u00e9e &#8230; et en m\u00eame temps, je r\u00e9installe maison et atelier &#8230; toujours entre deux, mais bient\u00f4t compl\u00e9tement dans le Luberon. Le temps de prendre le temps de fl\u00e2ner et de se r\u00e9installer &#8230; &nbsp; Le temps de jouer les sauvageonnes, de fabriquer une jolie valise en cartonnage, et de courir les roulottes pour y apprendre le crochet &#8230; de faire les vide greniers &#8230; et le temps surtout de vivre. &nbsp; Le temps de cuisiner et de faire des confitures en famille &#8230;. &nbsp; Pour ceux qui arrivent, les 365 petits riens, c&rsquo;est chaque jour un article sur l&rsquo;air du temps, sur ceux et ce \u00a0qui m&rsquo;inspirent, ce que j&rsquo;aime et mes ouvrages en cours. Alors je vous donne rendez vous, peut \u00eatre sur Mes Petits Riens &#8230;\u00a0 &nbsp;","og_url":"http:\/\/labastidane.fr\/journal\/?p=3181","og_site_name":"La Bastidane","article_published_time":"2012-08-07T09:21:08+00:00","article_modified_time":"2012-08-07T09:36:24+00:00","og_image":[{"url":"http:\/\/labastidane.fr\/journal\/wp-content\/uploads\/2012\/08\/vidagecarte-750x421.jpg"}],"author":"La Bastidane","twitter_card":"summary_large_image","twitter_misc":{"\u00c9crit par":"La Bastidane","Dur\u00e9e de lecture estim\u00e9e":"1 minute"},"schema":{"@context":"https:\/\/schema.org","@graph":[{"@type":"WebPage","@id":"http:\/\/labastidane.fr\/journal\/?p=3181","url":"http:\/\/labastidane.fr\/journal\/?p=3181","name":"Ce sont les vacances pour La Bastidane ... - La Bastidane","isPartOf":{"@id":"http:\/\/labastidane.fr\/journal\/#website"},"datePublished":"2012-08-07T09:21:08+00:00","dateModified":"2012-08-07T09:36:24+00:00","author":{"@id":"http:\/\/labastidane.fr\/journal\/#\/schema\/person\/af75d95a9045c134ad8810c99727f4cd"},"breadcrumb":{"@id":"http:\/\/labastidane.fr\/journal\/?p=3181#breadcrumb"},"inLanguage":"fr-FR","potentialAction":[{"@type":"ReadAction","target":["http:\/\/labastidane.fr\/journal\/?p=3181"]}]},{"@type":"BreadcrumbList","@id":"http:\/\/labastidane.fr\/journal\/?p=3181#breadcrumb","itemListElement":[{"@type":"ListItem","position":1,"name":"Accueil","item":"http:\/\/labastidane.fr\/journal"},{"@type":"ListItem","position":2,"name":"Ce sont les vacances pour La Bastidane &#8230;"}]},{"@type":"WebSite","@id":"http:\/\/labastidane.fr\/journal\/#website","url":"http:\/\/labastidane.fr\/journal\/","name":"La Bastidane","description":"Cr\u00e9ations Improbables en Luberon","potentialAction":[{"@type":"SearchAction","target":{"@type":"EntryPoint","urlTemplate":"http:\/\/labastidane.fr\/journal\/?s={search_term_string}"},"query-input":"required name=search_term_string"}],"inLanguage":"fr-FR"},{"@type":"Person","@id":"http:\/\/labastidane.fr\/journal\/#\/schema\/person\/af75d95a9045c134ad8810c99727f4cd","name":"La Bastidane","image":{"@type":"ImageObject","inLanguage":"fr-FR","@id":"http:\/\/labastidane.fr\/journal\/#\/schema\/person\/image\/","url":"https:\/\/secure.gravatar.com\/avatar\/53e4719b91c0ffc5bae88b7937a395ed0d9dd04cfb0a5b501ad69c2c044f7eeb?s=96&d=blank&r=g","contentUrl":"https:\/\/secure.gravatar.com\/avatar\/53e4719b91c0ffc5bae88b7937a395ed0d9dd04cfb0a5b501ad69c2c044f7eeb?s=96&d=blank&r=g","caption":"La Bastidane"},"sameAs":["http:\/\/labastidane.fr\/journal\/"],"url":"http:\/\/labastidane.fr\/journal\/?author=1"}]}},"jetpack_featured_media_url":"","_links":{"self":[{"href":"http:\/\/labastidane.fr\/journal\/index.php?rest_route=\/wp\/v2\/posts\/3181","targetHints":{"allow":["GET"]}}],"collection":[{"href":"http:\/\/labastidane.fr\/journal\/index.php?rest_route=\/wp\/v2\/posts"}],"about":[{"href":"http:\/\/labastidane.fr\/journal\/index.php?rest_route=\/wp\/v2\/types\/post"}],"author":[{"embeddable":true,"href":"http:\/\/labastidane.fr\/journal\/index.php?rest_route=\/wp\/v2\/users\/1"}],"replies":[{"embeddable":true,"href":"http:\/\/labastidane.fr\/journal\/index.php?rest_route=%2Fwp%2Fv2%2Fcomments&post=3181"}],"version-history":[{"count":4,"href":"http:\/\/labastidane.fr\/journal\/index.php?rest_route=\/wp\/v2\/posts\/3181\/revisions"}],"predecessor-version":[{"id":3193,"href":"http:\/\/labastidane.fr\/journal\/index.php?rest_route=\/wp\/v2\/posts\/3181\/revisions\/3193"}],"wp:attachment":[{"href":"http:\/\/labastidane.fr\/journal\/index.php?rest_route=%2Fwp%2Fv2%2Fmedia&parent=3181"}],"wp:term":[{"taxonomy":"category","embeddable":true,"href":"http:\/\/labastidane.fr\/journal\/index.php?rest_route=%2Fwp%2Fv2%2Fcategories&post=3181"},{"taxonomy":"post_tag","embeddable":true,"href":"http:\/\/labastidane.fr\/journal\/index.php?rest_route=%2Fwp%2Fv2%2Ftags&post=3181"}],"curies":[{"name":"wp","href":"https:\/\/api.w.org\/{rel}","templated":true}]}}