{"id":3195,"date":"2012-08-21T10:47:44","date_gmt":"2012-08-21T06:47:44","guid":{"rendered":"http:\/\/labastidane.fr\/journal\/?p=3195"},"modified":"2012-08-21T10:47:44","modified_gmt":"2012-08-21T06:47:44","slug":"exposition-a-villeneuve-le-guyard-89","status":"publish","type":"post","link":"http:\/\/labastidane.fr\/journal\/?p=3195","title":{"rendered":"Exposition \u00e0 Villeneuve le Guyard (89)"},"content":{"rendered":"<p style=\"text-align: center;\">Une belle id\u00e9e de sortie pour le week end prochain &#8230;<\/p>\n<p style=\"text-align: center;\">Exposition de patchwork et de broderie les 25 et 26 ao\u00fbt \u00e0 Villeneuve de Guyard (89)<\/p>\n<p style=\"text-align: center;\">Les Bobinettes vont pr\u00e9senteront leurs travaux au Foyer communal en face de l&rsquo;\u00e9cole de 10h \u00e0 18h, si vous y aller vous me raconterez ?<\/p>\n<p>\u00a0<img fetchpriority=\"high\" decoding=\"async\" class=\"aligncenter size-medium wp-image-3196\" title=\"affiche-expo-001_1024\" src=\"http:\/\/labastidane.fr\/journal\/wp-content\/uploads\/2012\/08\/affiche-expo-001_1024-527x750.jpg\" alt=\"\" width=\"527\" height=\"750\" srcset=\"http:\/\/labastidane.fr\/journal\/wp-content\/uploads\/2012\/08\/affiche-expo-001_1024-527x750.jpg 527w, http:\/\/labastidane.fr\/journal\/wp-content\/uploads\/2012\/08\/affiche-expo-001_1024-140x200.jpg 140w, http:\/\/labastidane.fr\/journal\/wp-content\/uploads\/2012\/08\/affiche-expo-001_1024.jpg 720w\" sizes=\"(max-width: 527px) 100vw, 527px\" \/><\/p>\n<p>Plus d&rsquo;information sur le blog de <a href=\"http:\/\/jubama.over-blog.com\/article-bobinettes-107358757.html\">Jubama<\/a><\/p>\n<p>&nbsp;<\/p>\n<p style=\"text-align: justify;\">Quand \u00e0 moi je retourne \u00e0 mes rangements et \u00e0 ma r\u00e9installation &#8230; n&rsquo;oubliez pas de me rendre visite sur les <a href=\"http:\/\/labastidane.fr\/petitsriens\/\" target=\"_blank\">356 petits riens,<\/a> en attendant de vrais articles et de vrais ouvrages.<\/p>\n<div id=\"fb-root\"><\/div>\r\n<script>(function(d, s, id) {\r\n  var js, fjs = d.getElementsByTagName(s)[0];\r\n  if (d.getElementById(id)) return;\r\n  js = d.createElement(s); js.id = id;\r\n  js.src = \"\/\/connect.facebook.net\/fr_FR\/all.js#xfbml=1\";\r\n  fjs.parentNode.insertBefore(js, fjs);\r\n}(document, \"script\", \"facebook-jssdk\"));<\/script>\r\n<fb:like href=\"http:\/\/labastidane.fr\/journal\/?p=3195\" font=\"arial\" action=\"like\" layout=\"standard\" send=\"1\" width=\"\"  colorscheme=\"light\" show_faces=\"0\"  style=\"background:#FFFFFF;padding-top:0px;\r\npadding-right:0px;\r\npadding-bottom:0px;\r\npadding-left:0px;\r\nmargin-top:0px;\r\nmargin-right:0px;\r\nmargin-bottom:0px;\r\nmargin-left:0px;\r\n\"><\/fb:like><div id=\"fb-root\"><\/div>\r\n<script>(function(d, s, id) {\r\n  var js, fjs = d.getElementsByTagName(s)[0];\r\n  if (d.getElementById(id)) return;\r\n  js = d.createElement(s); js.id = id;\r\n  js.src = \"\/\/connect.facebook.net\/en_GB\/all.js#xfbml=1\";\r\n  fjs.parentNode.insertBefore(js, fjs);\r\n}(document, \"script\", \"facebook-jssdk\"));<\/script>\r\n <fb:follow href=\"https:\/\/www.facebook.com\/bastidane\/?fref=ts\" layout=\"standard\" colorscheme=\"light\" show_faces=\"0\" font=\"arial\" width=\"\" border_color=\"#FFFFFF\" style=\"background:#FFFFFF;padding-top:0px;\r\npadding-right:0px;\r\npadding-bottom:0px;\r\npadding-left:0px;\r\nmargin-top:0px;\r\nmargin-right:0px;\r\nmargin-bottom:0px;\r\nmargin-left:0px;\r\n\"><\/fb:follow>","protected":false},"excerpt":{"rendered":"<p>Une belle id\u00e9e de sortie pour le week end prochain &#8230; Exposition de patchwork et de broderie les 25 et 26 ao\u00fbt \u00e0 Villeneuve de Guyard (89) Les Bobinettes vont pr\u00e9senteront leurs travaux au Foyer communal en face de l&rsquo;\u00e9cole de 10h \u00e0 18h, si vous y aller vous me raconterez ? \u00a0 Plus d&rsquo;information sur le blog de Jubama &nbsp; Quand \u00e0 moi je retourne \u00e0 mes rangements et \u00e0 ma r\u00e9installation &#8230; n&rsquo;oubliez pas de me rendre visite sur les 356 petits riens, en attendant de vrais articles et de vrais ouvrages.<\/p>\n","protected":false},"author":1,"featured_media":0,"comment_status":"open","ping_status":"open","sticky":false,"template":"","format":"standard","meta":{"_exactmetrics_skip_tracking":false,"_exactmetrics_sitenote_active":false,"_exactmetrics_sitenote_note":"","_exactmetrics_sitenote_category":0,"footnotes":""},"categories":[58,37],"tags":[100],"class_list":["post-3195","post","type-post","status-publish","format-standard","hentry","category-365-petits-riens","category-exposition","tag-exposition"],"yoast_head":"<!-- This site is optimized with the Yoast SEO plugin v20.0 - https:\/\/yoast.com\/wordpress\/plugins\/seo\/ -->\n<title>Exposition \u00e0 Villeneuve le Guyard (89) - La Bastidane<\/title>\n<meta name=\"robots\" content=\"index, follow, max-snippet:-1, max-image-preview:large, max-video-preview:-1\" \/>\n<link rel=\"canonical\" href=\"https:\/\/labastidane.fr\/journal\/?p=3195\" \/>\n<meta property=\"og:locale\" content=\"fr_FR\" \/>\n<meta property=\"og:type\" content=\"article\" \/>\n<meta property=\"og:title\" content=\"Exposition \u00e0 Villeneuve le Guyard (89) - La Bastidane\" \/>\n<meta property=\"og:description\" content=\"Une belle id\u00e9e de sortie pour le week end prochain &#8230; Exposition de patchwork et de broderie les 25 et 26 ao\u00fbt \u00e0 Villeneuve de Guyard (89) Les Bobinettes vont pr\u00e9senteront leurs travaux au Foyer communal en face de l&rsquo;\u00e9cole de 10h \u00e0 18h, si vous y aller vous me raconterez ? \u00a0 Plus d&rsquo;information sur le blog de Jubama &nbsp; Quand \u00e0 moi je retourne \u00e0 mes rangements et \u00e0 ma r\u00e9installation &#8230; n&rsquo;oubliez pas de me rendre visite sur les 356 petits riens, en attendant de vrais articles et de vrais ouvrages.\" \/>\n<meta property=\"og:url\" content=\"https:\/\/labastidane.fr\/journal\/?p=3195\" \/>\n<meta property=\"og:site_name\" content=\"La Bastidane\" \/>\n<meta property=\"article:published_time\" content=\"2012-08-21T06:47:44+00:00\" \/>\n<meta property=\"og:image\" content=\"http:\/\/labastidane.fr\/journal\/wp-content\/uploads\/2012\/08\/affiche-expo-001_1024-527x750.jpg\" \/>\n<meta name=\"author\" content=\"La Bastidane\" \/>\n<meta name=\"twitter:card\" content=\"summary_large_image\" \/>\n<meta name=\"twitter:label1\" content=\"\u00c9crit par\" \/>\n\t<meta name=\"twitter:data1\" content=\"La Bastidane\" \/>\n<script type=\"application\/ld+json\" class=\"yoast-schema-graph\">{\"@context\":\"https:\/\/schema.org\",\"@graph\":[{\"@type\":\"WebPage\",\"@id\":\"https:\/\/labastidane.fr\/journal\/?p=3195\",\"url\":\"https:\/\/labastidane.fr\/journal\/?p=3195\",\"name\":\"Exposition \u00e0 Villeneuve le Guyard (89) - La Bastidane\",\"isPartOf\":{\"@id\":\"http:\/\/labastidane.fr\/journal\/#website\"},\"datePublished\":\"2012-08-21T06:47:44+00:00\",\"dateModified\":\"2012-08-21T06:47:44+00:00\",\"author\":{\"@id\":\"http:\/\/labastidane.fr\/journal\/#\/schema\/person\/af75d95a9045c134ad8810c99727f4cd\"},\"breadcrumb\":{\"@id\":\"https:\/\/labastidane.fr\/journal\/?p=3195#breadcrumb\"},\"inLanguage\":\"fr-FR\",\"potentialAction\":[{\"@type\":\"ReadAction\",\"target\":[\"https:\/\/labastidane.fr\/journal\/?p=3195\"]}]},{\"@type\":\"BreadcrumbList\",\"@id\":\"https:\/\/labastidane.fr\/journal\/?p=3195#breadcrumb\",\"itemListElement\":[{\"@type\":\"ListItem\",\"position\":1,\"name\":\"Accueil\",\"item\":\"http:\/\/labastidane.fr\/journal\"},{\"@type\":\"ListItem\",\"position\":2,\"name\":\"Exposition \u00e0 Villeneuve le Guyard (89)\"}]},{\"@type\":\"WebSite\",\"@id\":\"http:\/\/labastidane.fr\/journal\/#website\",\"url\":\"http:\/\/labastidane.fr\/journal\/\",\"name\":\"La Bastidane\",\"description\":\"Cr\u00e9ations Improbables en Luberon\",\"potentialAction\":[{\"@type\":\"SearchAction\",\"target\":{\"@type\":\"EntryPoint\",\"urlTemplate\":\"http:\/\/labastidane.fr\/journal\/?s={search_term_string}\"},\"query-input\":\"required name=search_term_string\"}],\"inLanguage\":\"fr-FR\"},{\"@type\":\"Person\",\"@id\":\"http:\/\/labastidane.fr\/journal\/#\/schema\/person\/af75d95a9045c134ad8810c99727f4cd\",\"name\":\"La Bastidane\",\"image\":{\"@type\":\"ImageObject\",\"inLanguage\":\"fr-FR\",\"@id\":\"http:\/\/labastidane.fr\/journal\/#\/schema\/person\/image\/\",\"url\":\"https:\/\/secure.gravatar.com\/avatar\/53e4719b91c0ffc5bae88b7937a395ed0d9dd04cfb0a5b501ad69c2c044f7eeb?s=96&d=blank&r=g\",\"contentUrl\":\"https:\/\/secure.gravatar.com\/avatar\/53e4719b91c0ffc5bae88b7937a395ed0d9dd04cfb0a5b501ad69c2c044f7eeb?s=96&d=blank&r=g\",\"caption\":\"La Bastidane\"},\"sameAs\":[\"http:\/\/labastidane.fr\/journal\/\"],\"url\":\"http:\/\/labastidane.fr\/journal\/?author=1\"}]}<\/script>\n<!-- \/ Yoast SEO plugin. -->","yoast_head_json":{"title":"Exposition \u00e0 Villeneuve le Guyard (89) - La Bastidane","robots":{"index":"index","follow":"follow","max-snippet":"max-snippet:-1","max-image-preview":"max-image-preview:large","max-video-preview":"max-video-preview:-1"},"canonical":"https:\/\/labastidane.fr\/journal\/?p=3195","og_locale":"fr_FR","og_type":"article","og_title":"Exposition \u00e0 Villeneuve le Guyard (89) - La Bastidane","og_description":"Une belle id\u00e9e de sortie pour le week end prochain &#8230; Exposition de patchwork et de broderie les 25 et 26 ao\u00fbt \u00e0 Villeneuve de Guyard (89) Les Bobinettes vont pr\u00e9senteront leurs travaux au Foyer communal en face de l&rsquo;\u00e9cole de 10h \u00e0 18h, si vous y aller vous me raconterez ? \u00a0 Plus d&rsquo;information sur le blog de Jubama &nbsp; Quand \u00e0 moi je retourne \u00e0 mes rangements et \u00e0 ma r\u00e9installation &#8230; n&rsquo;oubliez pas de me rendre visite sur les 356 petits riens, en attendant de vrais articles et de vrais ouvrages.","og_url":"https:\/\/labastidane.fr\/journal\/?p=3195","og_site_name":"La Bastidane","article_published_time":"2012-08-21T06:47:44+00:00","og_image":[{"url":"http:\/\/labastidane.fr\/journal\/wp-content\/uploads\/2012\/08\/affiche-expo-001_1024-527x750.jpg"}],"author":"La Bastidane","twitter_card":"summary_large_image","twitter_misc":{"\u00c9crit par":"La Bastidane"},"schema":{"@context":"https:\/\/schema.org","@graph":[{"@type":"WebPage","@id":"https:\/\/labastidane.fr\/journal\/?p=3195","url":"https:\/\/labastidane.fr\/journal\/?p=3195","name":"Exposition \u00e0 Villeneuve le Guyard (89) - La Bastidane","isPartOf":{"@id":"http:\/\/labastidane.fr\/journal\/#website"},"datePublished":"2012-08-21T06:47:44+00:00","dateModified":"2012-08-21T06:47:44+00:00","author":{"@id":"http:\/\/labastidane.fr\/journal\/#\/schema\/person\/af75d95a9045c134ad8810c99727f4cd"},"breadcrumb":{"@id":"https:\/\/labastidane.fr\/journal\/?p=3195#breadcrumb"},"inLanguage":"fr-FR","potentialAction":[{"@type":"ReadAction","target":["https:\/\/labastidane.fr\/journal\/?p=3195"]}]},{"@type":"BreadcrumbList","@id":"https:\/\/labastidane.fr\/journal\/?p=3195#breadcrumb","itemListElement":[{"@type":"ListItem","position":1,"name":"Accueil","item":"http:\/\/labastidane.fr\/journal"},{"@type":"ListItem","position":2,"name":"Exposition \u00e0 Villeneuve le Guyard (89)"}]},{"@type":"WebSite","@id":"http:\/\/labastidane.fr\/journal\/#website","url":"http:\/\/labastidane.fr\/journal\/","name":"La Bastidane","description":"Cr\u00e9ations Improbables en Luberon","potentialAction":[{"@type":"SearchAction","target":{"@type":"EntryPoint","urlTemplate":"http:\/\/labastidane.fr\/journal\/?s={search_term_string}"},"query-input":"required name=search_term_string"}],"inLanguage":"fr-FR"},{"@type":"Person","@id":"http:\/\/labastidane.fr\/journal\/#\/schema\/person\/af75d95a9045c134ad8810c99727f4cd","name":"La Bastidane","image":{"@type":"ImageObject","inLanguage":"fr-FR","@id":"http:\/\/labastidane.fr\/journal\/#\/schema\/person\/image\/","url":"https:\/\/secure.gravatar.com\/avatar\/53e4719b91c0ffc5bae88b7937a395ed0d9dd04cfb0a5b501ad69c2c044f7eeb?s=96&d=blank&r=g","contentUrl":"https:\/\/secure.gravatar.com\/avatar\/53e4719b91c0ffc5bae88b7937a395ed0d9dd04cfb0a5b501ad69c2c044f7eeb?s=96&d=blank&r=g","caption":"La Bastidane"},"sameAs":["http:\/\/labastidane.fr\/journal\/"],"url":"http:\/\/labastidane.fr\/journal\/?author=1"}]}},"jetpack_featured_media_url":"","_links":{"self":[{"href":"http:\/\/labastidane.fr\/journal\/index.php?rest_route=\/wp\/v2\/posts\/3195","targetHints":{"allow":["GET"]}}],"collection":[{"href":"http:\/\/labastidane.fr\/journal\/index.php?rest_route=\/wp\/v2\/posts"}],"about":[{"href":"http:\/\/labastidane.fr\/journal\/index.php?rest_route=\/wp\/v2\/types\/post"}],"author":[{"embeddable":true,"href":"http:\/\/labastidane.fr\/journal\/index.php?rest_route=\/wp\/v2\/users\/1"}],"replies":[{"embeddable":true,"href":"http:\/\/labastidane.fr\/journal\/index.php?rest_route=%2Fwp%2Fv2%2Fcomments&post=3195"}],"version-history":[{"count":1,"href":"http:\/\/labastidane.fr\/journal\/index.php?rest_route=\/wp\/v2\/posts\/3195\/revisions"}],"predecessor-version":[{"id":3197,"href":"http:\/\/labastidane.fr\/journal\/index.php?rest_route=\/wp\/v2\/posts\/3195\/revisions\/3197"}],"wp:attachment":[{"href":"http:\/\/labastidane.fr\/journal\/index.php?rest_route=%2Fwp%2Fv2%2Fmedia&parent=3195"}],"wp:term":[{"taxonomy":"category","embeddable":true,"href":"http:\/\/labastidane.fr\/journal\/index.php?rest_route=%2Fwp%2Fv2%2Fcategories&post=3195"},{"taxonomy":"post_tag","embeddable":true,"href":"http:\/\/labastidane.fr\/journal\/index.php?rest_route=%2Fwp%2Fv2%2Ftags&post=3195"}],"curies":[{"name":"wp","href":"https:\/\/api.w.org\/{rel}","templated":true}]}}