{"id":3260,"date":"2012-09-26T11:08:47","date_gmt":"2012-09-26T07:08:47","guid":{"rendered":"http:\/\/labastidane.fr\/journal\/?p=3260"},"modified":"2012-10-23T09:29:03","modified_gmt":"2012-10-23T05:29:03","slug":"exposition-a-peypin-daigues-les-automnales-du-luberon","status":"publish","type":"post","link":"http:\/\/labastidane.fr\/journal\/?p=3260","title":{"rendered":"Exposition \u00e0 Peypin d&rsquo;Aigues, les Automnales du Luberon"},"content":{"rendered":"<p style=\"text-align: center;\"><img fetchpriority=\"high\" decoding=\"async\" class=\"aligncenter size-medium wp-image-3370\" title=\"DSC_0327\" src=\"http:\/\/labastidane.fr\/journal\/wp-content\/uploads\/2012\/09\/DSC_0327-800x535.jpg\" alt=\"\" width=\"800\" height=\"535\" srcset=\"http:\/\/labastidane.fr\/journal\/wp-content\/uploads\/2012\/09\/DSC_0327-800x535.jpg 800w, http:\/\/labastidane.fr\/journal\/wp-content\/uploads\/2012\/09\/DSC_0327-200x133.jpg 200w, http:\/\/labastidane.fr\/journal\/wp-content\/uploads\/2012\/09\/DSC_0327-1024x685.jpg 1024w, http:\/\/labastidane.fr\/journal\/wp-content\/uploads\/2012\/09\/DSC_0327.jpg 1600w\" sizes=\"(max-width: 800px) 100vw, 800px\" \/><img decoding=\"async\" class=\"aligncenter size-medium wp-image-3367\" title=\"DSC_0200\" src=\"http:\/\/labastidane.fr\/journal\/wp-content\/uploads\/2012\/09\/DSC_0200-800x535.jpg\" alt=\"\" width=\"800\" height=\"535\" srcset=\"http:\/\/labastidane.fr\/journal\/wp-content\/uploads\/2012\/09\/DSC_0200-800x535.jpg 800w, http:\/\/labastidane.fr\/journal\/wp-content\/uploads\/2012\/09\/DSC_0200-200x133.jpg 200w, http:\/\/labastidane.fr\/journal\/wp-content\/uploads\/2012\/09\/DSC_0200-1024x685.jpg 1024w, http:\/\/labastidane.fr\/journal\/wp-content\/uploads\/2012\/09\/DSC_0200.jpg 1600w\" sizes=\"(max-width: 800px) 100vw, 800px\" \/><img decoding=\"async\" class=\"aligncenter size-medium wp-image-3368\" title=\"DSC_0202\" src=\"http:\/\/labastidane.fr\/journal\/wp-content\/uploads\/2012\/09\/DSC_0202-535x800.jpg\" alt=\"\" width=\"535\" height=\"800\" srcset=\"http:\/\/labastidane.fr\/journal\/wp-content\/uploads\/2012\/09\/DSC_0202-535x800.jpg 535w, http:\/\/labastidane.fr\/journal\/wp-content\/uploads\/2012\/09\/DSC_0202-133x200.jpg 133w, http:\/\/labastidane.fr\/journal\/wp-content\/uploads\/2012\/09\/DSC_0202-685x1024.jpg 685w, http:\/\/labastidane.fr\/journal\/wp-content\/uploads\/2012\/09\/DSC_0202.jpg 1071w\" sizes=\"(max-width: 535px) 100vw, 535px\" \/>Je tiendrais le stand de l&rsquo;association <a title=\"Exposition \u00e0 Peypin d\u2019Aigues, les Automnales du Luberon\" href=\"http:\/\/labastidane.fr\/blog\/\">Histoires de boites \u00e0 couture<\/a> et notre exposition, vous y d\u00e9couvrirez quelques un de mes ouvrages, samedi 29 septembre \u00e0 Peypin d&rsquo;Aigues (84) de 10h00 \u00e0 19h00, je ferais des demonstrations gratuites de broderies cr\u00e9atives et rubans pour celles que \u00e7a int\u00e9ressent.<\/p>\n<p style=\"text-align: center;\">J&rsquo;aime ces rencontres autour de l&rsquo;art populaire &#8230; j&rsquo;aime \u00eatre une artiste rurale. c&rsquo;est un d\u00e9nominatif que j&rsquo;aime beaucoup &#8230; vraiment.<\/p>\n<p style=\"text-align: center;\">Et surtout, j&rsquo;insiste &#8230;. rien n&rsquo;est \u00e0 vendre.<\/p>\n<p><img loading=\"lazy\" decoding=\"async\" class=\"aligncenter  wp-image-3262\" title=\"expositionpeypin\" src=\"http:\/\/labastidane.fr\/journal\/wp-content\/uploads\/2012\/09\/expositionpeypin-556x800.jpg\" alt=\"\" width=\"267\" height=\"384\" srcset=\"http:\/\/labastidane.fr\/journal\/wp-content\/uploads\/2012\/09\/expositionpeypin-556x800.jpg 556w, http:\/\/labastidane.fr\/journal\/wp-content\/uploads\/2012\/09\/expositionpeypin-139x200.jpg 139w, http:\/\/labastidane.fr\/journal\/wp-content\/uploads\/2012\/09\/expositionpeypin.jpg 668w\" sizes=\"(max-width: 267px) 100vw, 267px\" \/><\/p>\n<p style=\"text-align: center;\">Alors peut \u00eatre \u00e0 Samedi &#8230;.<\/p>\n<p style=\"text-align: center;\"><img loading=\"lazy\" decoding=\"async\" class=\"aligncenter size-medium wp-image-3267\" title=\"tast14pourblog\" src=\"http:\/\/labastidane.fr\/journal\/wp-content\/uploads\/2012\/09\/tast14pourblog-800x566.jpg\" alt=\"\" width=\"800\" height=\"566\" srcset=\"http:\/\/labastidane.fr\/journal\/wp-content\/uploads\/2012\/09\/tast14pourblog-800x566.jpg 800w, http:\/\/labastidane.fr\/journal\/wp-content\/uploads\/2012\/09\/tast14pourblog-200x141.jpg 200w, http:\/\/labastidane.fr\/journal\/wp-content\/uploads\/2012\/09\/tast14pourblog-1024x724.jpg 1024w, http:\/\/labastidane.fr\/journal\/wp-content\/uploads\/2012\/09\/tast14pourblog.jpg 1200w\" sizes=\"(max-width: 800px) 100vw, 800px\" \/><img loading=\"lazy\" decoding=\"async\" class=\"aligncenter size-medium wp-image-3266\" title=\"tast6\" src=\"http:\/\/labastidane.fr\/journal\/wp-content\/uploads\/2012\/09\/tast6-800x566.jpg\" alt=\"\" width=\"800\" height=\"566\" srcset=\"http:\/\/labastidane.fr\/journal\/wp-content\/uploads\/2012\/09\/tast6-800x566.jpg 800w, http:\/\/labastidane.fr\/journal\/wp-content\/uploads\/2012\/09\/tast6-200x141.jpg 200w, http:\/\/labastidane.fr\/journal\/wp-content\/uploads\/2012\/09\/tast6-1024x724.jpg 1024w, http:\/\/labastidane.fr\/journal\/wp-content\/uploads\/2012\/09\/tast6.jpg 1200w\" sizes=\"(max-width: 800px) 100vw, 800px\" \/><\/p>\n<div id=\"fb-root\"><\/div>\r\n<script>(function(d, s, id) {\r\n  var js, fjs = d.getElementsByTagName(s)[0];\r\n  if (d.getElementById(id)) return;\r\n  js = d.createElement(s); js.id = id;\r\n  js.src = \"\/\/connect.facebook.net\/fr_FR\/all.js#xfbml=1\";\r\n  fjs.parentNode.insertBefore(js, fjs);\r\n}(document, \"script\", \"facebook-jssdk\"));<\/script>\r\n<fb:like href=\"http:\/\/labastidane.fr\/journal\/?p=3260\" font=\"arial\" action=\"like\" layout=\"standard\" send=\"1\" width=\"\"  colorscheme=\"light\" show_faces=\"0\"  style=\"background:#FFFFFF;padding-top:0px;\r\npadding-right:0px;\r\npadding-bottom:0px;\r\npadding-left:0px;\r\nmargin-top:0px;\r\nmargin-right:0px;\r\nmargin-bottom:0px;\r\nmargin-left:0px;\r\n\"><\/fb:like><div id=\"fb-root\"><\/div>\r\n<script>(function(d, s, id) {\r\n  var js, fjs = d.getElementsByTagName(s)[0];\r\n  if (d.getElementById(id)) return;\r\n  js = d.createElement(s); js.id = id;\r\n  js.src = \"\/\/connect.facebook.net\/en_GB\/all.js#xfbml=1\";\r\n  fjs.parentNode.insertBefore(js, fjs);\r\n}(document, \"script\", \"facebook-jssdk\"));<\/script>\r\n <fb:follow href=\"https:\/\/www.facebook.com\/bastidane\/?fref=ts\" layout=\"standard\" colorscheme=\"light\" show_faces=\"0\" font=\"arial\" width=\"\" border_color=\"#FFFFFF\" style=\"background:#FFFFFF;padding-top:0px;\r\npadding-right:0px;\r\npadding-bottom:0px;\r\npadding-left:0px;\r\nmargin-top:0px;\r\nmargin-right:0px;\r\nmargin-bottom:0px;\r\nmargin-left:0px;\r\n\"><\/fb:follow>","protected":false},"excerpt":{"rendered":"<p>Je tiendrais le stand de l&rsquo;association Histoires de boites \u00e0 couture et notre exposition, vous y d\u00e9couvrirez quelques un de mes ouvrages, samedi 29 septembre \u00e0 Peypin d&rsquo;Aigues (84) de 10h00 \u00e0 19h00, je ferais des demonstrations gratuites de broderies cr\u00e9atives et rubans pour celles que \u00e7a int\u00e9ressent. J&rsquo;aime ces rencontres autour de l&rsquo;art populaire &#8230; j&rsquo;aime \u00eatre une artiste rurale. c&rsquo;est un d\u00e9nominatif que j&rsquo;aime beaucoup &#8230; vraiment. Et surtout, j&rsquo;insiste &#8230;. rien n&rsquo;est \u00e0 vendre. Alors peut \u00eatre \u00e0 Samedi &#8230;.<\/p>\n","protected":false},"author":1,"featured_media":0,"comment_status":"open","ping_status":"open","sticky":false,"template":"","format":"standard","meta":{"_exactmetrics_skip_tracking":false,"_exactmetrics_sitenote_active":false,"_exactmetrics_sitenote_note":"","_exactmetrics_sitenote_category":0,"footnotes":""},"categories":[3],"tags":[100,5],"class_list":["post-3260","post","type-post","status-publish","format-standard","hentry","category-augusta","tag-exposition","tag-la-bastidane"],"yoast_head":"<!-- This site is optimized with the Yoast SEO plugin v20.0 - https:\/\/yoast.com\/wordpress\/plugins\/seo\/ -->\n<title>Exposition \u00e0 Peypin d&#039;Aigues, les Automnales du Luberon - La Bastidane<\/title>\n<meta name=\"robots\" content=\"index, follow, max-snippet:-1, max-image-preview:large, max-video-preview:-1\" \/>\n<link rel=\"canonical\" href=\"http:\/\/labastidane.fr\/journal\/?p=3260\" \/>\n<meta property=\"og:locale\" content=\"fr_FR\" \/>\n<meta property=\"og:type\" content=\"article\" \/>\n<meta property=\"og:title\" content=\"Exposition \u00e0 Peypin d&#039;Aigues, les Automnales du Luberon - La Bastidane\" \/>\n<meta property=\"og:description\" content=\"Je tiendrais le stand de l&rsquo;association Histoires de boites \u00e0 couture et notre exposition, vous y d\u00e9couvrirez quelques un de mes ouvrages, samedi 29 septembre \u00e0 Peypin d&rsquo;Aigues (84) de 10h00 \u00e0 19h00, je ferais des demonstrations gratuites de broderies cr\u00e9atives et rubans pour celles que \u00e7a int\u00e9ressent. J&rsquo;aime ces rencontres autour de l&rsquo;art populaire &#8230; j&rsquo;aime \u00eatre une artiste rurale. c&rsquo;est un d\u00e9nominatif que j&rsquo;aime beaucoup &#8230; vraiment. Et surtout, j&rsquo;insiste &#8230;. rien n&rsquo;est \u00e0 vendre. Alors peut \u00eatre \u00e0 Samedi &#8230;.\" \/>\n<meta property=\"og:url\" content=\"http:\/\/labastidane.fr\/journal\/?p=3260\" \/>\n<meta property=\"og:site_name\" content=\"La Bastidane\" \/>\n<meta property=\"article:published_time\" content=\"2012-09-26T07:08:47+00:00\" \/>\n<meta property=\"article:modified_time\" content=\"2012-10-23T05:29:03+00:00\" \/>\n<meta property=\"og:image\" content=\"http:\/\/labastidane.fr\/journal\/wp-content\/uploads\/2012\/09\/DSC_0327-800x535.jpg\" \/>\n<meta name=\"author\" content=\"La Bastidane\" \/>\n<meta name=\"twitter:card\" content=\"summary_large_image\" \/>\n<meta name=\"twitter:label1\" content=\"\u00c9crit par\" \/>\n\t<meta name=\"twitter:data1\" content=\"La Bastidane\" \/>\n<script type=\"application\/ld+json\" class=\"yoast-schema-graph\">{\"@context\":\"https:\/\/schema.org\",\"@graph\":[{\"@type\":\"WebPage\",\"@id\":\"http:\/\/labastidane.fr\/journal\/?p=3260\",\"url\":\"http:\/\/labastidane.fr\/journal\/?p=3260\",\"name\":\"Exposition \u00e0 Peypin d'Aigues, les Automnales du Luberon - La Bastidane\",\"isPartOf\":{\"@id\":\"https:\/\/labastidane.fr\/journal\/#website\"},\"datePublished\":\"2012-09-26T07:08:47+00:00\",\"dateModified\":\"2012-10-23T05:29:03+00:00\",\"author\":{\"@id\":\"https:\/\/labastidane.fr\/journal\/#\/schema\/person\/af75d95a9045c134ad8810c99727f4cd\"},\"breadcrumb\":{\"@id\":\"http:\/\/labastidane.fr\/journal\/?p=3260#breadcrumb\"},\"inLanguage\":\"fr-FR\",\"potentialAction\":[{\"@type\":\"ReadAction\",\"target\":[\"http:\/\/labastidane.fr\/journal\/?p=3260\"]}]},{\"@type\":\"BreadcrumbList\",\"@id\":\"http:\/\/labastidane.fr\/journal\/?p=3260#breadcrumb\",\"itemListElement\":[{\"@type\":\"ListItem\",\"position\":1,\"name\":\"Accueil\",\"item\":\"https:\/\/labastidane.fr\/journal\"},{\"@type\":\"ListItem\",\"position\":2,\"name\":\"Exposition \u00e0 Peypin d&rsquo;Aigues, les Automnales du Luberon\"}]},{\"@type\":\"WebSite\",\"@id\":\"https:\/\/labastidane.fr\/journal\/#website\",\"url\":\"https:\/\/labastidane.fr\/journal\/\",\"name\":\"La Bastidane\",\"description\":\"Cr\u00e9ations Improbables en Luberon\",\"potentialAction\":[{\"@type\":\"SearchAction\",\"target\":{\"@type\":\"EntryPoint\",\"urlTemplate\":\"https:\/\/labastidane.fr\/journal\/?s={search_term_string}\"},\"query-input\":\"required name=search_term_string\"}],\"inLanguage\":\"fr-FR\"},{\"@type\":\"Person\",\"@id\":\"https:\/\/labastidane.fr\/journal\/#\/schema\/person\/af75d95a9045c134ad8810c99727f4cd\",\"name\":\"La Bastidane\",\"image\":{\"@type\":\"ImageObject\",\"inLanguage\":\"fr-FR\",\"@id\":\"https:\/\/labastidane.fr\/journal\/#\/schema\/person\/image\/\",\"url\":\"https:\/\/secure.gravatar.com\/avatar\/53e4719b91c0ffc5bae88b7937a395ed0d9dd04cfb0a5b501ad69c2c044f7eeb?s=96&d=blank&r=g\",\"contentUrl\":\"https:\/\/secure.gravatar.com\/avatar\/53e4719b91c0ffc5bae88b7937a395ed0d9dd04cfb0a5b501ad69c2c044f7eeb?s=96&d=blank&r=g\",\"caption\":\"La Bastidane\"},\"sameAs\":[\"http:\/\/labastidane.fr\/journal\/\"],\"url\":\"http:\/\/labastidane.fr\/journal\/?author=1\"}]}<\/script>\n<!-- \/ Yoast SEO plugin. -->","yoast_head_json":{"title":"Exposition \u00e0 Peypin d'Aigues, les Automnales du Luberon - La Bastidane","robots":{"index":"index","follow":"follow","max-snippet":"max-snippet:-1","max-image-preview":"max-image-preview:large","max-video-preview":"max-video-preview:-1"},"canonical":"http:\/\/labastidane.fr\/journal\/?p=3260","og_locale":"fr_FR","og_type":"article","og_title":"Exposition \u00e0 Peypin d'Aigues, les Automnales du Luberon - La Bastidane","og_description":"Je tiendrais le stand de l&rsquo;association Histoires de boites \u00e0 couture et notre exposition, vous y d\u00e9couvrirez quelques un de mes ouvrages, samedi 29 septembre \u00e0 Peypin d&rsquo;Aigues (84) de 10h00 \u00e0 19h00, je ferais des demonstrations gratuites de broderies cr\u00e9atives et rubans pour celles que \u00e7a int\u00e9ressent. J&rsquo;aime ces rencontres autour de l&rsquo;art populaire &#8230; j&rsquo;aime \u00eatre une artiste rurale. c&rsquo;est un d\u00e9nominatif que j&rsquo;aime beaucoup &#8230; vraiment. Et surtout, j&rsquo;insiste &#8230;. rien n&rsquo;est \u00e0 vendre. Alors peut \u00eatre \u00e0 Samedi &#8230;.","og_url":"http:\/\/labastidane.fr\/journal\/?p=3260","og_site_name":"La Bastidane","article_published_time":"2012-09-26T07:08:47+00:00","article_modified_time":"2012-10-23T05:29:03+00:00","og_image":[{"url":"http:\/\/labastidane.fr\/journal\/wp-content\/uploads\/2012\/09\/DSC_0327-800x535.jpg"}],"author":"La Bastidane","twitter_card":"summary_large_image","twitter_misc":{"\u00c9crit par":"La Bastidane"},"schema":{"@context":"https:\/\/schema.org","@graph":[{"@type":"WebPage","@id":"http:\/\/labastidane.fr\/journal\/?p=3260","url":"http:\/\/labastidane.fr\/journal\/?p=3260","name":"Exposition \u00e0 Peypin d'Aigues, les Automnales du Luberon - La Bastidane","isPartOf":{"@id":"https:\/\/labastidane.fr\/journal\/#website"},"datePublished":"2012-09-26T07:08:47+00:00","dateModified":"2012-10-23T05:29:03+00:00","author":{"@id":"https:\/\/labastidane.fr\/journal\/#\/schema\/person\/af75d95a9045c134ad8810c99727f4cd"},"breadcrumb":{"@id":"http:\/\/labastidane.fr\/journal\/?p=3260#breadcrumb"},"inLanguage":"fr-FR","potentialAction":[{"@type":"ReadAction","target":["http:\/\/labastidane.fr\/journal\/?p=3260"]}]},{"@type":"BreadcrumbList","@id":"http:\/\/labastidane.fr\/journal\/?p=3260#breadcrumb","itemListElement":[{"@type":"ListItem","position":1,"name":"Accueil","item":"https:\/\/labastidane.fr\/journal"},{"@type":"ListItem","position":2,"name":"Exposition \u00e0 Peypin d&rsquo;Aigues, les Automnales du Luberon"}]},{"@type":"WebSite","@id":"https:\/\/labastidane.fr\/journal\/#website","url":"https:\/\/labastidane.fr\/journal\/","name":"La Bastidane","description":"Cr\u00e9ations Improbables en Luberon","potentialAction":[{"@type":"SearchAction","target":{"@type":"EntryPoint","urlTemplate":"https:\/\/labastidane.fr\/journal\/?s={search_term_string}"},"query-input":"required name=search_term_string"}],"inLanguage":"fr-FR"},{"@type":"Person","@id":"https:\/\/labastidane.fr\/journal\/#\/schema\/person\/af75d95a9045c134ad8810c99727f4cd","name":"La Bastidane","image":{"@type":"ImageObject","inLanguage":"fr-FR","@id":"https:\/\/labastidane.fr\/journal\/#\/schema\/person\/image\/","url":"https:\/\/secure.gravatar.com\/avatar\/53e4719b91c0ffc5bae88b7937a395ed0d9dd04cfb0a5b501ad69c2c044f7eeb?s=96&d=blank&r=g","contentUrl":"https:\/\/secure.gravatar.com\/avatar\/53e4719b91c0ffc5bae88b7937a395ed0d9dd04cfb0a5b501ad69c2c044f7eeb?s=96&d=blank&r=g","caption":"La Bastidane"},"sameAs":["http:\/\/labastidane.fr\/journal\/"],"url":"http:\/\/labastidane.fr\/journal\/?author=1"}]}},"jetpack_featured_media_url":"","_links":{"self":[{"href":"http:\/\/labastidane.fr\/journal\/index.php?rest_route=\/wp\/v2\/posts\/3260","targetHints":{"allow":["GET"]}}],"collection":[{"href":"http:\/\/labastidane.fr\/journal\/index.php?rest_route=\/wp\/v2\/posts"}],"about":[{"href":"http:\/\/labastidane.fr\/journal\/index.php?rest_route=\/wp\/v2\/types\/post"}],"author":[{"embeddable":true,"href":"http:\/\/labastidane.fr\/journal\/index.php?rest_route=\/wp\/v2\/users\/1"}],"replies":[{"embeddable":true,"href":"http:\/\/labastidane.fr\/journal\/index.php?rest_route=%2Fwp%2Fv2%2Fcomments&post=3260"}],"version-history":[{"count":14,"href":"http:\/\/labastidane.fr\/journal\/index.php?rest_route=\/wp\/v2\/posts\/3260\/revisions"}],"predecessor-version":[{"id":3373,"href":"http:\/\/labastidane.fr\/journal\/index.php?rest_route=\/wp\/v2\/posts\/3260\/revisions\/3373"}],"wp:attachment":[{"href":"http:\/\/labastidane.fr\/journal\/index.php?rest_route=%2Fwp%2Fv2%2Fmedia&parent=3260"}],"wp:term":[{"taxonomy":"category","embeddable":true,"href":"http:\/\/labastidane.fr\/journal\/index.php?rest_route=%2Fwp%2Fv2%2Fcategories&post=3260"},{"taxonomy":"post_tag","embeddable":true,"href":"http:\/\/labastidane.fr\/journal\/index.php?rest_route=%2Fwp%2Fv2%2Ftags&post=3260"}],"curies":[{"name":"wp","href":"https:\/\/api.w.org\/{rel}","templated":true}]}}