{"id":3377,"date":"2012-10-23T15:13:31","date_gmt":"2012-10-23T11:13:31","guid":{"rendered":"http:\/\/labastidane.fr\/journal\/?p=3377"},"modified":"2012-10-23T15:40:59","modified_gmt":"2012-10-23T11:40:59","slug":"envie-de-rouge-et-de-courir-les-salons-de-broderie","status":"publish","type":"post","link":"http:\/\/labastidane.fr\/journal\/?p=3377","title":{"rendered":"Envie de rouge &#8230;. et de courir les salons de broderie &#8230;."},"content":{"rendered":"<p style=\"text-align: center;\"><img fetchpriority=\"high\" decoding=\"async\" class=\"aligncenter size-medium wp-image-3388\" title=\"kaki\" src=\"http:\/\/labastidane.fr\/journal\/wp-content\/uploads\/2012\/10\/kaki-800x500.jpg\" alt=\"\" width=\"800\" height=\"500\" srcset=\"http:\/\/labastidane.fr\/journal\/wp-content\/uploads\/2012\/10\/kaki-800x500.jpg 800w, http:\/\/labastidane.fr\/journal\/wp-content\/uploads\/2012\/10\/kaki-200x125.jpg 200w, http:\/\/labastidane.fr\/journal\/wp-content\/uploads\/2012\/10\/kaki-1024x640.jpg 1024w, http:\/\/labastidane.fr\/journal\/wp-content\/uploads\/2012\/10\/kaki.jpg 1600w\" sizes=\"(max-width: 800px) 100vw, 800px\" \/><img decoding=\"async\" class=\"aligncenter size-medium wp-image-3380\" title=\"rougedentelle\" src=\"http:\/\/labastidane.fr\/journal\/wp-content\/uploads\/2012\/10\/R\u00e9cemment-mis-\u00e0-jour19-800x500.jpg\" alt=\"\" width=\"800\" height=\"500\" srcset=\"http:\/\/labastidane.fr\/journal\/wp-content\/uploads\/2012\/10\/R\u00e9cemment-mis-\u00e0-jour19-800x500.jpg 800w, http:\/\/labastidane.fr\/journal\/wp-content\/uploads\/2012\/10\/R\u00e9cemment-mis-\u00e0-jour19-200x125.jpg 200w, http:\/\/labastidane.fr\/journal\/wp-content\/uploads\/2012\/10\/R\u00e9cemment-mis-\u00e0-jour19-1024x640.jpg 1024w, http:\/\/labastidane.fr\/journal\/wp-content\/uploads\/2012\/10\/R\u00e9cemment-mis-\u00e0-jour19.jpg 1600w\" sizes=\"(max-width: 800px) 100vw, 800px\" \/>Garder la couleur des fruits de l&rsquo;\u00e9t\u00e9,<\/p>\n<p style=\"text-align: center;\"><img decoding=\"async\" class=\"aligncenter size-medium wp-image-3379\" title=\"rougecerise\" src=\"http:\/\/labastidane.fr\/journal\/wp-content\/uploads\/2012\/10\/lagnesessai-800x500.jpg\" alt=\"\" width=\"800\" height=\"500\" srcset=\"http:\/\/labastidane.fr\/journal\/wp-content\/uploads\/2012\/10\/lagnesessai-800x500.jpg 800w, http:\/\/labastidane.fr\/journal\/wp-content\/uploads\/2012\/10\/lagnesessai-200x125.jpg 200w, http:\/\/labastidane.fr\/journal\/wp-content\/uploads\/2012\/10\/lagnesessai-1024x640.jpg 1024w, http:\/\/labastidane.fr\/journal\/wp-content\/uploads\/2012\/10\/lagnesessai.jpg 1600w\" sizes=\"(max-width: 800px) 100vw, 800px\" \/>le jus de cerises, et la gel\u00e9e de pomme &#8230;<\/p>\n<p style=\"text-align: center;\"><img loading=\"lazy\" decoding=\"async\" class=\"aligncenter size-medium wp-image-3378\" title=\"rougeredwork\" src=\"http:\/\/labastidane.fr\/journal\/wp-content\/uploads\/2012\/10\/concours-lagnes1-800x500.jpg\" alt=\"\" width=\"800\" height=\"500\" srcset=\"http:\/\/labastidane.fr\/journal\/wp-content\/uploads\/2012\/10\/concours-lagnes1-800x500.jpg 800w, http:\/\/labastidane.fr\/journal\/wp-content\/uploads\/2012\/10\/concours-lagnes1-200x125.jpg 200w, http:\/\/labastidane.fr\/journal\/wp-content\/uploads\/2012\/10\/concours-lagnes1-1024x640.jpg 1024w, http:\/\/labastidane.fr\/journal\/wp-content\/uploads\/2012\/10\/concours-lagnes1.jpg 1600w\" sizes=\"(max-width: 800px) 100vw, 800px\" \/><\/p>\n<p style=\"text-align: center;\">Broder tout doucement &#8230;. en pensant \u00e0 l&rsquo;hiver<\/p>\n<p style=\"text-align: center;\"><img loading=\"lazy\" decoding=\"async\" class=\"aligncenter size-medium wp-image-3381\" title=\"R\u00e9cemment mis \u00e0 jour20\" src=\"http:\/\/labastidane.fr\/journal\/wp-content\/uploads\/2012\/10\/R\u00e9cemment-mis-\u00e0-jour20-800x500.jpg\" alt=\"\" width=\"800\" height=\"500\" srcset=\"http:\/\/labastidane.fr\/journal\/wp-content\/uploads\/2012\/10\/R\u00e9cemment-mis-\u00e0-jour20-800x500.jpg 800w, http:\/\/labastidane.fr\/journal\/wp-content\/uploads\/2012\/10\/R\u00e9cemment-mis-\u00e0-jour20-200x125.jpg 200w, http:\/\/labastidane.fr\/journal\/wp-content\/uploads\/2012\/10\/R\u00e9cemment-mis-\u00e0-jour20-1024x640.jpg 1024w, http:\/\/labastidane.fr\/journal\/wp-content\/uploads\/2012\/10\/R\u00e9cemment-mis-\u00e0-jour20.jpg 1600w\" sizes=\"(max-width: 800px) 100vw, 800px\" \/><\/p>\n<p style=\"text-align: center;\">recommencer \u00e0 cuisiner &#8230;<\/p>\n<p style=\"text-align: center;\"><img loading=\"lazy\" decoding=\"async\" class=\"aligncenter size-medium wp-image-3383\" title=\"DSC_0341\" src=\"http:\/\/labastidane.fr\/journal\/wp-content\/uploads\/2012\/10\/DSC_0341-800x535.jpg\" alt=\"\" width=\"800\" height=\"535\" srcset=\"http:\/\/labastidane.fr\/journal\/wp-content\/uploads\/2012\/10\/DSC_0341-800x535.jpg 800w, http:\/\/labastidane.fr\/journal\/wp-content\/uploads\/2012\/10\/DSC_0341-200x133.jpg 200w, http:\/\/labastidane.fr\/journal\/wp-content\/uploads\/2012\/10\/DSC_0341-1024x685.jpg 1024w, http:\/\/labastidane.fr\/journal\/wp-content\/uploads\/2012\/10\/DSC_0341.jpg 1600w\" sizes=\"(max-width: 800px) 100vw, 800px\" \/><\/p>\n<p style=\"text-align: center;\">Et dans cet automne indien, o\u00f9 la chaleur tardive fait place aux orages le soir, s&rsquo;inspirer du sourire de <a href=\"https:\/\/www.facebook.com\/patouetdespoussieres.greef?fref=ts\">Patou,<\/a> rire aux \u00e9clats de la vie qui malgr\u00e9 tout nous fait des cadeaux, la rencontrer durant le Salon des Arts du fils les 26 27 et 28 octobre \u00e0 la Valette du Var, s&rsquo;inscrire pour une d\u00e9monstration de broderie avec elle<\/p>\n<p style=\"text-align: center;\">\u00a0<a href=\"http:\/\/leweekendcreatifdelavaletteduvar.over-blog.com\">c&rsquo;est ici .<\/a>&#8230;<\/p>\n<p style=\"text-align: center;\">et surtout d\u00e9couvrir son travail<\/p>\n<p style=\"text-align: center;\"><a href=\"http:\/\/patouetdespoussieres.over-blog.fr\">Patou et des Poussi\u00e8res<\/a><\/p>\n<p style=\"text-align: center;\"><a href=\"http:\/\/labastidane.fr\/petitsriens\/?p=7283\"><img loading=\"lazy\" decoding=\"async\" class=\"aligncenter size-medium wp-image-3382\" title=\"DSC_0339\" src=\"http:\/\/labastidane.fr\/journal\/wp-content\/uploads\/2012\/10\/DSC_0339-535x800.jpg\" alt=\"\" width=\"535\" height=\"800\" srcset=\"http:\/\/labastidane.fr\/journal\/wp-content\/uploads\/2012\/10\/DSC_0339-535x800.jpg 535w, http:\/\/labastidane.fr\/journal\/wp-content\/uploads\/2012\/10\/DSC_0339-133x200.jpg 133w, http:\/\/labastidane.fr\/journal\/wp-content\/uploads\/2012\/10\/DSC_0339-685x1024.jpg 685w, http:\/\/labastidane.fr\/journal\/wp-content\/uploads\/2012\/10\/DSC_0339.jpg 1071w\" sizes=\"(max-width: 535px) 100vw, 535px\" \/><\/a><\/p>\n<div id=\"fb-root\"><\/div>\r\n<script>(function(d, s, id) {\r\n  var js, fjs = d.getElementsByTagName(s)[0];\r\n  if (d.getElementById(id)) return;\r\n  js = d.createElement(s); js.id = id;\r\n  js.src = \"\/\/connect.facebook.net\/fr_FR\/all.js#xfbml=1\";\r\n  fjs.parentNode.insertBefore(js, fjs);\r\n}(document, \"script\", \"facebook-jssdk\"));<\/script>\r\n<fb:like href=\"http:\/\/labastidane.fr\/journal\/?p=3377\" font=\"arial\" action=\"like\" layout=\"standard\" send=\"1\" width=\"\"  colorscheme=\"light\" show_faces=\"0\"  style=\"background:#FFFFFF;padding-top:0px;\r\npadding-right:0px;\r\npadding-bottom:0px;\r\npadding-left:0px;\r\nmargin-top:0px;\r\nmargin-right:0px;\r\nmargin-bottom:0px;\r\nmargin-left:0px;\r\n\"><\/fb:like><div id=\"fb-root\"><\/div>\r\n<script>(function(d, s, id) {\r\n  var js, fjs = d.getElementsByTagName(s)[0];\r\n  if (d.getElementById(id)) return;\r\n  js = d.createElement(s); js.id = id;\r\n  js.src = \"\/\/connect.facebook.net\/en_GB\/all.js#xfbml=1\";\r\n  fjs.parentNode.insertBefore(js, fjs);\r\n}(document, \"script\", \"facebook-jssdk\"));<\/script>\r\n <fb:follow href=\"https:\/\/www.facebook.com\/bastidane\/?fref=ts\" layout=\"standard\" colorscheme=\"light\" show_faces=\"0\" font=\"arial\" width=\"\" border_color=\"#FFFFFF\" style=\"background:#FFFFFF;padding-top:0px;\r\npadding-right:0px;\r\npadding-bottom:0px;\r\npadding-left:0px;\r\nmargin-top:0px;\r\nmargin-right:0px;\r\nmargin-bottom:0px;\r\nmargin-left:0px;\r\n\"><\/fb:follow>","protected":false},"excerpt":{"rendered":"<p>Garder la couleur des fruits de l&rsquo;\u00e9t\u00e9, le jus de cerises, et la gel\u00e9e de pomme &#8230; Broder tout doucement &#8230;. en pensant \u00e0 l&rsquo;hiver recommencer \u00e0 cuisiner &#8230; Et dans cet automne indien, o\u00f9 la chaleur tardive fait place aux orages le soir, s&rsquo;inspirer du sourire de Patou, rire aux \u00e9clats de la vie qui malgr\u00e9 tout nous fait des cadeaux, la rencontrer durant le Salon des Arts du fils les 26 27 et 28 octobre \u00e0 la Valette du Var, s&rsquo;inscrire pour une d\u00e9monstration de broderie avec elle \u00a0c&rsquo;est ici .&#8230; et surtout d\u00e9couvrir son travail Patou et des Poussi\u00e8res<\/p>\n","protected":false},"author":1,"featured_media":0,"comment_status":"open","ping_status":"open","sticky":false,"template":"","format":"standard","meta":{"_exactmetrics_skip_tracking":false,"_exactmetrics_sitenote_active":false,"_exactmetrics_sitenote_note":"","_exactmetrics_sitenote_category":0,"footnotes":""},"categories":[47,67,37],"tags":[43,100],"class_list":["post-3377","post","type-post","status-publish","format-standard","hentry","category-au-fil-de-la-toile","category-decouvrir-un-artiste","category-exposition","tag-a-decouvrir","tag-exposition"],"yoast_head":"<!-- This site is optimized with the Yoast SEO plugin v20.0 - https:\/\/yoast.com\/wordpress\/plugins\/seo\/ -->\n<title>Envie de rouge .... et de courir les salons de broderie .... - La Bastidane<\/title>\n<meta name=\"robots\" content=\"index, follow, max-snippet:-1, max-image-preview:large, max-video-preview:-1\" \/>\n<link rel=\"canonical\" href=\"https:\/\/labastidane.fr\/journal\/?p=3377\" \/>\n<meta property=\"og:locale\" content=\"fr_FR\" \/>\n<meta property=\"og:type\" content=\"article\" \/>\n<meta property=\"og:title\" content=\"Envie de rouge .... et de courir les salons de broderie .... - La Bastidane\" \/>\n<meta property=\"og:description\" content=\"Garder la couleur des fruits de l&rsquo;\u00e9t\u00e9, le jus de cerises, et la gel\u00e9e de pomme &#8230; Broder tout doucement &#8230;. en pensant \u00e0 l&rsquo;hiver recommencer \u00e0 cuisiner &#8230; Et dans cet automne indien, o\u00f9 la chaleur tardive fait place aux orages le soir, s&rsquo;inspirer du sourire de Patou, rire aux \u00e9clats de la vie qui malgr\u00e9 tout nous fait des cadeaux, la rencontrer durant le Salon des Arts du fils les 26 27 et 28 octobre \u00e0 la Valette du Var, s&rsquo;inscrire pour une d\u00e9monstration de broderie avec elle \u00a0c&rsquo;est ici .&#8230; et surtout d\u00e9couvrir son travail Patou et des Poussi\u00e8res\" \/>\n<meta property=\"og:url\" content=\"https:\/\/labastidane.fr\/journal\/?p=3377\" \/>\n<meta property=\"og:site_name\" content=\"La Bastidane\" \/>\n<meta property=\"article:published_time\" content=\"2012-10-23T11:13:31+00:00\" \/>\n<meta property=\"article:modified_time\" content=\"2012-10-23T11:40:59+00:00\" \/>\n<meta property=\"og:image\" content=\"http:\/\/labastidane.fr\/journal\/wp-content\/uploads\/2012\/10\/kaki-800x500.jpg\" \/>\n<meta name=\"author\" content=\"La Bastidane\" \/>\n<meta name=\"twitter:card\" content=\"summary_large_image\" \/>\n<meta name=\"twitter:label1\" content=\"\u00c9crit par\" \/>\n\t<meta name=\"twitter:data1\" content=\"La Bastidane\" \/>\n<script type=\"application\/ld+json\" class=\"yoast-schema-graph\">{\"@context\":\"https:\/\/schema.org\",\"@graph\":[{\"@type\":\"WebPage\",\"@id\":\"https:\/\/labastidane.fr\/journal\/?p=3377\",\"url\":\"https:\/\/labastidane.fr\/journal\/?p=3377\",\"name\":\"Envie de rouge .... et de courir les salons de broderie .... - La Bastidane\",\"isPartOf\":{\"@id\":\"http:\/\/labastidane.fr\/journal\/#website\"},\"datePublished\":\"2012-10-23T11:13:31+00:00\",\"dateModified\":\"2012-10-23T11:40:59+00:00\",\"author\":{\"@id\":\"http:\/\/labastidane.fr\/journal\/#\/schema\/person\/af75d95a9045c134ad8810c99727f4cd\"},\"breadcrumb\":{\"@id\":\"https:\/\/labastidane.fr\/journal\/?p=3377#breadcrumb\"},\"inLanguage\":\"fr-FR\",\"potentialAction\":[{\"@type\":\"ReadAction\",\"target\":[\"https:\/\/labastidane.fr\/journal\/?p=3377\"]}]},{\"@type\":\"BreadcrumbList\",\"@id\":\"https:\/\/labastidane.fr\/journal\/?p=3377#breadcrumb\",\"itemListElement\":[{\"@type\":\"ListItem\",\"position\":1,\"name\":\"Accueil\",\"item\":\"http:\/\/labastidane.fr\/journal\"},{\"@type\":\"ListItem\",\"position\":2,\"name\":\"Envie de rouge &#8230;. et de courir les salons de broderie &#8230;.\"}]},{\"@type\":\"WebSite\",\"@id\":\"http:\/\/labastidane.fr\/journal\/#website\",\"url\":\"http:\/\/labastidane.fr\/journal\/\",\"name\":\"La Bastidane\",\"description\":\"Cr\u00e9ations Improbables en Luberon\",\"potentialAction\":[{\"@type\":\"SearchAction\",\"target\":{\"@type\":\"EntryPoint\",\"urlTemplate\":\"http:\/\/labastidane.fr\/journal\/?s={search_term_string}\"},\"query-input\":\"required name=search_term_string\"}],\"inLanguage\":\"fr-FR\"},{\"@type\":\"Person\",\"@id\":\"http:\/\/labastidane.fr\/journal\/#\/schema\/person\/af75d95a9045c134ad8810c99727f4cd\",\"name\":\"La Bastidane\",\"image\":{\"@type\":\"ImageObject\",\"inLanguage\":\"fr-FR\",\"@id\":\"http:\/\/labastidane.fr\/journal\/#\/schema\/person\/image\/\",\"url\":\"https:\/\/secure.gravatar.com\/avatar\/53e4719b91c0ffc5bae88b7937a395ed0d9dd04cfb0a5b501ad69c2c044f7eeb?s=96&d=blank&r=g\",\"contentUrl\":\"https:\/\/secure.gravatar.com\/avatar\/53e4719b91c0ffc5bae88b7937a395ed0d9dd04cfb0a5b501ad69c2c044f7eeb?s=96&d=blank&r=g\",\"caption\":\"La Bastidane\"},\"sameAs\":[\"http:\/\/labastidane.fr\/journal\/\"],\"url\":\"http:\/\/labastidane.fr\/journal\/?author=1\"}]}<\/script>\n<!-- \/ Yoast SEO plugin. -->","yoast_head_json":{"title":"Envie de rouge .... et de courir les salons de broderie .... - La Bastidane","robots":{"index":"index","follow":"follow","max-snippet":"max-snippet:-1","max-image-preview":"max-image-preview:large","max-video-preview":"max-video-preview:-1"},"canonical":"https:\/\/labastidane.fr\/journal\/?p=3377","og_locale":"fr_FR","og_type":"article","og_title":"Envie de rouge .... et de courir les salons de broderie .... - La Bastidane","og_description":"Garder la couleur des fruits de l&rsquo;\u00e9t\u00e9, le jus de cerises, et la gel\u00e9e de pomme &#8230; Broder tout doucement &#8230;. en pensant \u00e0 l&rsquo;hiver recommencer \u00e0 cuisiner &#8230; Et dans cet automne indien, o\u00f9 la chaleur tardive fait place aux orages le soir, s&rsquo;inspirer du sourire de Patou, rire aux \u00e9clats de la vie qui malgr\u00e9 tout nous fait des cadeaux, la rencontrer durant le Salon des Arts du fils les 26 27 et 28 octobre \u00e0 la Valette du Var, s&rsquo;inscrire pour une d\u00e9monstration de broderie avec elle \u00a0c&rsquo;est ici .&#8230; et surtout d\u00e9couvrir son travail Patou et des Poussi\u00e8res","og_url":"https:\/\/labastidane.fr\/journal\/?p=3377","og_site_name":"La Bastidane","article_published_time":"2012-10-23T11:13:31+00:00","article_modified_time":"2012-10-23T11:40:59+00:00","og_image":[{"url":"http:\/\/labastidane.fr\/journal\/wp-content\/uploads\/2012\/10\/kaki-800x500.jpg"}],"author":"La Bastidane","twitter_card":"summary_large_image","twitter_misc":{"\u00c9crit par":"La Bastidane"},"schema":{"@context":"https:\/\/schema.org","@graph":[{"@type":"WebPage","@id":"https:\/\/labastidane.fr\/journal\/?p=3377","url":"https:\/\/labastidane.fr\/journal\/?p=3377","name":"Envie de rouge .... et de courir les salons de broderie .... - La Bastidane","isPartOf":{"@id":"http:\/\/labastidane.fr\/journal\/#website"},"datePublished":"2012-10-23T11:13:31+00:00","dateModified":"2012-10-23T11:40:59+00:00","author":{"@id":"http:\/\/labastidane.fr\/journal\/#\/schema\/person\/af75d95a9045c134ad8810c99727f4cd"},"breadcrumb":{"@id":"https:\/\/labastidane.fr\/journal\/?p=3377#breadcrumb"},"inLanguage":"fr-FR","potentialAction":[{"@type":"ReadAction","target":["https:\/\/labastidane.fr\/journal\/?p=3377"]}]},{"@type":"BreadcrumbList","@id":"https:\/\/labastidane.fr\/journal\/?p=3377#breadcrumb","itemListElement":[{"@type":"ListItem","position":1,"name":"Accueil","item":"http:\/\/labastidane.fr\/journal"},{"@type":"ListItem","position":2,"name":"Envie de rouge &#8230;. et de courir les salons de broderie &#8230;."}]},{"@type":"WebSite","@id":"http:\/\/labastidane.fr\/journal\/#website","url":"http:\/\/labastidane.fr\/journal\/","name":"La Bastidane","description":"Cr\u00e9ations Improbables en Luberon","potentialAction":[{"@type":"SearchAction","target":{"@type":"EntryPoint","urlTemplate":"http:\/\/labastidane.fr\/journal\/?s={search_term_string}"},"query-input":"required name=search_term_string"}],"inLanguage":"fr-FR"},{"@type":"Person","@id":"http:\/\/labastidane.fr\/journal\/#\/schema\/person\/af75d95a9045c134ad8810c99727f4cd","name":"La Bastidane","image":{"@type":"ImageObject","inLanguage":"fr-FR","@id":"http:\/\/labastidane.fr\/journal\/#\/schema\/person\/image\/","url":"https:\/\/secure.gravatar.com\/avatar\/53e4719b91c0ffc5bae88b7937a395ed0d9dd04cfb0a5b501ad69c2c044f7eeb?s=96&d=blank&r=g","contentUrl":"https:\/\/secure.gravatar.com\/avatar\/53e4719b91c0ffc5bae88b7937a395ed0d9dd04cfb0a5b501ad69c2c044f7eeb?s=96&d=blank&r=g","caption":"La Bastidane"},"sameAs":["http:\/\/labastidane.fr\/journal\/"],"url":"http:\/\/labastidane.fr\/journal\/?author=1"}]}},"jetpack_featured_media_url":"","_links":{"self":[{"href":"http:\/\/labastidane.fr\/journal\/index.php?rest_route=\/wp\/v2\/posts\/3377","targetHints":{"allow":["GET"]}}],"collection":[{"href":"http:\/\/labastidane.fr\/journal\/index.php?rest_route=\/wp\/v2\/posts"}],"about":[{"href":"http:\/\/labastidane.fr\/journal\/index.php?rest_route=\/wp\/v2\/types\/post"}],"author":[{"embeddable":true,"href":"http:\/\/labastidane.fr\/journal\/index.php?rest_route=\/wp\/v2\/users\/1"}],"replies":[{"embeddable":true,"href":"http:\/\/labastidane.fr\/journal\/index.php?rest_route=%2Fwp%2Fv2%2Fcomments&post=3377"}],"version-history":[{"count":6,"href":"http:\/\/labastidane.fr\/journal\/index.php?rest_route=\/wp\/v2\/posts\/3377\/revisions"}],"predecessor-version":[{"id":3390,"href":"http:\/\/labastidane.fr\/journal\/index.php?rest_route=\/wp\/v2\/posts\/3377\/revisions\/3390"}],"wp:attachment":[{"href":"http:\/\/labastidane.fr\/journal\/index.php?rest_route=%2Fwp%2Fv2%2Fmedia&parent=3377"}],"wp:term":[{"taxonomy":"category","embeddable":true,"href":"http:\/\/labastidane.fr\/journal\/index.php?rest_route=%2Fwp%2Fv2%2Fcategories&post=3377"},{"taxonomy":"post_tag","embeddable":true,"href":"http:\/\/labastidane.fr\/journal\/index.php?rest_route=%2Fwp%2Fv2%2Ftags&post=3377"}],"curies":[{"name":"wp","href":"https:\/\/api.w.org\/{rel}","templated":true}]}}