{"id":4902,"date":"2013-08-05T18:08:37","date_gmt":"2013-08-05T14:08:37","guid":{"rendered":"http:\/\/labastidane.fr\/journal\/?p=4902"},"modified":"2013-08-05T20:43:41","modified_gmt":"2013-08-05T16:43:41","slug":"la-garde-robe-de-frida-le-style-dun-mythe","status":"publish","type":"post","link":"http:\/\/labastidane.fr\/journal\/?p=4902","title":{"rendered":"La garde robe de Frida, le style d&rsquo;un mythe"},"content":{"rendered":"<p style=\"text-align: center;\">Il y a quelques temps, sur un autre blog, avant que la Bastidane ne v\u00eet le jour, je vous parlais du l<a href=\"http:\/\/www.labastidane.fr\/blog\/?p=7748\">ivre sur la garde robe de Frida Kahlo<\/a>, pas de voyage pr\u00e9vu pour le Mexique en ce moment, mais une envie terrible de me plonger dans ce style faramineux cr\u00e9\u00e9 par une ic\u00f4ne, alors que\u00a0<a href=\"http:\/\/www.vogue.mx\/articulos\/el-estilo-de-un-mito\/1667#\">Vogue Mexique <\/a>et le <a href=\"http:\/\/www.museofridakahlo.org.mx\">Mus\u00e9e de Frida Kahlo <\/a>\u00a0pr\u00e9sentent une\u00a0exposition jusqu&rsquo;en janvier 2014 sur la garde robe de Frida Kahlo, je me contente des photos et des vid\u00e9os.<\/p>\n<p>&nbsp;<\/p>\n<p><a href=\"http:\/\/labastidane.fr\/journal\/wp-content\/uploads\/2013\/08\/fkmusee.jpg\"><img fetchpriority=\"high\" decoding=\"async\" class=\"aligncenter size-full wp-image-4910\" alt=\"fkmusee\" src=\"http:\/\/labastidane.fr\/journal\/wp-content\/uploads\/2013\/08\/fkmusee.jpg\" width=\"616\" height=\"379\" srcset=\"http:\/\/labastidane.fr\/journal\/wp-content\/uploads\/2013\/08\/fkmusee.jpg 616w, http:\/\/labastidane.fr\/journal\/wp-content\/uploads\/2013\/08\/fkmusee-200x123.jpg 200w\" sizes=\"(max-width: 616px) 100vw, 616px\" \/><\/a><\/p>\n<p>Je d\u00e9couvre toujours et encore, ce style unique, celui d&rsquo;un mythe qui ne cessera jamais de parler d&rsquo;elle.<\/p>\n<p style=\"text-align: center;\"><strong>\u201cEl estilo de Frida era ecl\u00e9ctico. Gustaba de combinar colores, texturas y or\u00edgenes de prendas seg\u00fan su estado de \u00e1nimo\u201d.<\/strong><\/p>\n<p style=\"text-align: center;\"><strong><\/strong>C. Henestrosa<\/p>\n<p style=\"text-align: center;\">Les photos sont issues de ce blog <a href=\"http:\/\/coolhuntermx.com\/las-apariencias-enganan\/\">Coolhunting<\/a><\/p>\n<p><a href=\"http:\/\/labastidane.fr\/journal\/wp-content\/uploads\/2013\/08\/fk1.jpg\"><img decoding=\"async\" class=\"aligncenter size-medium wp-image-4903\" alt=\"fk1\" src=\"http:\/\/labastidane.fr\/journal\/wp-content\/uploads\/2013\/08\/fk1-564x850.jpg\" width=\"564\" height=\"850\" srcset=\"http:\/\/labastidane.fr\/journal\/wp-content\/uploads\/2013\/08\/fk1-564x850.jpg 564w, http:\/\/labastidane.fr\/journal\/wp-content\/uploads\/2013\/08\/fk1-132x200.jpg 132w, http:\/\/labastidane.fr\/journal\/wp-content\/uploads\/2013\/08\/fk1.jpg 637w\" sizes=\"(max-width: 564px) 100vw, 564px\" \/><\/a> <a href=\"http:\/\/labastidane.fr\/journal\/wp-content\/uploads\/2013\/08\/fk2.jpg\"><img decoding=\"async\" class=\"aligncenter size-medium wp-image-4904\" alt=\"fk2\" src=\"http:\/\/labastidane.fr\/journal\/wp-content\/uploads\/2013\/08\/fk2-564x850.jpg\" width=\"564\" height=\"850\" srcset=\"http:\/\/labastidane.fr\/journal\/wp-content\/uploads\/2013\/08\/fk2-564x850.jpg 564w, http:\/\/labastidane.fr\/journal\/wp-content\/uploads\/2013\/08\/fk2-132x200.jpg 132w, http:\/\/labastidane.fr\/journal\/wp-content\/uploads\/2013\/08\/fk2.jpg 637w\" sizes=\"(max-width: 564px) 100vw, 564px\" \/><\/a> <a href=\"http:\/\/labastidane.fr\/journal\/wp-content\/uploads\/2013\/08\/fk3.jpg\"><img loading=\"lazy\" decoding=\"async\" class=\"aligncenter size-medium wp-image-4905\" alt=\"fk3\" src=\"http:\/\/labastidane.fr\/journal\/wp-content\/uploads\/2013\/08\/fk3-564x850.jpg\" width=\"564\" height=\"850\" srcset=\"http:\/\/labastidane.fr\/journal\/wp-content\/uploads\/2013\/08\/fk3-564x850.jpg 564w, http:\/\/labastidane.fr\/journal\/wp-content\/uploads\/2013\/08\/fk3-132x200.jpg 132w, http:\/\/labastidane.fr\/journal\/wp-content\/uploads\/2013\/08\/fk3.jpg 637w\" sizes=\"(max-width: 564px) 100vw, 564px\" \/><\/a> <a href=\"http:\/\/labastidane.fr\/journal\/wp-content\/uploads\/2013\/08\/fk4.jpg\"><img loading=\"lazy\" decoding=\"async\" class=\"aligncenter size-medium wp-image-4906\" alt=\"fk4\" src=\"http:\/\/labastidane.fr\/journal\/wp-content\/uploads\/2013\/08\/fk4-850x566.jpg\" width=\"850\" height=\"566\" srcset=\"http:\/\/labastidane.fr\/journal\/wp-content\/uploads\/2013\/08\/fk4-850x566.jpg 850w, http:\/\/labastidane.fr\/journal\/wp-content\/uploads\/2013\/08\/fk4-200x133.jpg 200w, http:\/\/labastidane.fr\/journal\/wp-content\/uploads\/2013\/08\/fk4.jpg 900w\" sizes=\"(max-width: 850px) 100vw, 850px\" \/><\/a> <a href=\"http:\/\/labastidane.fr\/journal\/wp-content\/uploads\/2013\/08\/fk7.jpg\"><img loading=\"lazy\" decoding=\"async\" class=\"aligncenter size-medium wp-image-4907\" alt=\"fk7\" src=\"http:\/\/labastidane.fr\/journal\/wp-content\/uploads\/2013\/08\/fk7-564x850.jpg\" width=\"564\" height=\"850\" srcset=\"http:\/\/labastidane.fr\/journal\/wp-content\/uploads\/2013\/08\/fk7-564x850.jpg 564w, http:\/\/labastidane.fr\/journal\/wp-content\/uploads\/2013\/08\/fk7-132x200.jpg 132w, http:\/\/labastidane.fr\/journal\/wp-content\/uploads\/2013\/08\/fk7.jpg 637w\" sizes=\"(max-width: 564px) 100vw, 564px\" \/><\/a> <a href=\"http:\/\/labastidane.fr\/journal\/wp-content\/uploads\/2013\/08\/fk8.jpg\"><img loading=\"lazy\" decoding=\"async\" class=\"aligncenter size-medium wp-image-4908\" alt=\"fk8\" src=\"http:\/\/labastidane.fr\/journal\/wp-content\/uploads\/2013\/08\/fk8-564x850.jpg\" width=\"564\" height=\"850\" srcset=\"http:\/\/labastidane.fr\/journal\/wp-content\/uploads\/2013\/08\/fk8-564x850.jpg 564w, http:\/\/labastidane.fr\/journal\/wp-content\/uploads\/2013\/08\/fk8-132x200.jpg 132w, http:\/\/labastidane.fr\/journal\/wp-content\/uploads\/2013\/08\/fk8.jpg 640w\" sizes=\"(max-width: 564px) 100vw, 564px\" \/><\/a><\/p>\n<p style=\"text-align: center;\"><iframe src=\"\/\/www.youtube.com\/embed\/yLFMzFp-Po8?rel=0\" height=\"360\" width=\"640\" allowfullscreen=\"\" frameborder=\"0\"><\/iframe><\/p>\n<p style=\"text-align: center;\">N&rsquo;oubliez pas de me rendre visite de temps en temps sur mon carnet journalier,<a href=\"http:\/\/labastidane.fr\/petitsriens\/\"> les 365 petits riens<\/a>.<\/p>\n<div id=\"fb-root\"><\/div>\r\n<script>(function(d, s, id) {\r\n  var js, fjs = d.getElementsByTagName(s)[0];\r\n  if (d.getElementById(id)) return;\r\n  js = d.createElement(s); js.id = id;\r\n  js.src = \"\/\/connect.facebook.net\/fr_FR\/all.js#xfbml=1\";\r\n  fjs.parentNode.insertBefore(js, fjs);\r\n}(document, \"script\", \"facebook-jssdk\"));<\/script>\r\n<fb:like href=\"http:\/\/labastidane.fr\/journal\/?p=4902\" font=\"arial\" action=\"like\" layout=\"standard\" send=\"1\" width=\"\"  colorscheme=\"light\" show_faces=\"0\"  style=\"background:#FFFFFF;padding-top:0px;\r\npadding-right:0px;\r\npadding-bottom:0px;\r\npadding-left:0px;\r\nmargin-top:0px;\r\nmargin-right:0px;\r\nmargin-bottom:0px;\r\nmargin-left:0px;\r\n\"><\/fb:like><div id=\"fb-root\"><\/div>\r\n<script>(function(d, s, id) {\r\n  var js, fjs = d.getElementsByTagName(s)[0];\r\n  if (d.getElementById(id)) return;\r\n  js = d.createElement(s); js.id = id;\r\n  js.src = \"\/\/connect.facebook.net\/en_GB\/all.js#xfbml=1\";\r\n  fjs.parentNode.insertBefore(js, fjs);\r\n}(document, \"script\", \"facebook-jssdk\"));<\/script>\r\n <fb:follow href=\"https:\/\/www.facebook.com\/bastidane\/?fref=ts\" layout=\"standard\" colorscheme=\"light\" show_faces=\"0\" font=\"arial\" width=\"\" border_color=\"#FFFFFF\" style=\"background:#FFFFFF;padding-top:0px;\r\npadding-right:0px;\r\npadding-bottom:0px;\r\npadding-left:0px;\r\nmargin-top:0px;\r\nmargin-right:0px;\r\nmargin-bottom:0px;\r\nmargin-left:0px;\r\n\"><\/fb:follow>","protected":false},"excerpt":{"rendered":"<p>Il y a quelques temps, sur un autre blog, avant que la Bastidane ne v\u00eet le jour, je vous parlais du livre sur la garde robe de Frida Kahlo, pas de voyage pr\u00e9vu pour le Mexique en ce moment, mais une envie terrible de me plonger dans ce style faramineux cr\u00e9\u00e9 par une ic\u00f4ne, alors que\u00a0Vogue Mexique et le Mus\u00e9e de Frida Kahlo \u00a0pr\u00e9sentent une\u00a0exposition jusqu&rsquo;en janvier 2014 sur la garde robe de Frida Kahlo, je me contente des photos et des vid\u00e9os. &nbsp; Je d\u00e9couvre toujours et encore, ce style unique, celui d&rsquo;un mythe qui ne cessera jamais de parler d&rsquo;elle. \u201cEl estilo de Frida era ecl\u00e9ctico. Gustaba de combinar colores, texturas y or\u00edgenes de prendas seg\u00fan su estado de \u00e1nimo\u201d. C. Henestrosa Les photos sont issues de ce blog Coolhunting N&rsquo;oubliez pas de me rendre visite de temps en temps sur mon carnet journalier, les 365 petits riens.<\/p>\n","protected":false},"author":1,"featured_media":0,"comment_status":"open","ping_status":"open","sticky":false,"template":"","format":"standard","meta":{"_exactmetrics_skip_tracking":false,"_exactmetrics_sitenote_active":false,"_exactmetrics_sitenote_note":"","_exactmetrics_sitenote_category":0,"footnotes":""},"categories":[98],"tags":[43,79],"class_list":["post-4902","post","type-post","status-publish","format-standard","hentry","category-inspiration","tag-a-decouvrir","tag-noub"],"yoast_head":"<!-- This site is optimized with the Yoast SEO plugin v20.0 - https:\/\/yoast.com\/wordpress\/plugins\/seo\/ -->\n<title>La garde robe de Frida, le style d&#039;un mythe - La Bastidane<\/title>\n<meta name=\"robots\" content=\"index, follow, max-snippet:-1, max-image-preview:large, max-video-preview:-1\" \/>\n<link rel=\"canonical\" href=\"http:\/\/labastidane.fr\/journal\/?p=4902\" \/>\n<meta property=\"og:locale\" content=\"fr_FR\" \/>\n<meta property=\"og:type\" content=\"article\" \/>\n<meta property=\"og:title\" content=\"La garde robe de Frida, le style d&#039;un mythe - La Bastidane\" \/>\n<meta property=\"og:description\" content=\"Il y a quelques temps, sur un autre blog, avant que la Bastidane ne v\u00eet le jour, je vous parlais du livre sur la garde robe de Frida Kahlo, pas de voyage pr\u00e9vu pour le Mexique en ce moment, mais une envie terrible de me plonger dans ce style faramineux cr\u00e9\u00e9 par une ic\u00f4ne, alors que\u00a0Vogue Mexique et le Mus\u00e9e de Frida Kahlo \u00a0pr\u00e9sentent une\u00a0exposition jusqu&rsquo;en janvier 2014 sur la garde robe de Frida Kahlo, je me contente des photos et des vid\u00e9os. &nbsp; Je d\u00e9couvre toujours et encore, ce style unique, celui d&rsquo;un mythe qui ne cessera jamais de parler d&rsquo;elle. \u201cEl estilo de Frida era ecl\u00e9ctico. Gustaba de combinar colores, texturas y or\u00edgenes de prendas seg\u00fan su estado de \u00e1nimo\u201d. C. Henestrosa Les photos sont issues de ce blog Coolhunting N&rsquo;oubliez pas de me rendre visite de temps en temps sur mon carnet journalier, les 365 petits riens.\" \/>\n<meta property=\"og:url\" content=\"http:\/\/labastidane.fr\/journal\/?p=4902\" \/>\n<meta property=\"og:site_name\" content=\"La Bastidane\" \/>\n<meta property=\"article:published_time\" content=\"2013-08-05T14:08:37+00:00\" \/>\n<meta property=\"article:modified_time\" content=\"2013-08-05T16:43:41+00:00\" \/>\n<meta property=\"og:image\" content=\"http:\/\/labastidane.fr\/journal\/wp-content\/uploads\/2013\/08\/fkmusee.jpg\" \/>\n<meta name=\"author\" content=\"La Bastidane\" \/>\n<meta name=\"twitter:card\" content=\"summary_large_image\" \/>\n<meta name=\"twitter:label1\" content=\"\u00c9crit par\" \/>\n\t<meta name=\"twitter:data1\" content=\"La Bastidane\" \/>\n\t<meta name=\"twitter:label2\" content=\"Dur\u00e9e de lecture estim\u00e9e\" \/>\n\t<meta name=\"twitter:data2\" content=\"1 minute\" \/>\n<script type=\"application\/ld+json\" class=\"yoast-schema-graph\">{\"@context\":\"https:\/\/schema.org\",\"@graph\":[{\"@type\":\"WebPage\",\"@id\":\"http:\/\/labastidane.fr\/journal\/?p=4902\",\"url\":\"http:\/\/labastidane.fr\/journal\/?p=4902\",\"name\":\"La garde robe de Frida, le style d'un mythe - La Bastidane\",\"isPartOf\":{\"@id\":\"http:\/\/labastidane.fr\/journal\/#website\"},\"datePublished\":\"2013-08-05T14:08:37+00:00\",\"dateModified\":\"2013-08-05T16:43:41+00:00\",\"author\":{\"@id\":\"http:\/\/labastidane.fr\/journal\/#\/schema\/person\/af75d95a9045c134ad8810c99727f4cd\"},\"breadcrumb\":{\"@id\":\"http:\/\/labastidane.fr\/journal\/?p=4902#breadcrumb\"},\"inLanguage\":\"fr-FR\",\"potentialAction\":[{\"@type\":\"ReadAction\",\"target\":[\"http:\/\/labastidane.fr\/journal\/?p=4902\"]}]},{\"@type\":\"BreadcrumbList\",\"@id\":\"http:\/\/labastidane.fr\/journal\/?p=4902#breadcrumb\",\"itemListElement\":[{\"@type\":\"ListItem\",\"position\":1,\"name\":\"Accueil\",\"item\":\"http:\/\/labastidane.fr\/journal\"},{\"@type\":\"ListItem\",\"position\":2,\"name\":\"La garde robe de Frida, le style d&rsquo;un mythe\"}]},{\"@type\":\"WebSite\",\"@id\":\"http:\/\/labastidane.fr\/journal\/#website\",\"url\":\"http:\/\/labastidane.fr\/journal\/\",\"name\":\"La Bastidane\",\"description\":\"Cr\u00e9ations Improbables en Luberon\",\"potentialAction\":[{\"@type\":\"SearchAction\",\"target\":{\"@type\":\"EntryPoint\",\"urlTemplate\":\"http:\/\/labastidane.fr\/journal\/?s={search_term_string}\"},\"query-input\":\"required name=search_term_string\"}],\"inLanguage\":\"fr-FR\"},{\"@type\":\"Person\",\"@id\":\"http:\/\/labastidane.fr\/journal\/#\/schema\/person\/af75d95a9045c134ad8810c99727f4cd\",\"name\":\"La Bastidane\",\"image\":{\"@type\":\"ImageObject\",\"inLanguage\":\"fr-FR\",\"@id\":\"http:\/\/labastidane.fr\/journal\/#\/schema\/person\/image\/\",\"url\":\"https:\/\/secure.gravatar.com\/avatar\/53e4719b91c0ffc5bae88b7937a395ed0d9dd04cfb0a5b501ad69c2c044f7eeb?s=96&d=blank&r=g\",\"contentUrl\":\"https:\/\/secure.gravatar.com\/avatar\/53e4719b91c0ffc5bae88b7937a395ed0d9dd04cfb0a5b501ad69c2c044f7eeb?s=96&d=blank&r=g\",\"caption\":\"La Bastidane\"},\"sameAs\":[\"http:\/\/labastidane.fr\/journal\/\"],\"url\":\"http:\/\/labastidane.fr\/journal\/?author=1\"}]}<\/script>\n<!-- \/ Yoast SEO plugin. -->","yoast_head_json":{"title":"La garde robe de Frida, le style d'un mythe - La Bastidane","robots":{"index":"index","follow":"follow","max-snippet":"max-snippet:-1","max-image-preview":"max-image-preview:large","max-video-preview":"max-video-preview:-1"},"canonical":"http:\/\/labastidane.fr\/journal\/?p=4902","og_locale":"fr_FR","og_type":"article","og_title":"La garde robe de Frida, le style d'un mythe - La Bastidane","og_description":"Il y a quelques temps, sur un autre blog, avant que la Bastidane ne v\u00eet le jour, je vous parlais du livre sur la garde robe de Frida Kahlo, pas de voyage pr\u00e9vu pour le Mexique en ce moment, mais une envie terrible de me plonger dans ce style faramineux cr\u00e9\u00e9 par une ic\u00f4ne, alors que\u00a0Vogue Mexique et le Mus\u00e9e de Frida Kahlo \u00a0pr\u00e9sentent une\u00a0exposition jusqu&rsquo;en janvier 2014 sur la garde robe de Frida Kahlo, je me contente des photos et des vid\u00e9os. &nbsp; Je d\u00e9couvre toujours et encore, ce style unique, celui d&rsquo;un mythe qui ne cessera jamais de parler d&rsquo;elle. \u201cEl estilo de Frida era ecl\u00e9ctico. Gustaba de combinar colores, texturas y or\u00edgenes de prendas seg\u00fan su estado de \u00e1nimo\u201d. C. Henestrosa Les photos sont issues de ce blog Coolhunting N&rsquo;oubliez pas de me rendre visite de temps en temps sur mon carnet journalier, les 365 petits riens.","og_url":"http:\/\/labastidane.fr\/journal\/?p=4902","og_site_name":"La Bastidane","article_published_time":"2013-08-05T14:08:37+00:00","article_modified_time":"2013-08-05T16:43:41+00:00","og_image":[{"url":"http:\/\/labastidane.fr\/journal\/wp-content\/uploads\/2013\/08\/fkmusee.jpg"}],"author":"La Bastidane","twitter_card":"summary_large_image","twitter_misc":{"\u00c9crit par":"La Bastidane","Dur\u00e9e de lecture estim\u00e9e":"1 minute"},"schema":{"@context":"https:\/\/schema.org","@graph":[{"@type":"WebPage","@id":"http:\/\/labastidane.fr\/journal\/?p=4902","url":"http:\/\/labastidane.fr\/journal\/?p=4902","name":"La garde robe de Frida, le style d'un mythe - La Bastidane","isPartOf":{"@id":"http:\/\/labastidane.fr\/journal\/#website"},"datePublished":"2013-08-05T14:08:37+00:00","dateModified":"2013-08-05T16:43:41+00:00","author":{"@id":"http:\/\/labastidane.fr\/journal\/#\/schema\/person\/af75d95a9045c134ad8810c99727f4cd"},"breadcrumb":{"@id":"http:\/\/labastidane.fr\/journal\/?p=4902#breadcrumb"},"inLanguage":"fr-FR","potentialAction":[{"@type":"ReadAction","target":["http:\/\/labastidane.fr\/journal\/?p=4902"]}]},{"@type":"BreadcrumbList","@id":"http:\/\/labastidane.fr\/journal\/?p=4902#breadcrumb","itemListElement":[{"@type":"ListItem","position":1,"name":"Accueil","item":"http:\/\/labastidane.fr\/journal"},{"@type":"ListItem","position":2,"name":"La garde robe de Frida, le style d&rsquo;un mythe"}]},{"@type":"WebSite","@id":"http:\/\/labastidane.fr\/journal\/#website","url":"http:\/\/labastidane.fr\/journal\/","name":"La Bastidane","description":"Cr\u00e9ations Improbables en Luberon","potentialAction":[{"@type":"SearchAction","target":{"@type":"EntryPoint","urlTemplate":"http:\/\/labastidane.fr\/journal\/?s={search_term_string}"},"query-input":"required name=search_term_string"}],"inLanguage":"fr-FR"},{"@type":"Person","@id":"http:\/\/labastidane.fr\/journal\/#\/schema\/person\/af75d95a9045c134ad8810c99727f4cd","name":"La Bastidane","image":{"@type":"ImageObject","inLanguage":"fr-FR","@id":"http:\/\/labastidane.fr\/journal\/#\/schema\/person\/image\/","url":"https:\/\/secure.gravatar.com\/avatar\/53e4719b91c0ffc5bae88b7937a395ed0d9dd04cfb0a5b501ad69c2c044f7eeb?s=96&d=blank&r=g","contentUrl":"https:\/\/secure.gravatar.com\/avatar\/53e4719b91c0ffc5bae88b7937a395ed0d9dd04cfb0a5b501ad69c2c044f7eeb?s=96&d=blank&r=g","caption":"La Bastidane"},"sameAs":["http:\/\/labastidane.fr\/journal\/"],"url":"http:\/\/labastidane.fr\/journal\/?author=1"}]}},"jetpack_featured_media_url":"","_links":{"self":[{"href":"http:\/\/labastidane.fr\/journal\/index.php?rest_route=\/wp\/v2\/posts\/4902","targetHints":{"allow":["GET"]}}],"collection":[{"href":"http:\/\/labastidane.fr\/journal\/index.php?rest_route=\/wp\/v2\/posts"}],"about":[{"href":"http:\/\/labastidane.fr\/journal\/index.php?rest_route=\/wp\/v2\/types\/post"}],"author":[{"embeddable":true,"href":"http:\/\/labastidane.fr\/journal\/index.php?rest_route=\/wp\/v2\/users\/1"}],"replies":[{"embeddable":true,"href":"http:\/\/labastidane.fr\/journal\/index.php?rest_route=%2Fwp%2Fv2%2Fcomments&post=4902"}],"version-history":[{"count":5,"href":"http:\/\/labastidane.fr\/journal\/index.php?rest_route=\/wp\/v2\/posts\/4902\/revisions"}],"predecessor-version":[{"id":4914,"href":"http:\/\/labastidane.fr\/journal\/index.php?rest_route=\/wp\/v2\/posts\/4902\/revisions\/4914"}],"wp:attachment":[{"href":"http:\/\/labastidane.fr\/journal\/index.php?rest_route=%2Fwp%2Fv2%2Fmedia&parent=4902"}],"wp:term":[{"taxonomy":"category","embeddable":true,"href":"http:\/\/labastidane.fr\/journal\/index.php?rest_route=%2Fwp%2Fv2%2Fcategories&post=4902"},{"taxonomy":"post_tag","embeddable":true,"href":"http:\/\/labastidane.fr\/journal\/index.php?rest_route=%2Fwp%2Fv2%2Ftags&post=4902"}],"curies":[{"name":"wp","href":"https:\/\/api.w.org\/{rel}","templated":true}]}}