{"id":5381,"date":"2013-10-07T12:54:28","date_gmt":"2013-10-07T08:54:28","guid":{"rendered":"http:\/\/labastidane.fr\/journal\/?p=5381"},"modified":"2013-10-07T13:52:09","modified_gmt":"2013-10-07T09:52:09","slug":"elle-avait-11-ans-en-1671-elle-sappelait-martha-edlin","status":"publish","type":"post","link":"http:\/\/labastidane.fr\/journal\/?p=5381","title":{"rendered":"Elle avait 11 ans en 1671, elle s&rsquo;appelait Martha Edlin."},"content":{"rendered":"<p><a href=\"http:\/\/labastidane.fr\/journal\/wp-content\/uploads\/2013\/10\/cassette2.jpg\"><img fetchpriority=\"high\" decoding=\"async\" class=\"aligncenter size-full wp-image-5382\" alt=\"cassette2\" src=\"http:\/\/labastidane.fr\/journal\/wp-content\/uploads\/2013\/10\/cassette2.jpg\" width=\"640\" height=\"483\" srcset=\"http:\/\/labastidane.fr\/journal\/wp-content\/uploads\/2013\/10\/cassette2.jpg 640w, http:\/\/labastidane.fr\/journal\/wp-content\/uploads\/2013\/10\/cassette2-200x150.jpg 200w\" sizes=\"(max-width: 640px) 100vw, 640px\" \/><\/a> <a href=\"http:\/\/labastidane.fr\/journal\/wp-content\/uploads\/2013\/10\/cassettes.jpg\"><img decoding=\"async\" class=\"aligncenter size-medium wp-image-5383\" alt=\"Picture 704\" src=\"http:\/\/labastidane.fr\/journal\/wp-content\/uploads\/2013\/10\/cassettes.jpg\" width=\"768\" height=\"610\" srcset=\"http:\/\/labastidane.fr\/journal\/wp-content\/uploads\/2013\/10\/cassettes.jpg 768w, http:\/\/labastidane.fr\/journal\/wp-content\/uploads\/2013\/10\/cassettes-200x158.jpg 200w\" sizes=\"(max-width: 768px) 100vw, 768px\" \/><\/a><\/p>\n<p><iframe src=\"\/\/player.vimeo.com\/video\/16613256?title=0&amp;byline=0&amp;portrait=0&amp;color=bbe3fa\" height=\"525\" width=\"700\" allowfullscreen=\"\" frameborder=\"0\"><\/iframe><\/p>\n<p>&nbsp;<\/p>\n<p>C&rsquo;est tr\u00e8s \u00e9mouvant \u00e0 voir, la finesse des points, des d\u00e9tails, ce coffret contenait un flacon de parfum, un n\u00e9cessaire \u00e0 couture&#8230; Il est expos\u00e9 au Royal Victora and Albert Museum.<\/p>\n<p><a href=\"http:\/\/vimeo.com\/16613256\">\u00a0<\/a><\/p>\n<div id=\"fb-root\"><\/div>\r\n<script>(function(d, s, id) {\r\n  var js, fjs = d.getElementsByTagName(s)[0];\r\n  if (d.getElementById(id)) return;\r\n  js = d.createElement(s); js.id = id;\r\n  js.src = \"\/\/connect.facebook.net\/fr_FR\/all.js#xfbml=1\";\r\n  fjs.parentNode.insertBefore(js, fjs);\r\n}(document, \"script\", \"facebook-jssdk\"));<\/script>\r\n<fb:like href=\"http:\/\/labastidane.fr\/journal\/?p=5381\" font=\"arial\" action=\"like\" layout=\"standard\" send=\"1\" width=\"\"  colorscheme=\"light\" show_faces=\"0\"  style=\"background:#FFFFFF;padding-top:0px;\r\npadding-right:0px;\r\npadding-bottom:0px;\r\npadding-left:0px;\r\nmargin-top:0px;\r\nmargin-right:0px;\r\nmargin-bottom:0px;\r\nmargin-left:0px;\r\n\"><\/fb:like><div id=\"fb-root\"><\/div>\r\n<script>(function(d, s, id) {\r\n  var js, fjs = d.getElementsByTagName(s)[0];\r\n  if (d.getElementById(id)) return;\r\n  js = d.createElement(s); js.id = id;\r\n  js.src = \"\/\/connect.facebook.net\/en_GB\/all.js#xfbml=1\";\r\n  fjs.parentNode.insertBefore(js, fjs);\r\n}(document, \"script\", \"facebook-jssdk\"));<\/script>\r\n <fb:follow href=\"https:\/\/www.facebook.com\/bastidane\/?fref=ts\" layout=\"standard\" colorscheme=\"light\" show_faces=\"0\" font=\"arial\" width=\"\" border_color=\"#FFFFFF\" style=\"background:#FFFFFF;padding-top:0px;\r\npadding-right:0px;\r\npadding-bottom:0px;\r\npadding-left:0px;\r\nmargin-top:0px;\r\nmargin-right:0px;\r\nmargin-bottom:0px;\r\nmargin-left:0px;\r\n\"><\/fb:follow>","protected":false},"excerpt":{"rendered":"<p>&nbsp; C&rsquo;est tr\u00e8s \u00e9mouvant \u00e0 voir, la finesse des points, des d\u00e9tails, ce coffret contenait un flacon de parfum, un n\u00e9cessaire \u00e0 couture&#8230; Il est expos\u00e9 au Royal Victora and Albert Museum. \u00a0<\/p>\n","protected":false},"author":1,"featured_media":0,"comment_status":"open","ping_status":"open","sticky":false,"template":"","format":"standard","meta":{"_exactmetrics_skip_tracking":false,"_exactmetrics_sitenote_active":false,"_exactmetrics_sitenote_note":"","_exactmetrics_sitenote_category":0,"footnotes":""},"categories":[35],"tags":[43],"class_list":["post-5381","post","type-post","status-publish","format-standard","hentry","category-tradition","tag-a-decouvrir"],"yoast_head":"<!-- This site is optimized with the Yoast SEO plugin v20.0 - https:\/\/yoast.com\/wordpress\/plugins\/seo\/ -->\n<title>Elle avait 11 ans en 1671, elle s&#039;appelait Martha Edlin. - La Bastidane<\/title>\n<meta name=\"robots\" content=\"index, follow, max-snippet:-1, max-image-preview:large, max-video-preview:-1\" \/>\n<link rel=\"canonical\" href=\"http:\/\/labastidane.fr\/journal\/?p=5381\" \/>\n<meta property=\"og:locale\" content=\"fr_FR\" \/>\n<meta property=\"og:type\" content=\"article\" \/>\n<meta property=\"og:title\" content=\"Elle avait 11 ans en 1671, elle s&#039;appelait Martha Edlin. - La Bastidane\" \/>\n<meta property=\"og:description\" content=\"&nbsp; C&rsquo;est tr\u00e8s \u00e9mouvant \u00e0 voir, la finesse des points, des d\u00e9tails, ce coffret contenait un flacon de parfum, un n\u00e9cessaire \u00e0 couture&#8230; Il est expos\u00e9 au Royal Victora and Albert Museum. \u00a0\" \/>\n<meta property=\"og:url\" content=\"http:\/\/labastidane.fr\/journal\/?p=5381\" \/>\n<meta property=\"og:site_name\" content=\"La Bastidane\" \/>\n<meta property=\"article:published_time\" content=\"2013-10-07T08:54:28+00:00\" \/>\n<meta property=\"article:modified_time\" content=\"2013-10-07T09:52:09+00:00\" \/>\n<meta property=\"og:image\" content=\"http:\/\/labastidane.fr\/journal\/wp-content\/uploads\/2013\/10\/cassette2.jpg\" \/>\n<meta name=\"author\" content=\"La Bastidane\" \/>\n<meta name=\"twitter:card\" content=\"summary_large_image\" \/>\n<meta name=\"twitter:label1\" content=\"\u00c9crit par\" \/>\n\t<meta name=\"twitter:data1\" content=\"La Bastidane\" \/>\n<script type=\"application\/ld+json\" class=\"yoast-schema-graph\">{\"@context\":\"https:\/\/schema.org\",\"@graph\":[{\"@type\":\"WebPage\",\"@id\":\"http:\/\/labastidane.fr\/journal\/?p=5381\",\"url\":\"http:\/\/labastidane.fr\/journal\/?p=5381\",\"name\":\"Elle avait 11 ans en 1671, elle s'appelait Martha Edlin. - La Bastidane\",\"isPartOf\":{\"@id\":\"http:\/\/labastidane.fr\/journal\/#website\"},\"datePublished\":\"2013-10-07T08:54:28+00:00\",\"dateModified\":\"2013-10-07T09:52:09+00:00\",\"author\":{\"@id\":\"http:\/\/labastidane.fr\/journal\/#\/schema\/person\/af75d95a9045c134ad8810c99727f4cd\"},\"breadcrumb\":{\"@id\":\"http:\/\/labastidane.fr\/journal\/?p=5381#breadcrumb\"},\"inLanguage\":\"fr-FR\",\"potentialAction\":[{\"@type\":\"ReadAction\",\"target\":[\"http:\/\/labastidane.fr\/journal\/?p=5381\"]}]},{\"@type\":\"BreadcrumbList\",\"@id\":\"http:\/\/labastidane.fr\/journal\/?p=5381#breadcrumb\",\"itemListElement\":[{\"@type\":\"ListItem\",\"position\":1,\"name\":\"Accueil\",\"item\":\"http:\/\/labastidane.fr\/journal\"},{\"@type\":\"ListItem\",\"position\":2,\"name\":\"Elle avait 11 ans en 1671, elle s&rsquo;appelait Martha Edlin.\"}]},{\"@type\":\"WebSite\",\"@id\":\"http:\/\/labastidane.fr\/journal\/#website\",\"url\":\"http:\/\/labastidane.fr\/journal\/\",\"name\":\"La Bastidane\",\"description\":\"Cr\u00e9ations Improbables en Luberon\",\"potentialAction\":[{\"@type\":\"SearchAction\",\"target\":{\"@type\":\"EntryPoint\",\"urlTemplate\":\"http:\/\/labastidane.fr\/journal\/?s={search_term_string}\"},\"query-input\":\"required name=search_term_string\"}],\"inLanguage\":\"fr-FR\"},{\"@type\":\"Person\",\"@id\":\"http:\/\/labastidane.fr\/journal\/#\/schema\/person\/af75d95a9045c134ad8810c99727f4cd\",\"name\":\"La Bastidane\",\"image\":{\"@type\":\"ImageObject\",\"inLanguage\":\"fr-FR\",\"@id\":\"http:\/\/labastidane.fr\/journal\/#\/schema\/person\/image\/\",\"url\":\"https:\/\/secure.gravatar.com\/avatar\/53e4719b91c0ffc5bae88b7937a395ed0d9dd04cfb0a5b501ad69c2c044f7eeb?s=96&d=blank&r=g\",\"contentUrl\":\"https:\/\/secure.gravatar.com\/avatar\/53e4719b91c0ffc5bae88b7937a395ed0d9dd04cfb0a5b501ad69c2c044f7eeb?s=96&d=blank&r=g\",\"caption\":\"La Bastidane\"},\"sameAs\":[\"http:\/\/labastidane.fr\/journal\/\"],\"url\":\"http:\/\/labastidane.fr\/journal\/?author=1\"}]}<\/script>\n<!-- \/ Yoast SEO plugin. -->","yoast_head_json":{"title":"Elle avait 11 ans en 1671, elle s'appelait Martha Edlin. - La Bastidane","robots":{"index":"index","follow":"follow","max-snippet":"max-snippet:-1","max-image-preview":"max-image-preview:large","max-video-preview":"max-video-preview:-1"},"canonical":"http:\/\/labastidane.fr\/journal\/?p=5381","og_locale":"fr_FR","og_type":"article","og_title":"Elle avait 11 ans en 1671, elle s'appelait Martha Edlin. - La Bastidane","og_description":"&nbsp; C&rsquo;est tr\u00e8s \u00e9mouvant \u00e0 voir, la finesse des points, des d\u00e9tails, ce coffret contenait un flacon de parfum, un n\u00e9cessaire \u00e0 couture&#8230; Il est expos\u00e9 au Royal Victora and Albert Museum. \u00a0","og_url":"http:\/\/labastidane.fr\/journal\/?p=5381","og_site_name":"La Bastidane","article_published_time":"2013-10-07T08:54:28+00:00","article_modified_time":"2013-10-07T09:52:09+00:00","og_image":[{"url":"http:\/\/labastidane.fr\/journal\/wp-content\/uploads\/2013\/10\/cassette2.jpg"}],"author":"La Bastidane","twitter_card":"summary_large_image","twitter_misc":{"\u00c9crit par":"La Bastidane"},"schema":{"@context":"https:\/\/schema.org","@graph":[{"@type":"WebPage","@id":"http:\/\/labastidane.fr\/journal\/?p=5381","url":"http:\/\/labastidane.fr\/journal\/?p=5381","name":"Elle avait 11 ans en 1671, elle s'appelait Martha Edlin. - La Bastidane","isPartOf":{"@id":"http:\/\/labastidane.fr\/journal\/#website"},"datePublished":"2013-10-07T08:54:28+00:00","dateModified":"2013-10-07T09:52:09+00:00","author":{"@id":"http:\/\/labastidane.fr\/journal\/#\/schema\/person\/af75d95a9045c134ad8810c99727f4cd"},"breadcrumb":{"@id":"http:\/\/labastidane.fr\/journal\/?p=5381#breadcrumb"},"inLanguage":"fr-FR","potentialAction":[{"@type":"ReadAction","target":["http:\/\/labastidane.fr\/journal\/?p=5381"]}]},{"@type":"BreadcrumbList","@id":"http:\/\/labastidane.fr\/journal\/?p=5381#breadcrumb","itemListElement":[{"@type":"ListItem","position":1,"name":"Accueil","item":"http:\/\/labastidane.fr\/journal"},{"@type":"ListItem","position":2,"name":"Elle avait 11 ans en 1671, elle s&rsquo;appelait Martha Edlin."}]},{"@type":"WebSite","@id":"http:\/\/labastidane.fr\/journal\/#website","url":"http:\/\/labastidane.fr\/journal\/","name":"La Bastidane","description":"Cr\u00e9ations Improbables en Luberon","potentialAction":[{"@type":"SearchAction","target":{"@type":"EntryPoint","urlTemplate":"http:\/\/labastidane.fr\/journal\/?s={search_term_string}"},"query-input":"required name=search_term_string"}],"inLanguage":"fr-FR"},{"@type":"Person","@id":"http:\/\/labastidane.fr\/journal\/#\/schema\/person\/af75d95a9045c134ad8810c99727f4cd","name":"La Bastidane","image":{"@type":"ImageObject","inLanguage":"fr-FR","@id":"http:\/\/labastidane.fr\/journal\/#\/schema\/person\/image\/","url":"https:\/\/secure.gravatar.com\/avatar\/53e4719b91c0ffc5bae88b7937a395ed0d9dd04cfb0a5b501ad69c2c044f7eeb?s=96&d=blank&r=g","contentUrl":"https:\/\/secure.gravatar.com\/avatar\/53e4719b91c0ffc5bae88b7937a395ed0d9dd04cfb0a5b501ad69c2c044f7eeb?s=96&d=blank&r=g","caption":"La Bastidane"},"sameAs":["http:\/\/labastidane.fr\/journal\/"],"url":"http:\/\/labastidane.fr\/journal\/?author=1"}]}},"jetpack_featured_media_url":"","_links":{"self":[{"href":"http:\/\/labastidane.fr\/journal\/index.php?rest_route=\/wp\/v2\/posts\/5381","targetHints":{"allow":["GET"]}}],"collection":[{"href":"http:\/\/labastidane.fr\/journal\/index.php?rest_route=\/wp\/v2\/posts"}],"about":[{"href":"http:\/\/labastidane.fr\/journal\/index.php?rest_route=\/wp\/v2\/types\/post"}],"author":[{"embeddable":true,"href":"http:\/\/labastidane.fr\/journal\/index.php?rest_route=\/wp\/v2\/users\/1"}],"replies":[{"embeddable":true,"href":"http:\/\/labastidane.fr\/journal\/index.php?rest_route=%2Fwp%2Fv2%2Fcomments&post=5381"}],"version-history":[{"count":2,"href":"http:\/\/labastidane.fr\/journal\/index.php?rest_route=\/wp\/v2\/posts\/5381\/revisions"}],"predecessor-version":[{"id":5385,"href":"http:\/\/labastidane.fr\/journal\/index.php?rest_route=\/wp\/v2\/posts\/5381\/revisions\/5385"}],"wp:attachment":[{"href":"http:\/\/labastidane.fr\/journal\/index.php?rest_route=%2Fwp%2Fv2%2Fmedia&parent=5381"}],"wp:term":[{"taxonomy":"category","embeddable":true,"href":"http:\/\/labastidane.fr\/journal\/index.php?rest_route=%2Fwp%2Fv2%2Fcategories&post=5381"},{"taxonomy":"post_tag","embeddable":true,"href":"http:\/\/labastidane.fr\/journal\/index.php?rest_route=%2Fwp%2Fv2%2Ftags&post=5381"}],"curies":[{"name":"wp","href":"https:\/\/api.w.org\/{rel}","templated":true}]}}