{"id":5440,"date":"2013-10-28T14:26:18","date_gmt":"2013-10-28T10:26:18","guid":{"rendered":"http:\/\/labastidane.fr\/journal\/?p=5440"},"modified":"2013-10-28T15:05:49","modified_gmt":"2013-10-28T11:05:49","slug":"le-salon-du-fil-de-la-valette-du-var","status":"publish","type":"post","link":"http:\/\/labastidane.fr\/journal\/?p=5440","title":{"rendered":"Le salon du fil de la Valette du Var \u2026.."},"content":{"rendered":"<p style=\"text-align: center;\">Moi, moi invit\u00e9e \u00e0 avoir un stand dans le prestigieux salon de la broderie de la Valette du Var, je n&rsquo;y croyais pas, je peux vous dire que j&rsquo;ai travaill\u00e9 pour pr\u00e9parer des petites choses douces et sucr\u00e9es \u00e0 vendre \u2026 et pr\u00e9parer l&rsquo;incubateur de f\u00e9es des ateliers, la premi\u00e8re chose que j&rsquo;ai faite, c&rsquo;est t\u00e9l\u00e9phoner \u00e0 ma copine de toujours Isabelle, et lui dire innocemment \u00a0\u00ab\u00a0tu fais quoi le week end \u00a0du 25 octobre, je peux squatter chez toi ? Et l\u00e0 tu te dis qu&rsquo;une copine qui se l\u00e8vent \u00e0 5h00 un matin o\u00f9 elle est en RTT pour t&rsquo;aider \u00e0 installer ton stand, \u00e7a n&rsquo;a pas de prix, on a f\u00eat\u00e9 nos 21 ans de rencontre, il y a quelques mois et depuis qu&rsquo;elle a eu le malheur de faire ma connaissance, je n&rsquo;ai pas arr\u00eat\u00e9 de lui jouer ce genre de tours.<\/p>\n<p style=\"text-align: center;\">D&rsquo;abord La Valette c&rsquo;est mon fief, j&rsquo;ai connu Grand Var qui n&rsquo;\u00e9tait \u00e0 l&rsquo;\u00e9poque qu&rsquo;un seul supermarch\u00e9, \u00a0tout \u00e7a pour vous dire que je ne suis plus toute jeune, mais vous le saviez d\u00e9j\u00e0 ;-)<\/p>\n<p style=\"text-align: center;\">Alors le salon du Fil de La Valette c&rsquo;est un moment magique .. des organisateurs au top, une convivialit\u00e9 g\u00e9niale &#8230;<\/p>\n<p style=\"text-align: center;\"><a href=\"http:\/\/labastidane.fr\/journal\/wp-content\/uploads\/2013\/10\/DSC_0486.jpg\"><img fetchpriority=\"high\" decoding=\"async\" class=\"aligncenter size-medium wp-image-5443\" alt=\"DSC_0486\" src=\"http:\/\/labastidane.fr\/journal\/wp-content\/uploads\/2013\/10\/DSC_0486-850x563.jpg\" width=\"850\" height=\"563\" srcset=\"http:\/\/labastidane.fr\/journal\/wp-content\/uploads\/2013\/10\/DSC_0486-850x563.jpg 850w, http:\/\/labastidane.fr\/journal\/wp-content\/uploads\/2013\/10\/DSC_0486-200x132.jpg 200w, http:\/\/labastidane.fr\/journal\/wp-content\/uploads\/2013\/10\/DSC_0486-1024x678.jpg 1024w, http:\/\/labastidane.fr\/journal\/wp-content\/uploads\/2013\/10\/DSC_0486.jpg 1200w\" sizes=\"(max-width: 850px) 100vw, 850px\" \/><\/a> Vu d&rsquo;en haut \u2026. vu de mon perchoir &#8230;<\/p>\n<p style=\"text-align: center;\"><a href=\"http:\/\/labastidane.fr\/journal\/wp-content\/uploads\/2013\/10\/DSC_0487.jpg\"><img decoding=\"async\" class=\"aligncenter size-medium wp-image-5444\" alt=\"DSC_0487\" src=\"http:\/\/labastidane.fr\/journal\/wp-content\/uploads\/2013\/10\/DSC_0487-850x464.jpg\" width=\"850\" height=\"464\" srcset=\"http:\/\/labastidane.fr\/journal\/wp-content\/uploads\/2013\/10\/DSC_0487-850x464.jpg 850w, http:\/\/labastidane.fr\/journal\/wp-content\/uploads\/2013\/10\/DSC_0487-200x109.jpg 200w, http:\/\/labastidane.fr\/journal\/wp-content\/uploads\/2013\/10\/DSC_0487-1024x559.jpg 1024w, http:\/\/labastidane.fr\/journal\/wp-content\/uploads\/2013\/10\/DSC_0487.jpg 1200w\" sizes=\"(max-width: 850px) 100vw, 850px\" \/><\/a> Zoomer <a href=\"https:\/\/www.facebook.com\/patouetdespoussieres.greef?fref=ts\">Patou et ses merveilles<\/a> \u2026 pardon et des poussi\u00e8res &#8230;<\/p>\n<p style=\"text-align: center;\"><a href=\"http:\/\/labastidane.fr\/journal\/wp-content\/uploads\/2013\/10\/DSC_0505.jpg\"><img decoding=\"async\" class=\"aligncenter size-medium wp-image-5446\" alt=\"DSC_0505\" src=\"http:\/\/labastidane.fr\/journal\/wp-content\/uploads\/2013\/10\/DSC_0505-850x601.jpg\" width=\"850\" height=\"601\" srcset=\"http:\/\/labastidane.fr\/journal\/wp-content\/uploads\/2013\/10\/DSC_0505-850x601.jpg 850w, http:\/\/labastidane.fr\/journal\/wp-content\/uploads\/2013\/10\/DSC_0505-200x141.jpg 200w, http:\/\/labastidane.fr\/journal\/wp-content\/uploads\/2013\/10\/DSC_0505-1024x724.jpg 1024w, http:\/\/labastidane.fr\/journal\/wp-content\/uploads\/2013\/10\/DSC_0505.jpg 1200w\" sizes=\"(max-width: 850px) 100vw, 850px\" \/><\/a> Un petit bout de mon stand, j&rsquo;ai oubli\u00e9 de le prendre en grand, mais on trouvera tout \u00e7a sur le blog de l&rsquo;association organisatrice &#8230;<\/p>\n<p style=\"text-align: center;\"><a href=\"http:\/\/labastidane.fr\/journal\/wp-content\/uploads\/2013\/10\/DSC_05081.jpg\"><img loading=\"lazy\" decoding=\"async\" class=\"aligncenter size-medium wp-image-5447\" alt=\"DSC_0508\" src=\"http:\/\/labastidane.fr\/journal\/wp-content\/uploads\/2013\/10\/DSC_05081-850x563.jpg\" width=\"850\" height=\"563\" srcset=\"http:\/\/labastidane.fr\/journal\/wp-content\/uploads\/2013\/10\/DSC_05081-850x563.jpg 850w, http:\/\/labastidane.fr\/journal\/wp-content\/uploads\/2013\/10\/DSC_05081-200x132.jpg 200w, http:\/\/labastidane.fr\/journal\/wp-content\/uploads\/2013\/10\/DSC_05081-1024x678.jpg 1024w, http:\/\/labastidane.fr\/journal\/wp-content\/uploads\/2013\/10\/DSC_05081.jpg 1200w\" sizes=\"(max-width: 850px) 100vw, 850px\" \/><\/a> <a href=\"http:\/\/labastidane.fr\/journal\/wp-content\/uploads\/2013\/10\/DSC_05091.jpg\"><img loading=\"lazy\" decoding=\"async\" class=\"aligncenter size-medium wp-image-5448\" alt=\"DSC_0509\" src=\"http:\/\/labastidane.fr\/journal\/wp-content\/uploads\/2013\/10\/DSC_05091-850x563.jpg\" width=\"850\" height=\"563\" srcset=\"http:\/\/labastidane.fr\/journal\/wp-content\/uploads\/2013\/10\/DSC_05091-850x563.jpg 850w, http:\/\/labastidane.fr\/journal\/wp-content\/uploads\/2013\/10\/DSC_05091-200x132.jpg 200w, http:\/\/labastidane.fr\/journal\/wp-content\/uploads\/2013\/10\/DSC_05091-1024x678.jpg 1024w, http:\/\/labastidane.fr\/journal\/wp-content\/uploads\/2013\/10\/DSC_05091.jpg 1200w\" sizes=\"(max-width: 850px) 100vw, 850px\" \/><\/a> <a href=\"http:\/\/labastidane.fr\/journal\/wp-content\/uploads\/2013\/10\/DSC_0519.jpg\"><img loading=\"lazy\" decoding=\"async\" class=\"aligncenter size-medium wp-image-5451\" alt=\"DSC_0519\" src=\"http:\/\/labastidane.fr\/journal\/wp-content\/uploads\/2013\/10\/DSC_0519-850x563.jpg\" width=\"850\" height=\"563\" srcset=\"http:\/\/labastidane.fr\/journal\/wp-content\/uploads\/2013\/10\/DSC_0519-850x563.jpg 850w, http:\/\/labastidane.fr\/journal\/wp-content\/uploads\/2013\/10\/DSC_0519-200x132.jpg 200w, http:\/\/labastidane.fr\/journal\/wp-content\/uploads\/2013\/10\/DSC_0519-1024x678.jpg 1024w, http:\/\/labastidane.fr\/journal\/wp-content\/uploads\/2013\/10\/DSC_0519.jpg 1200w\" sizes=\"(max-width: 850px) 100vw, 850px\" \/><\/a> les merveilleux boutis \u2026 de lei Roucas<\/p>\n<p style=\"text-align: center;\"><a href=\"http:\/\/labastidane.fr\/journal\/wp-content\/uploads\/2013\/10\/DSC_0521.jpg\"><img loading=\"lazy\" decoding=\"async\" class=\"aligncenter size-medium wp-image-5452\" alt=\"DSC_0521\" src=\"http:\/\/labastidane.fr\/journal\/wp-content\/uploads\/2013\/10\/DSC_0521-850x563.jpg\" width=\"850\" height=\"563\" srcset=\"http:\/\/labastidane.fr\/journal\/wp-content\/uploads\/2013\/10\/DSC_0521-850x563.jpg 850w, http:\/\/labastidane.fr\/journal\/wp-content\/uploads\/2013\/10\/DSC_0521-200x132.jpg 200w, http:\/\/labastidane.fr\/journal\/wp-content\/uploads\/2013\/10\/DSC_0521-1024x678.jpg 1024w, http:\/\/labastidane.fr\/journal\/wp-content\/uploads\/2013\/10\/DSC_0521.jpg 1200w\" sizes=\"(max-width: 850px) 100vw, 850px\" \/><\/a> <a href=\"http:\/\/labastidane.fr\/journal\/wp-content\/uploads\/2013\/10\/DSC_0524.jpg\"><img loading=\"lazy\" decoding=\"async\" class=\"aligncenter size-medium wp-image-5453\" alt=\"DSC_0524\" src=\"http:\/\/labastidane.fr\/journal\/wp-content\/uploads\/2013\/10\/DSC_0524-850x563.jpg\" width=\"850\" height=\"563\" srcset=\"http:\/\/labastidane.fr\/journal\/wp-content\/uploads\/2013\/10\/DSC_0524-850x563.jpg 850w, http:\/\/labastidane.fr\/journal\/wp-content\/uploads\/2013\/10\/DSC_0524-200x132.jpg 200w, http:\/\/labastidane.fr\/journal\/wp-content\/uploads\/2013\/10\/DSC_0524-1024x678.jpg 1024w, http:\/\/labastidane.fr\/journal\/wp-content\/uploads\/2013\/10\/DSC_0524.jpg 1200w\" sizes=\"(max-width: 850px) 100vw, 850px\" \/><\/a> les broderies d&rsquo;ailleurs \u2026 de la collection de Vallis Creativa<\/p>\n<p style=\"text-align: center;\"><a href=\"http:\/\/labastidane.fr\/journal\/wp-content\/uploads\/2013\/10\/DSC_0532.jpg\"><img loading=\"lazy\" decoding=\"async\" class=\"aligncenter size-medium wp-image-5454\" alt=\"DSC_0532\" src=\"http:\/\/labastidane.fr\/journal\/wp-content\/uploads\/2013\/10\/DSC_0532-850x563.jpg\" width=\"850\" height=\"563\" srcset=\"http:\/\/labastidane.fr\/journal\/wp-content\/uploads\/2013\/10\/DSC_0532-850x563.jpg 850w, http:\/\/labastidane.fr\/journal\/wp-content\/uploads\/2013\/10\/DSC_0532-200x132.jpg 200w, http:\/\/labastidane.fr\/journal\/wp-content\/uploads\/2013\/10\/DSC_0532-1024x678.jpg 1024w, http:\/\/labastidane.fr\/journal\/wp-content\/uploads\/2013\/10\/DSC_0532.jpg 1200w\" sizes=\"(max-width: 850px) 100vw, 850px\" \/><\/a> Les dentelles d&rsquo;Annick Maubert<\/p>\n<p style=\"text-align: center;\"><a href=\"http:\/\/labastidane.fr\/journal\/wp-content\/uploads\/2013\/10\/DSC_0544.jpg\"><img loading=\"lazy\" decoding=\"async\" class=\"aligncenter size-medium wp-image-5456\" alt=\"DSC_0544\" src=\"http:\/\/labastidane.fr\/journal\/wp-content\/uploads\/2013\/10\/DSC_0544-563x850.jpg\" width=\"563\" height=\"850\" srcset=\"http:\/\/labastidane.fr\/journal\/wp-content\/uploads\/2013\/10\/DSC_0544-563x850.jpg 563w, http:\/\/labastidane.fr\/journal\/wp-content\/uploads\/2013\/10\/DSC_0544-132x200.jpg 132w, http:\/\/labastidane.fr\/journal\/wp-content\/uploads\/2013\/10\/DSC_0544-678x1024.jpg 678w, http:\/\/labastidane.fr\/journal\/wp-content\/uploads\/2013\/10\/DSC_0544.jpg 795w\" sizes=\"(max-width: 563px) 100vw, 563px\" \/><\/a> <a href=\"http:\/\/labastidane.fr\/journal\/wp-content\/uploads\/2013\/10\/DSC_0583.jpg\"><img loading=\"lazy\" decoding=\"async\" class=\"aligncenter size-medium wp-image-5465\" alt=\"DSC_0583\" src=\"http:\/\/labastidane.fr\/journal\/wp-content\/uploads\/2013\/10\/DSC_0583-550x850.jpg\" width=\"550\" height=\"850\" srcset=\"http:\/\/labastidane.fr\/journal\/wp-content\/uploads\/2013\/10\/DSC_0583-550x850.jpg 550w, http:\/\/labastidane.fr\/journal\/wp-content\/uploads\/2013\/10\/DSC_0583-129x200.jpg 129w, http:\/\/labastidane.fr\/journal\/wp-content\/uploads\/2013\/10\/DSC_0583-663x1024.jpg 663w, http:\/\/labastidane.fr\/journal\/wp-content\/uploads\/2013\/10\/DSC_0583.jpg 777w\" sizes=\"(max-width: 550px) 100vw, 550px\" \/><\/a><\/p>\n<p style=\"text-align: center;\">Complicit\u00e9 ou conspiration de deux cr\u00e9atrices, votre serviteur et <a href=\"https:\/\/www.facebook.com\/patouetdespoussieres.greef?fref=ts\">Patou et des poussi\u00e8res.<\/a><\/p>\n<p style=\"text-align: center;\"><a href=\"http:\/\/labastidane.fr\/journal\/wp-content\/uploads\/2013\/10\/DSC_0588.jpg\"><img loading=\"lazy\" decoding=\"async\" class=\"aligncenter size-medium wp-image-5466\" alt=\"DSC_0588\" src=\"http:\/\/labastidane.fr\/journal\/wp-content\/uploads\/2013\/10\/DSC_0588-850x838.jpg\" width=\"850\" height=\"838\" srcset=\"http:\/\/labastidane.fr\/journal\/wp-content\/uploads\/2013\/10\/DSC_0588-850x838.jpg 850w, http:\/\/labastidane.fr\/journal\/wp-content\/uploads\/2013\/10\/DSC_0588-200x197.jpg 200w, http:\/\/labastidane.fr\/journal\/wp-content\/uploads\/2013\/10\/DSC_0588-1024x1010.jpg 1024w, http:\/\/labastidane.fr\/journal\/wp-content\/uploads\/2013\/10\/DSC_0588.jpg 1200w\" sizes=\"(max-width: 850px) 100vw, 850px\" \/><\/a><a href=\"http:\/\/credoboutis.canalblog.com\">Dominique Fave <\/a>et ses soies boutiss\u00e9es<\/p>\n<p><a href=\"http:\/\/labastidane.fr\/journal\/wp-content\/uploads\/2013\/10\/DSC_0589.jpg\"><img loading=\"lazy\" decoding=\"async\" class=\"aligncenter size-medium wp-image-5467\" alt=\"DSC_0589\" src=\"http:\/\/labastidane.fr\/journal\/wp-content\/uploads\/2013\/10\/DSC_0589-850x785.jpg\" width=\"850\" height=\"785\" srcset=\"http:\/\/labastidane.fr\/journal\/wp-content\/uploads\/2013\/10\/DSC_0589-850x785.jpg 850w, http:\/\/labastidane.fr\/journal\/wp-content\/uploads\/2013\/10\/DSC_0589-200x184.jpg 200w, http:\/\/labastidane.fr\/journal\/wp-content\/uploads\/2013\/10\/DSC_0589-1024x946.jpg 1024w, http:\/\/labastidane.fr\/journal\/wp-content\/uploads\/2013\/10\/DSC_0589.jpg 1200w\" sizes=\"(max-width: 850px) 100vw, 850px\" \/><\/a> <a href=\"http:\/\/labastidane.fr\/journal\/wp-content\/uploads\/2013\/10\/DSC_0590.jpg\"><img loading=\"lazy\" decoding=\"async\" class=\"aligncenter size-medium wp-image-5468\" alt=\"DSC_0590\" src=\"http:\/\/labastidane.fr\/journal\/wp-content\/uploads\/2013\/10\/DSC_0590-811x850.jpg\" width=\"811\" height=\"850\" srcset=\"http:\/\/labastidane.fr\/journal\/wp-content\/uploads\/2013\/10\/DSC_0590-811x850.jpg 811w, http:\/\/labastidane.fr\/journal\/wp-content\/uploads\/2013\/10\/DSC_0590-190x200.jpg 190w, http:\/\/labastidane.fr\/journal\/wp-content\/uploads\/2013\/10\/DSC_0590-977x1024.jpg 977w, http:\/\/labastidane.fr\/journal\/wp-content\/uploads\/2013\/10\/DSC_0590.jpg 1145w\" sizes=\"(max-width: 811px) 100vw, 811px\" \/><\/a> Renato Parolin, un monsieur ma\u00eetre dans l&rsquo;art du point de croix &#8230;<\/p>\n<p style=\"text-align: center;\">\u00a0<a href=\"http:\/\/labastidane.fr\/journal\/wp-content\/uploads\/2013\/10\/DSC_0592.jpg\"><img loading=\"lazy\" decoding=\"async\" class=\"aligncenter size-medium wp-image-5469\" alt=\"DSC_0592\" src=\"http:\/\/labastidane.fr\/journal\/wp-content\/uploads\/2013\/10\/DSC_0592-850x785.jpg\" width=\"850\" height=\"785\" srcset=\"http:\/\/labastidane.fr\/journal\/wp-content\/uploads\/2013\/10\/DSC_0592-850x785.jpg 850w, http:\/\/labastidane.fr\/journal\/wp-content\/uploads\/2013\/10\/DSC_0592-200x184.jpg 200w, http:\/\/labastidane.fr\/journal\/wp-content\/uploads\/2013\/10\/DSC_0592-1024x946.jpg 1024w, http:\/\/labastidane.fr\/journal\/wp-content\/uploads\/2013\/10\/DSC_0592.jpg 1200w\" sizes=\"(max-width: 850px) 100vw, 850px\" \/><\/a> <a href=\"http:\/\/labastidane.fr\/journal\/wp-content\/uploads\/2013\/10\/DSC_0595.jpg\"><img loading=\"lazy\" decoding=\"async\" class=\"aligncenter size-medium wp-image-5471\" alt=\"DSC_0595\" src=\"http:\/\/labastidane.fr\/journal\/wp-content\/uploads\/2013\/10\/DSC_0595-680x850.jpg\" width=\"680\" height=\"850\" srcset=\"http:\/\/labastidane.fr\/journal\/wp-content\/uploads\/2013\/10\/DSC_0595-680x850.jpg 680w, http:\/\/labastidane.fr\/journal\/wp-content\/uploads\/2013\/10\/DSC_0595-160x200.jpg 160w, http:\/\/labastidane.fr\/journal\/wp-content\/uploads\/2013\/10\/DSC_0595-820x1024.jpg 820w, http:\/\/labastidane.fr\/journal\/wp-content\/uploads\/2013\/10\/DSC_0595.jpg 961w\" sizes=\"(max-width: 680px) 100vw, 680px\" \/><\/a> Gisela Tamagno Gazolla, reine de du Crewel et de la Bandera &#8230;<\/p>\n<p style=\"text-align: center;\"><a href=\"http:\/\/labastidane.fr\/journal\/wp-content\/uploads\/2013\/10\/DSC_0596.jpg\"><img loading=\"lazy\" decoding=\"async\" class=\"aligncenter size-medium wp-image-5472\" alt=\"DSC_0596\" src=\"http:\/\/labastidane.fr\/journal\/wp-content\/uploads\/2013\/10\/DSC_0596-850x661.jpg\" width=\"850\" height=\"661\" srcset=\"http:\/\/labastidane.fr\/journal\/wp-content\/uploads\/2013\/10\/DSC_0596-850x661.jpg 850w, http:\/\/labastidane.fr\/journal\/wp-content\/uploads\/2013\/10\/DSC_0596-200x155.jpg 200w, http:\/\/labastidane.fr\/journal\/wp-content\/uploads\/2013\/10\/DSC_0596-1024x797.jpg 1024w, http:\/\/labastidane.fr\/journal\/wp-content\/uploads\/2013\/10\/DSC_0596.jpg 1200w\" sizes=\"(max-width: 850px) 100vw, 850px\" \/><\/a> <a href=\"http:\/\/labastidane.fr\/journal\/wp-content\/uploads\/2013\/10\/DSC_0598.jpg\"><img loading=\"lazy\" decoding=\"async\" class=\"aligncenter size-medium wp-image-5473\" alt=\"DSC_0598\" src=\"http:\/\/labastidane.fr\/journal\/wp-content\/uploads\/2013\/10\/DSC_0598-850x563.jpg\" width=\"850\" height=\"563\" srcset=\"http:\/\/labastidane.fr\/journal\/wp-content\/uploads\/2013\/10\/DSC_0598-850x563.jpg 850w, http:\/\/labastidane.fr\/journal\/wp-content\/uploads\/2013\/10\/DSC_0598-200x132.jpg 200w, http:\/\/labastidane.fr\/journal\/wp-content\/uploads\/2013\/10\/DSC_0598-1024x678.jpg 1024w, http:\/\/labastidane.fr\/journal\/wp-content\/uploads\/2013\/10\/DSC_0598.jpg 1200w\" sizes=\"(max-width: 850px) 100vw, 850px\" \/><\/a> Ses fils qu&rsquo;on a tous envie de broder de toutes les couleurs &#8230;<\/p>\n<p style=\"text-align: center;\"><a href=\"http:\/\/labastidane.fr\/journal\/wp-content\/uploads\/2013\/10\/DSC_0599.jpg\"><img loading=\"lazy\" decoding=\"async\" class=\"aligncenter size-medium wp-image-5474\" alt=\"DSC_0599\" src=\"http:\/\/labastidane.fr\/journal\/wp-content\/uploads\/2013\/10\/DSC_0599-850x563.jpg\" width=\"850\" height=\"563\" srcset=\"http:\/\/labastidane.fr\/journal\/wp-content\/uploads\/2013\/10\/DSC_0599-850x563.jpg 850w, http:\/\/labastidane.fr\/journal\/wp-content\/uploads\/2013\/10\/DSC_0599-200x132.jpg 200w, http:\/\/labastidane.fr\/journal\/wp-content\/uploads\/2013\/10\/DSC_0599-1024x678.jpg 1024w, http:\/\/labastidane.fr\/journal\/wp-content\/uploads\/2013\/10\/DSC_0599.jpg 1200w\" sizes=\"(max-width: 850px) 100vw, 850px\" \/><\/a> <a href=\"http:\/\/labastidane.fr\/journal\/wp-content\/uploads\/2013\/10\/DSC_0600.jpg\"><img loading=\"lazy\" decoding=\"async\" class=\"aligncenter size-medium wp-image-5475\" alt=\"DSC_0600\" src=\"http:\/\/labastidane.fr\/journal\/wp-content\/uploads\/2013\/10\/DSC_0600-850x563.jpg\" width=\"850\" height=\"563\" srcset=\"http:\/\/labastidane.fr\/journal\/wp-content\/uploads\/2013\/10\/DSC_0600-850x563.jpg 850w, http:\/\/labastidane.fr\/journal\/wp-content\/uploads\/2013\/10\/DSC_0600-200x132.jpg 200w, http:\/\/labastidane.fr\/journal\/wp-content\/uploads\/2013\/10\/DSC_0600-1024x678.jpg 1024w, http:\/\/labastidane.fr\/journal\/wp-content\/uploads\/2013\/10\/DSC_0600.jpg 1200w\" sizes=\"(max-width: 850px) 100vw, 850px\" \/><\/a><\/p>\n<p style=\"text-align: center;\"><a href=\"http:\/\/labastidane.fr\/journal\/wp-content\/uploads\/2013\/10\/DSC_0602.jpg\"><img loading=\"lazy\" decoding=\"async\" class=\"aligncenter size-medium wp-image-5476\" alt=\"DSC_0602\" src=\"http:\/\/labastidane.fr\/journal\/wp-content\/uploads\/2013\/10\/DSC_0602-803x850.jpg\" width=\"803\" height=\"850\" srcset=\"http:\/\/labastidane.fr\/journal\/wp-content\/uploads\/2013\/10\/DSC_0602-803x850.jpg 803w, http:\/\/labastidane.fr\/journal\/wp-content\/uploads\/2013\/10\/DSC_0602-189x200.jpg 189w, http:\/\/labastidane.fr\/journal\/wp-content\/uploads\/2013\/10\/DSC_0602-968x1024.jpg 968w, http:\/\/labastidane.fr\/journal\/wp-content\/uploads\/2013\/10\/DSC_0602.jpg 1135w\" sizes=\"(max-width: 803px) 100vw, 803px\" \/><\/a> <a href=\"http:\/\/reve2souris.canalblog.com\">V\u00e9ronique Urban<\/a> et ses r\u00eaves de souris &#8230;<a href=\"http:\/\/labastidane.fr\/journal\/wp-content\/uploads\/2013\/10\/DSC_0603.jpg\"><img loading=\"lazy\" decoding=\"async\" class=\"aligncenter size-medium wp-image-5477\" alt=\"DSC_0603\" src=\"http:\/\/labastidane.fr\/journal\/wp-content\/uploads\/2013\/10\/DSC_0603-850x563.jpg\" width=\"850\" height=\"563\" srcset=\"http:\/\/labastidane.fr\/journal\/wp-content\/uploads\/2013\/10\/DSC_0603-850x563.jpg 850w, http:\/\/labastidane.fr\/journal\/wp-content\/uploads\/2013\/10\/DSC_0603-200x132.jpg 200w, http:\/\/labastidane.fr\/journal\/wp-content\/uploads\/2013\/10\/DSC_0603-1024x678.jpg 1024w, http:\/\/labastidane.fr\/journal\/wp-content\/uploads\/2013\/10\/DSC_0603.jpg 1200w\" sizes=\"(max-width: 850px) 100vw, 850px\" \/><\/a> <a href=\"http:\/\/labastidane.fr\/journal\/wp-content\/uploads\/2013\/10\/DSC_0611.jpg\"><img loading=\"lazy\" decoding=\"async\" class=\"aligncenter size-medium wp-image-5478\" alt=\"DSC_0611\" src=\"http:\/\/labastidane.fr\/journal\/wp-content\/uploads\/2013\/10\/DSC_0611-850x718.jpg\" width=\"850\" height=\"718\" srcset=\"http:\/\/labastidane.fr\/journal\/wp-content\/uploads\/2013\/10\/DSC_0611-850x718.jpg 850w, http:\/\/labastidane.fr\/journal\/wp-content\/uploads\/2013\/10\/DSC_0611-200x169.jpg 200w, http:\/\/labastidane.fr\/journal\/wp-content\/uploads\/2013\/10\/DSC_0611-1024x865.jpg 1024w, http:\/\/labastidane.fr\/journal\/wp-content\/uploads\/2013\/10\/DSC_0611.jpg 1200w\" sizes=\"(max-width: 850px) 100vw, 850px\" \/><\/a> La mercerie Colombine \u00a0d&rsquo;H\u00e9l\u00e8ne Fabre<a href=\"http:\/\/labastidane.fr\/journal\/wp-content\/uploads\/2013\/10\/DSC_0612.jpg\"><img loading=\"lazy\" decoding=\"async\" class=\"aligncenter size-medium wp-image-5479\" alt=\"DSC_0612\" src=\"http:\/\/labastidane.fr\/journal\/wp-content\/uploads\/2013\/10\/DSC_0612-850x563.jpg\" width=\"850\" height=\"563\" srcset=\"http:\/\/labastidane.fr\/journal\/wp-content\/uploads\/2013\/10\/DSC_0612-850x563.jpg 850w, http:\/\/labastidane.fr\/journal\/wp-content\/uploads\/2013\/10\/DSC_0612-200x132.jpg 200w, http:\/\/labastidane.fr\/journal\/wp-content\/uploads\/2013\/10\/DSC_0612-1024x678.jpg 1024w, http:\/\/labastidane.fr\/journal\/wp-content\/uploads\/2013\/10\/DSC_0612.jpg 1200w\" sizes=\"(max-width: 850px) 100vw, 850px\" \/><\/a> <a href=\"http:\/\/labastidane.fr\/journal\/wp-content\/uploads\/2013\/10\/DSC_0614.jpg\"><img loading=\"lazy\" decoding=\"async\" class=\"aligncenter size-medium wp-image-5480\" alt=\"DSC_0614\" src=\"http:\/\/labastidane.fr\/journal\/wp-content\/uploads\/2013\/10\/DSC_0614-850x563.jpg\" width=\"850\" height=\"563\" srcset=\"http:\/\/labastidane.fr\/journal\/wp-content\/uploads\/2013\/10\/DSC_0614-850x563.jpg 850w, http:\/\/labastidane.fr\/journal\/wp-content\/uploads\/2013\/10\/DSC_0614-200x132.jpg 200w, http:\/\/labastidane.fr\/journal\/wp-content\/uploads\/2013\/10\/DSC_0614-1024x678.jpg 1024w, http:\/\/labastidane.fr\/journal\/wp-content\/uploads\/2013\/10\/DSC_0614.jpg 1200w\" sizes=\"(max-width: 850px) 100vw, 850px\" \/><\/a> Les abats jour de Martine de l&rsquo;association Vallis Creativa &#8230;<\/p>\n<p style=\"text-align: center;\"><a href=\"http:\/\/labastidane.fr\/journal\/wp-content\/uploads\/2013\/10\/DSC_0616.jpg\"><img loading=\"lazy\" decoding=\"async\" class=\"aligncenter size-medium wp-image-5481\" alt=\"DSC_0616\" src=\"http:\/\/labastidane.fr\/journal\/wp-content\/uploads\/2013\/10\/DSC_0616-850x563.jpg\" width=\"850\" height=\"563\" srcset=\"http:\/\/labastidane.fr\/journal\/wp-content\/uploads\/2013\/10\/DSC_0616-850x563.jpg 850w, http:\/\/labastidane.fr\/journal\/wp-content\/uploads\/2013\/10\/DSC_0616-200x132.jpg 200w, http:\/\/labastidane.fr\/journal\/wp-content\/uploads\/2013\/10\/DSC_0616-1024x678.jpg 1024w, http:\/\/labastidane.fr\/journal\/wp-content\/uploads\/2013\/10\/DSC_0616.jpg 1200w\" sizes=\"(max-width: 850px) 100vw, 850px\" \/><\/a> Les douces broderie de <a href=\"http:\/\/www.carnetdebroderies.com\/index.php?page=1&amp;lg=1\">Carnet de Broderie<\/a><a href=\"http:\/\/labastidane.fr\/journal\/wp-content\/uploads\/2013\/10\/DSC_0617.jpg\"><img loading=\"lazy\" decoding=\"async\" class=\"aligncenter size-medium wp-image-5482\" alt=\"DSC_0617\" src=\"http:\/\/labastidane.fr\/journal\/wp-content\/uploads\/2013\/10\/DSC_0617-563x850.jpg\" width=\"563\" height=\"850\" srcset=\"http:\/\/labastidane.fr\/journal\/wp-content\/uploads\/2013\/10\/DSC_0617-563x850.jpg 563w, http:\/\/labastidane.fr\/journal\/wp-content\/uploads\/2013\/10\/DSC_0617-132x200.jpg 132w, http:\/\/labastidane.fr\/journal\/wp-content\/uploads\/2013\/10\/DSC_0617-678x1024.jpg 678w, http:\/\/labastidane.fr\/journal\/wp-content\/uploads\/2013\/10\/DSC_0617.jpg 795w\" sizes=\"(max-width: 563px) 100vw, 563px\" \/><\/a> le sourire de Gisella\u00a0<a href=\"http:\/\/labastidane.fr\/journal\/wp-content\/uploads\/2013\/10\/DSC_0619.jpg\"><img loading=\"lazy\" decoding=\"async\" class=\"aligncenter size-medium wp-image-5483\" alt=\"DSC_0619\" src=\"http:\/\/labastidane.fr\/journal\/wp-content\/uploads\/2013\/10\/DSC_0619-748x850.jpg\" width=\"748\" height=\"850\" srcset=\"http:\/\/labastidane.fr\/journal\/wp-content\/uploads\/2013\/10\/DSC_0619-748x850.jpg 748w, http:\/\/labastidane.fr\/journal\/wp-content\/uploads\/2013\/10\/DSC_0619-176x200.jpg 176w, http:\/\/labastidane.fr\/journal\/wp-content\/uploads\/2013\/10\/DSC_0619-901x1024.jpg 901w, http:\/\/labastidane.fr\/journal\/wp-content\/uploads\/2013\/10\/DSC_0619.jpg 1057w\" sizes=\"(max-width: 748px) 100vw, 748px\" \/><\/a>Renato et Paola<\/p>\n<p style=\"text-align: center;\"><a href=\"http:\/\/labastidane.fr\/journal\/wp-content\/uploads\/2013\/10\/DSC_0621.jpg\"><img loading=\"lazy\" decoding=\"async\" class=\"aligncenter size-medium wp-image-5484\" alt=\"DSC_0621\" src=\"http:\/\/labastidane.fr\/journal\/wp-content\/uploads\/2013\/10\/DSC_0621-850x563.jpg\" width=\"850\" height=\"563\" srcset=\"http:\/\/labastidane.fr\/journal\/wp-content\/uploads\/2013\/10\/DSC_0621-850x563.jpg 850w, http:\/\/labastidane.fr\/journal\/wp-content\/uploads\/2013\/10\/DSC_0621-200x132.jpg 200w, http:\/\/labastidane.fr\/journal\/wp-content\/uploads\/2013\/10\/DSC_0621-1024x678.jpg 1024w, http:\/\/labastidane.fr\/journal\/wp-content\/uploads\/2013\/10\/DSC_0621.jpg 1200w\" sizes=\"(max-width: 850px) 100vw, 850px\" \/><\/a> Les b\u00e9b\u00eates de feutrine de Laurence de <a href=\"http:\/\/www.defilenfeutrine.com\">Fil en Feutrine<\/a><a href=\"http:\/\/labastidane.fr\/journal\/wp-content\/uploads\/2013\/10\/DSC_0627.jpg\"><img loading=\"lazy\" decoding=\"async\" class=\"aligncenter size-medium wp-image-5485\" alt=\"DSC_0627\" src=\"http:\/\/labastidane.fr\/journal\/wp-content\/uploads\/2013\/10\/DSC_0627-850x563.jpg\" width=\"850\" height=\"563\" srcset=\"http:\/\/labastidane.fr\/journal\/wp-content\/uploads\/2013\/10\/DSC_0627-850x563.jpg 850w, http:\/\/labastidane.fr\/journal\/wp-content\/uploads\/2013\/10\/DSC_0627-200x132.jpg 200w, http:\/\/labastidane.fr\/journal\/wp-content\/uploads\/2013\/10\/DSC_0627-1024x678.jpg 1024w, http:\/\/labastidane.fr\/journal\/wp-content\/uploads\/2013\/10\/DSC_0627.jpg 1200w\" sizes=\"(max-width: 850px) 100vw, 850px\" \/><\/a> <a href=\"http:\/\/www.broderie-mercerie-toulon-var-unjouruneidee.com\/accueil\/index.html\">un jour une id\u00e9e,<\/a> la mercerie de Saint Jean<\/p>\n<p style=\"text-align: center;\"><a href=\"http:\/\/labastidane.fr\/journal\/wp-content\/uploads\/2013\/10\/DSC_0640.jpg\"><img loading=\"lazy\" decoding=\"async\" class=\"aligncenter size-medium wp-image-5486\" alt=\"DSC_0640\" src=\"http:\/\/labastidane.fr\/journal\/wp-content\/uploads\/2013\/10\/DSC_0640-850x563.jpg\" width=\"850\" height=\"563\" srcset=\"http:\/\/labastidane.fr\/journal\/wp-content\/uploads\/2013\/10\/DSC_0640-850x563.jpg 850w, http:\/\/labastidane.fr\/journal\/wp-content\/uploads\/2013\/10\/DSC_0640-200x132.jpg 200w, http:\/\/labastidane.fr\/journal\/wp-content\/uploads\/2013\/10\/DSC_0640-1024x678.jpg 1024w, http:\/\/labastidane.fr\/journal\/wp-content\/uploads\/2013\/10\/DSC_0640.jpg 1200w\" sizes=\"(max-width: 850px) 100vw, 850px\" \/><\/a> <a href=\"http:\/\/piques.de.broderie.over-blog.com\/\">Annie et Jean Marie \u00a0Rabourdin<\/a>\u00a0et leurs divines broderies<\/p>\n<p style=\"text-align: center;\"><a href=\"http:\/\/labastidane.fr\/journal\/wp-content\/uploads\/2013\/10\/DSC_0644.jpg\"><img loading=\"lazy\" decoding=\"async\" class=\"aligncenter size-medium wp-image-5488\" alt=\"DSC_0644\" src=\"http:\/\/labastidane.fr\/journal\/wp-content\/uploads\/2013\/10\/DSC_0644-563x850.jpg\" width=\"563\" height=\"850\" srcset=\"http:\/\/labastidane.fr\/journal\/wp-content\/uploads\/2013\/10\/DSC_0644-563x850.jpg 563w, http:\/\/labastidane.fr\/journal\/wp-content\/uploads\/2013\/10\/DSC_0644-132x200.jpg 132w, http:\/\/labastidane.fr\/journal\/wp-content\/uploads\/2013\/10\/DSC_0644-678x1024.jpg 678w, http:\/\/labastidane.fr\/journal\/wp-content\/uploads\/2013\/10\/DSC_0644.jpg 795w\" sizes=\"(max-width: 563px) 100vw, 563px\" \/><\/a> <a href=\"http:\/\/catherinetourel.canalblog.com\/\">Catherine Tourel <\/a>bien s\u00fbr &#8230;<\/p>\n<p style=\"text-align: center;\"><a href=\"http:\/\/labastidane.fr\/journal\/wp-content\/uploads\/2013\/10\/DSC_0647.jpg\"><img loading=\"lazy\" decoding=\"async\" class=\"aligncenter size-medium wp-image-5489\" alt=\"DSC_0647\" src=\"http:\/\/labastidane.fr\/journal\/wp-content\/uploads\/2013\/10\/DSC_0647-778x850.jpg\" width=\"778\" height=\"850\" srcset=\"http:\/\/labastidane.fr\/journal\/wp-content\/uploads\/2013\/10\/DSC_0647-778x850.jpg 778w, http:\/\/labastidane.fr\/journal\/wp-content\/uploads\/2013\/10\/DSC_0647-183x200.jpg 183w, http:\/\/labastidane.fr\/journal\/wp-content\/uploads\/2013\/10\/DSC_0647-937x1024.jpg 937w, http:\/\/labastidane.fr\/journal\/wp-content\/uploads\/2013\/10\/DSC_0647.jpg 1099w\" sizes=\"(max-width: 778px) 100vw, 778px\" \/><\/a> <a href=\"http:\/\/www.broderiesmarilyn.com\/fr\/\">Marylin\u00a0<\/a><\/p>\n<p style=\"text-align: center;\"><a href=\"http:\/\/labastidane.fr\/journal\/wp-content\/uploads\/2013\/10\/DSC_0582.jpg\"><img loading=\"lazy\" decoding=\"async\" class=\"aligncenter size-medium wp-image-5491\" alt=\"DSC_0582\" src=\"http:\/\/labastidane.fr\/journal\/wp-content\/uploads\/2013\/10\/DSC_0582-850x563.jpg\" width=\"850\" height=\"563\" srcset=\"http:\/\/labastidane.fr\/journal\/wp-content\/uploads\/2013\/10\/DSC_0582-850x563.jpg 850w, http:\/\/labastidane.fr\/journal\/wp-content\/uploads\/2013\/10\/DSC_0582-200x132.jpg 200w, http:\/\/labastidane.fr\/journal\/wp-content\/uploads\/2013\/10\/DSC_0582-1024x678.jpg 1024w, http:\/\/labastidane.fr\/journal\/wp-content\/uploads\/2013\/10\/DSC_0582.jpg 1200w\" sizes=\"(max-width: 850px) 100vw, 850px\" \/><\/a> Et puis la fantastique tarte au saumon de Patou \u2026<\/p>\n<p style=\"text-align: center;\"><a href=\"http:\/\/labastidane.fr\/journal\/wp-content\/uploads\/2013\/10\/DSC_0581.jpg\"><br \/>\n<img loading=\"lazy\" decoding=\"async\" class=\"aligncenter size-medium wp-image-5492\" alt=\"DSC_0581\" src=\"http:\/\/labastidane.fr\/journal\/wp-content\/uploads\/2013\/10\/DSC_0581-750x850.jpg\" width=\"750\" height=\"850\" srcset=\"http:\/\/labastidane.fr\/journal\/wp-content\/uploads\/2013\/10\/DSC_0581-750x850.jpg 750w, http:\/\/labastidane.fr\/journal\/wp-content\/uploads\/2013\/10\/DSC_0581-176x200.jpg 176w, http:\/\/labastidane.fr\/journal\/wp-content\/uploads\/2013\/10\/DSC_0581-903x1024.jpg 903w, http:\/\/labastidane.fr\/journal\/wp-content\/uploads\/2013\/10\/DSC_0581.jpg 1059w\" sizes=\"(max-width: 750px) 100vw, 750px\" \/><\/a> Apr\u00e8s l&rsquo;effort des tonnes de fous rires &#8230;<\/p>\n<p style=\"text-align: center;\"><a href=\"http:\/\/labastidane.fr\/journal\/wp-content\/uploads\/2013\/10\/DSC_0501.jpg\"><img loading=\"lazy\" decoding=\"async\" class=\"aligncenter size-medium wp-image-5493\" alt=\"DSC_0501\" src=\"http:\/\/labastidane.fr\/journal\/wp-content\/uploads\/2013\/10\/DSC_0501-850x665.jpg\" width=\"850\" height=\"665\" srcset=\"http:\/\/labastidane.fr\/journal\/wp-content\/uploads\/2013\/10\/DSC_0501-850x665.jpg 850w, http:\/\/labastidane.fr\/journal\/wp-content\/uploads\/2013\/10\/DSC_0501-200x156.jpg 200w, http:\/\/labastidane.fr\/journal\/wp-content\/uploads\/2013\/10\/DSC_0501-1024x801.jpg 1024w, http:\/\/labastidane.fr\/journal\/wp-content\/uploads\/2013\/10\/DSC_0501.jpg 1200w\" sizes=\"(max-width: 850px) 100vw, 850px\" \/><\/a> un convivialit\u00e9 extr\u00eame et une bonne humeur sans pareille.<\/p>\n<p style=\"text-align: center;\"><a href=\"http:\/\/labastidane.fr\/journal\/wp-content\/uploads\/2013\/10\/DSC_0500.jpg\"><img loading=\"lazy\" decoding=\"async\" class=\"aligncenter size-medium wp-image-5494\" alt=\"DSC_0500\" src=\"http:\/\/labastidane.fr\/journal\/wp-content\/uploads\/2013\/10\/DSC_0500-563x850.jpg\" width=\"563\" height=\"850\" srcset=\"http:\/\/labastidane.fr\/journal\/wp-content\/uploads\/2013\/10\/DSC_0500-563x850.jpg 563w, http:\/\/labastidane.fr\/journal\/wp-content\/uploads\/2013\/10\/DSC_0500-132x200.jpg 132w, http:\/\/labastidane.fr\/journal\/wp-content\/uploads\/2013\/10\/DSC_0500-678x1024.jpg 678w, http:\/\/labastidane.fr\/journal\/wp-content\/uploads\/2013\/10\/DSC_0500.jpg 795w\" sizes=\"(max-width: 563px) 100vw, 563px\" \/><\/a><\/p>\n<p style=\"text-align: center;\">Merci aux organisateurs, merci \u00e0 vous, j&rsquo;ai vraiment pass\u00e9 trois jours dans une chaleur immense, au sens propre comme au figur\u00e9, merci de nous avoir chouchout\u00e9es.<\/p>\n<p style=\"text-align: center;\">\u00e0 d\u00e9couvrir le blog de la manifestation, vous retrouverez toutes les photos et celles que je n&rsquo;ai pas prises, les ateliers, les autres stands, les repas tous ensemble.<\/p>\n<p style=\"text-align: center;\"><a href=\"http:\/\/leweekendcreatifdelavaletteduvar.over-blog.com\/\">ICI<\/a><\/p>\n<p style=\"text-align: center;\">Et puis je ne voudrais pas oublier Fred, dont j&rsquo;ai oubli\u00e9 de prendre les photos de son stand<\/p>\n<p style=\"text-align: center;\">Allez courir sur son site, j&rsquo;adore son interpr\u00e9tation du point du croix<\/p>\n<p style=\"text-align: center;\">et c&rsquo;est <a href=\"http:\/\/boul2pik.fr\/\">Boul 2 Pik<\/a><\/p>\n<p style=\"text-align: center;\">Et je ne trouve plus les photos de la magnifique exposition \u00ab\u00a0Broderies d&rsquo;ailleurs\u00a0\u00bb, vous y croyez vous ?<\/p>\n<p style=\"text-align: center;\">A l&rsquo;ann\u00e9e prochaine, ils r\u00e9cidivent \u2026.<\/p>\n<div id=\"fb-root\"><\/div>\r\n<script>(function(d, s, id) {\r\n  var js, fjs = d.getElementsByTagName(s)[0];\r\n  if (d.getElementById(id)) return;\r\n  js = d.createElement(s); js.id = id;\r\n  js.src = \"\/\/connect.facebook.net\/fr_FR\/all.js#xfbml=1\";\r\n  fjs.parentNode.insertBefore(js, fjs);\r\n}(document, \"script\", \"facebook-jssdk\"));<\/script>\r\n<fb:like href=\"http:\/\/labastidane.fr\/journal\/?p=5440\" font=\"arial\" action=\"like\" layout=\"standard\" send=\"1\" width=\"\"  colorscheme=\"light\" show_faces=\"0\"  style=\"background:#FFFFFF;padding-top:0px;\r\npadding-right:0px;\r\npadding-bottom:0px;\r\npadding-left:0px;\r\nmargin-top:0px;\r\nmargin-right:0px;\r\nmargin-bottom:0px;\r\nmargin-left:0px;\r\n\"><\/fb:like><div id=\"fb-root\"><\/div>\r\n<script>(function(d, s, id) {\r\n  var js, fjs = d.getElementsByTagName(s)[0];\r\n  if (d.getElementById(id)) return;\r\n  js = d.createElement(s); js.id = id;\r\n  js.src = \"\/\/connect.facebook.net\/en_GB\/all.js#xfbml=1\";\r\n  fjs.parentNode.insertBefore(js, fjs);\r\n}(document, \"script\", \"facebook-jssdk\"));<\/script>\r\n <fb:follow href=\"https:\/\/www.facebook.com\/bastidane\/?fref=ts\" layout=\"standard\" colorscheme=\"light\" show_faces=\"0\" font=\"arial\" width=\"\" border_color=\"#FFFFFF\" style=\"background:#FFFFFF;padding-top:0px;\r\npadding-right:0px;\r\npadding-bottom:0px;\r\npadding-left:0px;\r\nmargin-top:0px;\r\nmargin-right:0px;\r\nmargin-bottom:0px;\r\nmargin-left:0px;\r\n\"><\/fb:follow>","protected":false},"excerpt":{"rendered":"<p>Moi, moi invit\u00e9e \u00e0 avoir un stand dans le prestigieux salon de la broderie de la Valette du Var, je n&rsquo;y croyais pas, je peux vous dire que j&rsquo;ai travaill\u00e9 pour pr\u00e9parer des petites choses douces et sucr\u00e9es \u00e0 vendre \u2026 et pr\u00e9parer l&rsquo;incubateur de f\u00e9es des ateliers, la premi\u00e8re chose que j&rsquo;ai faite, c&rsquo;est t\u00e9l\u00e9phoner \u00e0 ma copine de toujours Isabelle, et lui dire innocemment \u00a0\u00ab\u00a0tu fais quoi le week end \u00a0du 25 octobre, je peux squatter chez toi ? Et l\u00e0 tu te dis qu&rsquo;une copine qui se l\u00e8vent \u00e0 5h00 un matin o\u00f9 elle est en RTT pour t&rsquo;aider \u00e0 installer ton stand, \u00e7a n&rsquo;a pas de prix, on a f\u00eat\u00e9 nos 21 ans de rencontre, il y a quelques mois et depuis qu&rsquo;elle a eu le malheur de faire ma connaissance, je n&rsquo;ai pas arr\u00eat\u00e9 de lui jouer ce genre de tours. D&rsquo;abord La Valette c&rsquo;est mon fief, j&rsquo;ai connu Grand Var qui n&rsquo;\u00e9tait \u00e0 l&rsquo;\u00e9poque qu&rsquo;un seul supermarch\u00e9, \u00a0tout \u00e7a pour vous dire que je ne suis plus toute jeune, mais vous le saviez d\u00e9j\u00e0 ;-) Alors le salon du Fil de La Valette c&rsquo;est un moment magique .. des organisateurs au top, une convivialit\u00e9 g\u00e9niale &#8230; Vu d&rsquo;en haut \u2026. vu de mon perchoir &#8230; Zoomer Patou et ses merveilles \u2026 pardon et des poussi\u00e8res &#8230; Un petit bout de mon stand, j&rsquo;ai oubli\u00e9 de le prendre en grand, mais on trouvera tout \u00e7a sur le blog de l&rsquo;association organisatrice &#8230; les merveilleux boutis \u2026 de lei Roucas les broderies d&rsquo;ailleurs \u2026 de la collection de Vallis Creativa Les dentelles d&rsquo;Annick Maubert Complicit\u00e9 ou conspiration de deux cr\u00e9atrices, votre serviteur et Patou et des poussi\u00e8res. Dominique Fave et ses soies boutiss\u00e9es Renato Parolin, un monsieur ma\u00eetre dans l&rsquo;art du point de croix &#8230; \u00a0 Gisela Tamagno Gazolla, reine de du Crewel et de la Bandera &#8230; Ses fils qu&rsquo;on a tous envie de broder de toutes les couleurs &#8230; V\u00e9ronique Urban et ses r\u00eaves de souris &#8230; La mercerie Colombine \u00a0d&rsquo;H\u00e9l\u00e8ne Fabre Les abats jour de Martine de l&rsquo;association Vallis Creativa &#8230; Les douces broderie de Carnet de Broderie le sourire de Gisella\u00a0Renato et Paola Les b\u00e9b\u00eates de feutrine de Laurence de Fil en Feutrine un jour une id\u00e9e, la mercerie de Saint Jean Annie et Jean Marie \u00a0Rabourdin\u00a0et leurs divines broderies Catherine Tourel bien s\u00fbr &#8230; Marylin\u00a0 Et puis la fantastique tarte au saumon de Patou \u2026 Apr\u00e8s l&rsquo;effort des tonnes de fous rires &#8230; un convivialit\u00e9 extr\u00eame et une bonne humeur sans pareille. Merci aux organisateurs, merci \u00e0 vous, j&rsquo;ai vraiment pass\u00e9 trois jours dans une chaleur immense, au sens propre comme au figur\u00e9, merci de nous avoir chouchout\u00e9es. \u00e0 d\u00e9couvrir le blog de la manifestation, vous retrouverez toutes les photos et celles que je n&rsquo;ai pas prises, les ateliers, les autres stands, les repas tous ensemble. ICI Et puis je ne voudrais pas oublier Fred, dont j&rsquo;ai oubli\u00e9 de prendre les photos de son stand Allez courir sur son site, j&rsquo;adore son interpr\u00e9tation du point du croix et c&rsquo;est Boul 2 Pik Et je ne trouve plus les photos de la magnifique exposition \u00ab\u00a0Broderies d&rsquo;ailleurs\u00a0\u00bb, vous y croyez vous ? A l&rsquo;ann\u00e9e prochaine, ils r\u00e9cidivent \u2026.<\/p>\n","protected":false},"author":1,"featured_media":0,"comment_status":"open","ping_status":"open","sticky":false,"template":"","format":"standard","meta":{"_exactmetrics_skip_tracking":false,"_exactmetrics_sitenote_active":false,"_exactmetrics_sitenote_note":"","_exactmetrics_sitenote_category":0,"footnotes":""},"categories":[67,37],"tags":[43,59,100],"class_list":["post-5440","post","type-post","status-publish","format-standard","hentry","category-decouvrir-un-artiste","category-exposition","tag-a-decouvrir","tag-cours-et-stages","tag-exposition"],"yoast_head":"<!-- This site is optimized with the Yoast SEO plugin v20.0 - https:\/\/yoast.com\/wordpress\/plugins\/seo\/ -->\n<title>Le salon du fil de la Valette du Var \u2026.. - La Bastidane<\/title>\n<meta name=\"robots\" content=\"index, follow, max-snippet:-1, max-image-preview:large, max-video-preview:-1\" \/>\n<link rel=\"canonical\" href=\"https:\/\/labastidane.fr\/journal\/?p=5440\" \/>\n<meta property=\"og:locale\" content=\"fr_FR\" \/>\n<meta property=\"og:type\" content=\"article\" \/>\n<meta property=\"og:title\" content=\"Le salon du fil de la Valette du Var \u2026.. - La Bastidane\" \/>\n<meta property=\"og:description\" content=\"Moi, moi invit\u00e9e \u00e0 avoir un stand dans le prestigieux salon de la broderie de la Valette du Var, je n&rsquo;y croyais pas, je peux vous dire que j&rsquo;ai travaill\u00e9 pour pr\u00e9parer des petites choses douces et sucr\u00e9es \u00e0 vendre \u2026 et pr\u00e9parer l&rsquo;incubateur de f\u00e9es des ateliers, la premi\u00e8re chose que j&rsquo;ai faite, c&rsquo;est t\u00e9l\u00e9phoner \u00e0 ma copine de toujours Isabelle, et lui dire innocemment \u00a0\u00ab\u00a0tu fais quoi le week end \u00a0du 25 octobre, je peux squatter chez toi ? Et l\u00e0 tu te dis qu&rsquo;une copine qui se l\u00e8vent \u00e0 5h00 un matin o\u00f9 elle est en RTT pour t&rsquo;aider \u00e0 installer ton stand, \u00e7a n&rsquo;a pas de prix, on a f\u00eat\u00e9 nos 21 ans de rencontre, il y a quelques mois et depuis qu&rsquo;elle a eu le malheur de faire ma connaissance, je n&rsquo;ai pas arr\u00eat\u00e9 de lui jouer ce genre de tours. D&rsquo;abord La Valette c&rsquo;est mon fief, j&rsquo;ai connu Grand Var qui n&rsquo;\u00e9tait \u00e0 l&rsquo;\u00e9poque qu&rsquo;un seul supermarch\u00e9, \u00a0tout \u00e7a pour vous dire que je ne suis plus toute jeune, mais vous le saviez d\u00e9j\u00e0 ;-) Alors le salon du Fil de La Valette c&rsquo;est un moment magique .. des organisateurs au top, une convivialit\u00e9 g\u00e9niale &#8230; Vu d&rsquo;en haut \u2026. vu de mon perchoir &#8230; Zoomer Patou et ses merveilles \u2026 pardon et des poussi\u00e8res &#8230; Un petit bout de mon stand, j&rsquo;ai oubli\u00e9 de le prendre en grand, mais on trouvera tout \u00e7a sur le blog de l&rsquo;association organisatrice &#8230; les merveilleux boutis \u2026 de lei Roucas les broderies d&rsquo;ailleurs \u2026 de la collection de Vallis Creativa Les dentelles d&rsquo;Annick Maubert Complicit\u00e9 ou conspiration de deux cr\u00e9atrices, votre serviteur et Patou et des poussi\u00e8res. Dominique Fave et ses soies boutiss\u00e9es Renato Parolin, un monsieur ma\u00eetre dans l&rsquo;art du point de croix &#8230; \u00a0 Gisela Tamagno Gazolla, reine de du Crewel et de la Bandera &#8230; Ses fils qu&rsquo;on a tous envie de broder de toutes les couleurs &#8230; V\u00e9ronique Urban et ses r\u00eaves de souris &#8230; La mercerie Colombine \u00a0d&rsquo;H\u00e9l\u00e8ne Fabre Les abats jour de Martine de l&rsquo;association Vallis Creativa &#8230; Les douces broderie de Carnet de Broderie le sourire de Gisella\u00a0Renato et Paola Les b\u00e9b\u00eates de feutrine de Laurence de Fil en Feutrine un jour une id\u00e9e, la mercerie de Saint Jean Annie et Jean Marie \u00a0Rabourdin\u00a0et leurs divines broderies Catherine Tourel bien s\u00fbr &#8230; Marylin\u00a0 Et puis la fantastique tarte au saumon de Patou \u2026 Apr\u00e8s l&rsquo;effort des tonnes de fous rires &#8230; un convivialit\u00e9 extr\u00eame et une bonne humeur sans pareille. Merci aux organisateurs, merci \u00e0 vous, j&rsquo;ai vraiment pass\u00e9 trois jours dans une chaleur immense, au sens propre comme au figur\u00e9, merci de nous avoir chouchout\u00e9es. \u00e0 d\u00e9couvrir le blog de la manifestation, vous retrouverez toutes les photos et celles que je n&rsquo;ai pas prises, les ateliers, les autres stands, les repas tous ensemble. ICI Et puis je ne voudrais pas oublier Fred, dont j&rsquo;ai oubli\u00e9 de prendre les photos de son stand Allez courir sur son site, j&rsquo;adore son interpr\u00e9tation du point du croix et c&rsquo;est Boul 2 Pik Et je ne trouve plus les photos de la magnifique exposition \u00ab\u00a0Broderies d&rsquo;ailleurs\u00a0\u00bb, vous y croyez vous ? A l&rsquo;ann\u00e9e prochaine, ils r\u00e9cidivent \u2026.\" \/>\n<meta property=\"og:url\" content=\"https:\/\/labastidane.fr\/journal\/?p=5440\" \/>\n<meta property=\"og:site_name\" content=\"La Bastidane\" \/>\n<meta property=\"article:published_time\" content=\"2013-10-28T10:26:18+00:00\" \/>\n<meta property=\"article:modified_time\" content=\"2013-10-28T11:05:49+00:00\" \/>\n<meta property=\"og:image\" content=\"http:\/\/labastidane.fr\/journal\/wp-content\/uploads\/2013\/10\/DSC_0486-850x563.jpg\" \/>\n<meta name=\"author\" content=\"La Bastidane\" \/>\n<meta name=\"twitter:card\" content=\"summary_large_image\" \/>\n<meta name=\"twitter:label1\" content=\"\u00c9crit par\" \/>\n\t<meta name=\"twitter:data1\" content=\"La Bastidane\" \/>\n\t<meta name=\"twitter:label2\" content=\"Dur\u00e9e de lecture estim\u00e9e\" \/>\n\t<meta name=\"twitter:data2\" content=\"3 minutes\" \/>\n<script type=\"application\/ld+json\" class=\"yoast-schema-graph\">{\"@context\":\"https:\/\/schema.org\",\"@graph\":[{\"@type\":\"WebPage\",\"@id\":\"https:\/\/labastidane.fr\/journal\/?p=5440\",\"url\":\"https:\/\/labastidane.fr\/journal\/?p=5440\",\"name\":\"Le salon du fil de la Valette du Var \u2026.. - La Bastidane\",\"isPartOf\":{\"@id\":\"http:\/\/labastidane.fr\/journal\/#website\"},\"datePublished\":\"2013-10-28T10:26:18+00:00\",\"dateModified\":\"2013-10-28T11:05:49+00:00\",\"author\":{\"@id\":\"http:\/\/labastidane.fr\/journal\/#\/schema\/person\/af75d95a9045c134ad8810c99727f4cd\"},\"breadcrumb\":{\"@id\":\"https:\/\/labastidane.fr\/journal\/?p=5440#breadcrumb\"},\"inLanguage\":\"fr-FR\",\"potentialAction\":[{\"@type\":\"ReadAction\",\"target\":[\"https:\/\/labastidane.fr\/journal\/?p=5440\"]}]},{\"@type\":\"BreadcrumbList\",\"@id\":\"https:\/\/labastidane.fr\/journal\/?p=5440#breadcrumb\",\"itemListElement\":[{\"@type\":\"ListItem\",\"position\":1,\"name\":\"Accueil\",\"item\":\"http:\/\/labastidane.fr\/journal\"},{\"@type\":\"ListItem\",\"position\":2,\"name\":\"Le salon du fil de la Valette du Var \u2026..\"}]},{\"@type\":\"WebSite\",\"@id\":\"http:\/\/labastidane.fr\/journal\/#website\",\"url\":\"http:\/\/labastidane.fr\/journal\/\",\"name\":\"La Bastidane\",\"description\":\"Cr\u00e9ations Improbables en Luberon\",\"potentialAction\":[{\"@type\":\"SearchAction\",\"target\":{\"@type\":\"EntryPoint\",\"urlTemplate\":\"http:\/\/labastidane.fr\/journal\/?s={search_term_string}\"},\"query-input\":\"required name=search_term_string\"}],\"inLanguage\":\"fr-FR\"},{\"@type\":\"Person\",\"@id\":\"http:\/\/labastidane.fr\/journal\/#\/schema\/person\/af75d95a9045c134ad8810c99727f4cd\",\"name\":\"La Bastidane\",\"image\":{\"@type\":\"ImageObject\",\"inLanguage\":\"fr-FR\",\"@id\":\"http:\/\/labastidane.fr\/journal\/#\/schema\/person\/image\/\",\"url\":\"https:\/\/secure.gravatar.com\/avatar\/53e4719b91c0ffc5bae88b7937a395ed0d9dd04cfb0a5b501ad69c2c044f7eeb?s=96&d=blank&r=g\",\"contentUrl\":\"https:\/\/secure.gravatar.com\/avatar\/53e4719b91c0ffc5bae88b7937a395ed0d9dd04cfb0a5b501ad69c2c044f7eeb?s=96&d=blank&r=g\",\"caption\":\"La Bastidane\"},\"sameAs\":[\"http:\/\/labastidane.fr\/journal\/\"],\"url\":\"http:\/\/labastidane.fr\/journal\/?author=1\"}]}<\/script>\n<!-- \/ Yoast SEO plugin. -->","yoast_head_json":{"title":"Le salon du fil de la Valette du Var \u2026.. - La Bastidane","robots":{"index":"index","follow":"follow","max-snippet":"max-snippet:-1","max-image-preview":"max-image-preview:large","max-video-preview":"max-video-preview:-1"},"canonical":"https:\/\/labastidane.fr\/journal\/?p=5440","og_locale":"fr_FR","og_type":"article","og_title":"Le salon du fil de la Valette du Var \u2026.. - La Bastidane","og_description":"Moi, moi invit\u00e9e \u00e0 avoir un stand dans le prestigieux salon de la broderie de la Valette du Var, je n&rsquo;y croyais pas, je peux vous dire que j&rsquo;ai travaill\u00e9 pour pr\u00e9parer des petites choses douces et sucr\u00e9es \u00e0 vendre \u2026 et pr\u00e9parer l&rsquo;incubateur de f\u00e9es des ateliers, la premi\u00e8re chose que j&rsquo;ai faite, c&rsquo;est t\u00e9l\u00e9phoner \u00e0 ma copine de toujours Isabelle, et lui dire innocemment \u00a0\u00ab\u00a0tu fais quoi le week end \u00a0du 25 octobre, je peux squatter chez toi ? Et l\u00e0 tu te dis qu&rsquo;une copine qui se l\u00e8vent \u00e0 5h00 un matin o\u00f9 elle est en RTT pour t&rsquo;aider \u00e0 installer ton stand, \u00e7a n&rsquo;a pas de prix, on a f\u00eat\u00e9 nos 21 ans de rencontre, il y a quelques mois et depuis qu&rsquo;elle a eu le malheur de faire ma connaissance, je n&rsquo;ai pas arr\u00eat\u00e9 de lui jouer ce genre de tours. D&rsquo;abord La Valette c&rsquo;est mon fief, j&rsquo;ai connu Grand Var qui n&rsquo;\u00e9tait \u00e0 l&rsquo;\u00e9poque qu&rsquo;un seul supermarch\u00e9, \u00a0tout \u00e7a pour vous dire que je ne suis plus toute jeune, mais vous le saviez d\u00e9j\u00e0 ;-) Alors le salon du Fil de La Valette c&rsquo;est un moment magique .. des organisateurs au top, une convivialit\u00e9 g\u00e9niale &#8230; Vu d&rsquo;en haut \u2026. vu de mon perchoir &#8230; Zoomer Patou et ses merveilles \u2026 pardon et des poussi\u00e8res &#8230; Un petit bout de mon stand, j&rsquo;ai oubli\u00e9 de le prendre en grand, mais on trouvera tout \u00e7a sur le blog de l&rsquo;association organisatrice &#8230; les merveilleux boutis \u2026 de lei Roucas les broderies d&rsquo;ailleurs \u2026 de la collection de Vallis Creativa Les dentelles d&rsquo;Annick Maubert Complicit\u00e9 ou conspiration de deux cr\u00e9atrices, votre serviteur et Patou et des poussi\u00e8res. Dominique Fave et ses soies boutiss\u00e9es Renato Parolin, un monsieur ma\u00eetre dans l&rsquo;art du point de croix &#8230; \u00a0 Gisela Tamagno Gazolla, reine de du Crewel et de la Bandera &#8230; Ses fils qu&rsquo;on a tous envie de broder de toutes les couleurs &#8230; V\u00e9ronique Urban et ses r\u00eaves de souris &#8230; La mercerie Colombine \u00a0d&rsquo;H\u00e9l\u00e8ne Fabre Les abats jour de Martine de l&rsquo;association Vallis Creativa &#8230; Les douces broderie de Carnet de Broderie le sourire de Gisella\u00a0Renato et Paola Les b\u00e9b\u00eates de feutrine de Laurence de Fil en Feutrine un jour une id\u00e9e, la mercerie de Saint Jean Annie et Jean Marie \u00a0Rabourdin\u00a0et leurs divines broderies Catherine Tourel bien s\u00fbr &#8230; Marylin\u00a0 Et puis la fantastique tarte au saumon de Patou \u2026 Apr\u00e8s l&rsquo;effort des tonnes de fous rires &#8230; un convivialit\u00e9 extr\u00eame et une bonne humeur sans pareille. Merci aux organisateurs, merci \u00e0 vous, j&rsquo;ai vraiment pass\u00e9 trois jours dans une chaleur immense, au sens propre comme au figur\u00e9, merci de nous avoir chouchout\u00e9es. \u00e0 d\u00e9couvrir le blog de la manifestation, vous retrouverez toutes les photos et celles que je n&rsquo;ai pas prises, les ateliers, les autres stands, les repas tous ensemble. ICI Et puis je ne voudrais pas oublier Fred, dont j&rsquo;ai oubli\u00e9 de prendre les photos de son stand Allez courir sur son site, j&rsquo;adore son interpr\u00e9tation du point du croix et c&rsquo;est Boul 2 Pik Et je ne trouve plus les photos de la magnifique exposition \u00ab\u00a0Broderies d&rsquo;ailleurs\u00a0\u00bb, vous y croyez vous ? A l&rsquo;ann\u00e9e prochaine, ils r\u00e9cidivent \u2026.","og_url":"https:\/\/labastidane.fr\/journal\/?p=5440","og_site_name":"La Bastidane","article_published_time":"2013-10-28T10:26:18+00:00","article_modified_time":"2013-10-28T11:05:49+00:00","og_image":[{"url":"http:\/\/labastidane.fr\/journal\/wp-content\/uploads\/2013\/10\/DSC_0486-850x563.jpg"}],"author":"La Bastidane","twitter_card":"summary_large_image","twitter_misc":{"\u00c9crit par":"La Bastidane","Dur\u00e9e de lecture estim\u00e9e":"3 minutes"},"schema":{"@context":"https:\/\/schema.org","@graph":[{"@type":"WebPage","@id":"https:\/\/labastidane.fr\/journal\/?p=5440","url":"https:\/\/labastidane.fr\/journal\/?p=5440","name":"Le salon du fil de la Valette du Var \u2026.. - La Bastidane","isPartOf":{"@id":"http:\/\/labastidane.fr\/journal\/#website"},"datePublished":"2013-10-28T10:26:18+00:00","dateModified":"2013-10-28T11:05:49+00:00","author":{"@id":"http:\/\/labastidane.fr\/journal\/#\/schema\/person\/af75d95a9045c134ad8810c99727f4cd"},"breadcrumb":{"@id":"https:\/\/labastidane.fr\/journal\/?p=5440#breadcrumb"},"inLanguage":"fr-FR","potentialAction":[{"@type":"ReadAction","target":["https:\/\/labastidane.fr\/journal\/?p=5440"]}]},{"@type":"BreadcrumbList","@id":"https:\/\/labastidane.fr\/journal\/?p=5440#breadcrumb","itemListElement":[{"@type":"ListItem","position":1,"name":"Accueil","item":"http:\/\/labastidane.fr\/journal"},{"@type":"ListItem","position":2,"name":"Le salon du fil de la Valette du Var \u2026.."}]},{"@type":"WebSite","@id":"http:\/\/labastidane.fr\/journal\/#website","url":"http:\/\/labastidane.fr\/journal\/","name":"La Bastidane","description":"Cr\u00e9ations Improbables en Luberon","potentialAction":[{"@type":"SearchAction","target":{"@type":"EntryPoint","urlTemplate":"http:\/\/labastidane.fr\/journal\/?s={search_term_string}"},"query-input":"required name=search_term_string"}],"inLanguage":"fr-FR"},{"@type":"Person","@id":"http:\/\/labastidane.fr\/journal\/#\/schema\/person\/af75d95a9045c134ad8810c99727f4cd","name":"La Bastidane","image":{"@type":"ImageObject","inLanguage":"fr-FR","@id":"http:\/\/labastidane.fr\/journal\/#\/schema\/person\/image\/","url":"https:\/\/secure.gravatar.com\/avatar\/53e4719b91c0ffc5bae88b7937a395ed0d9dd04cfb0a5b501ad69c2c044f7eeb?s=96&d=blank&r=g","contentUrl":"https:\/\/secure.gravatar.com\/avatar\/53e4719b91c0ffc5bae88b7937a395ed0d9dd04cfb0a5b501ad69c2c044f7eeb?s=96&d=blank&r=g","caption":"La Bastidane"},"sameAs":["http:\/\/labastidane.fr\/journal\/"],"url":"http:\/\/labastidane.fr\/journal\/?author=1"}]}},"jetpack_featured_media_url":"","_links":{"self":[{"href":"http:\/\/labastidane.fr\/journal\/index.php?rest_route=\/wp\/v2\/posts\/5440","targetHints":{"allow":["GET"]}}],"collection":[{"href":"http:\/\/labastidane.fr\/journal\/index.php?rest_route=\/wp\/v2\/posts"}],"about":[{"href":"http:\/\/labastidane.fr\/journal\/index.php?rest_route=\/wp\/v2\/types\/post"}],"author":[{"embeddable":true,"href":"http:\/\/labastidane.fr\/journal\/index.php?rest_route=\/wp\/v2\/users\/1"}],"replies":[{"embeddable":true,"href":"http:\/\/labastidane.fr\/journal\/index.php?rest_route=%2Fwp%2Fv2%2Fcomments&post=5440"}],"version-history":[{"count":4,"href":"http:\/\/labastidane.fr\/journal\/index.php?rest_route=\/wp\/v2\/posts\/5440\/revisions"}],"predecessor-version":[{"id":5498,"href":"http:\/\/labastidane.fr\/journal\/index.php?rest_route=\/wp\/v2\/posts\/5440\/revisions\/5498"}],"wp:attachment":[{"href":"http:\/\/labastidane.fr\/journal\/index.php?rest_route=%2Fwp%2Fv2%2Fmedia&parent=5440"}],"wp:term":[{"taxonomy":"category","embeddable":true,"href":"http:\/\/labastidane.fr\/journal\/index.php?rest_route=%2Fwp%2Fv2%2Fcategories&post=5440"},{"taxonomy":"post_tag","embeddable":true,"href":"http:\/\/labastidane.fr\/journal\/index.php?rest_route=%2Fwp%2Fv2%2Ftags&post=5440"}],"curies":[{"name":"wp","href":"https:\/\/api.w.org\/{rel}","templated":true}]}}