{"id":5653,"date":"2014-01-29T12:58:50","date_gmt":"2014-01-29T08:58:50","guid":{"rendered":"http:\/\/labastidane.fr\/journal\/?p=5653"},"modified":"2014-01-29T12:58:50","modified_gmt":"2014-01-29T08:58:50","slug":"les-brodeuses-ont-du-coeur","status":"publish","type":"post","link":"http:\/\/labastidane.fr\/journal\/?p=5653","title":{"rendered":"Les brodeuses ont du coeur"},"content":{"rendered":"<p style=\"text-align: center;\">Je vous ai d\u00e9j\u00e0 parl\u00e9 du \u00a0salon <a href=\"https:\/\/www.facebook.com\/FiliSenzaTempo\">Fili senza tempo <\/a>de Formigine en septembre dernier, le prochain se tiendra au mois de mars, je ne peux pas y participer et je le regrette de tout coeur, \u00a0plusieurs cr\u00e9atrices ont offert un mod\u00e8le pour constituer un livret au profit de\u00a0<a href=\"http:\/\/www.lalucciola.org\/\" target=\"_blank\" rel=\"nofollow nofollow\">http:\/\/www.lalucciola.org\/<\/a><br \/>\nCentre de th\u00e9rapie infantile qui a souffert gravement du tremblement de terre de 2012.<br \/>\nLe th\u00e8me de ce livret \u00e9tant les contes de f\u00e9es\u2026<br \/>\nJ&rsquo;a craqu\u00e9 sur la participation de<a href=\"http:\/\/patouetdespoussieres.over-blog.fr\"> Patou et des poussi\u00e8re<\/a>s, \u00a0la pantoufle de vair de Cendrillon\u2026 \u00a0Patou originaire de Toscane qui nous offre \u00e0 chacun de ses ouvrages, son \u00e2me m\u00e9diterran\u00e9enne.<\/p>\n<p style=\"text-align: center;\">et j&rsquo;aime \u00e7a, les cr\u00e9atrices qui ont du coeur.<\/p>\n<p style=\"text-align: center;\">\n<p style=\"text-align: center;\"><a href=\"http:\/\/labastidane.fr\/journal\/wp-content\/uploads\/2014\/01\/pantoufledevair.jpg\"><img fetchpriority=\"high\" decoding=\"async\" class=\"aligncenter size-medium wp-image-5654\" alt=\"pantoufledevair\" src=\"http:\/\/labastidane.fr\/journal\/wp-content\/uploads\/2014\/01\/pantoufledevair-850x637.jpg\" width=\"850\" height=\"637\" srcset=\"http:\/\/labastidane.fr\/journal\/wp-content\/uploads\/2014\/01\/pantoufledevair-850x637.jpg 850w, http:\/\/labastidane.fr\/journal\/wp-content\/uploads\/2014\/01\/pantoufledevair-200x150.jpg 200w, http:\/\/labastidane.fr\/journal\/wp-content\/uploads\/2014\/01\/pantoufledevair.jpg 960w\" sizes=\"(max-width: 850px) 100vw, 850px\" \/><\/a><\/p>\n<div id=\"fb-root\"><\/div>\r\n<script>(function(d, s, id) {\r\n  var js, fjs = d.getElementsByTagName(s)[0];\r\n  if (d.getElementById(id)) return;\r\n  js = d.createElement(s); js.id = id;\r\n  js.src = \"\/\/connect.facebook.net\/fr_FR\/all.js#xfbml=1\";\r\n  fjs.parentNode.insertBefore(js, fjs);\r\n}(document, \"script\", \"facebook-jssdk\"));<\/script>\r\n<fb:like href=\"http:\/\/labastidane.fr\/journal\/?p=5653\" font=\"arial\" action=\"like\" layout=\"standard\" send=\"1\" width=\"\"  colorscheme=\"light\" show_faces=\"0\"  style=\"background:#FFFFFF;padding-top:0px;\r\npadding-right:0px;\r\npadding-bottom:0px;\r\npadding-left:0px;\r\nmargin-top:0px;\r\nmargin-right:0px;\r\nmargin-bottom:0px;\r\nmargin-left:0px;\r\n\"><\/fb:like><div id=\"fb-root\"><\/div>\r\n<script>(function(d, s, id) {\r\n  var js, fjs = d.getElementsByTagName(s)[0];\r\n  if (d.getElementById(id)) return;\r\n  js = d.createElement(s); js.id = id;\r\n  js.src = \"\/\/connect.facebook.net\/en_GB\/all.js#xfbml=1\";\r\n  fjs.parentNode.insertBefore(js, fjs);\r\n}(document, \"script\", \"facebook-jssdk\"));<\/script>\r\n <fb:follow href=\"https:\/\/www.facebook.com\/bastidane\/?fref=ts\" layout=\"standard\" colorscheme=\"light\" show_faces=\"0\" font=\"arial\" width=\"\" border_color=\"#FFFFFF\" style=\"background:#FFFFFF;padding-top:0px;\r\npadding-right:0px;\r\npadding-bottom:0px;\r\npadding-left:0px;\r\nmargin-top:0px;\r\nmargin-right:0px;\r\nmargin-bottom:0px;\r\nmargin-left:0px;\r\n\"><\/fb:follow>","protected":false},"excerpt":{"rendered":"<p>Je vous ai d\u00e9j\u00e0 parl\u00e9 du \u00a0salon Fili senza tempo de Formigine en septembre dernier, le prochain se tiendra au mois de mars, je ne peux pas y participer et je le regrette de tout coeur, \u00a0plusieurs cr\u00e9atrices ont offert un mod\u00e8le pour constituer un livret au profit de\u00a0http:\/\/www.lalucciola.org\/ Centre de th\u00e9rapie infantile qui a souffert gravement du tremblement de terre de 2012. Le th\u00e8me de ce livret \u00e9tant les contes de f\u00e9es\u2026 J&rsquo;a craqu\u00e9 sur la participation de Patou et des poussi\u00e8res, \u00a0la pantoufle de vair de Cendrillon\u2026 \u00a0Patou originaire de Toscane qui nous offre \u00e0 chacun de ses ouvrages, son \u00e2me m\u00e9diterran\u00e9enne. et j&rsquo;aime \u00e7a, les cr\u00e9atrices qui ont du coeur.<\/p>\n","protected":false},"author":1,"featured_media":0,"comment_status":"open","ping_status":"open","sticky":false,"template":"","format":"standard","meta":{"_exactmetrics_skip_tracking":false,"_exactmetrics_sitenote_active":false,"_exactmetrics_sitenote_note":"","_exactmetrics_sitenote_category":0,"footnotes":""},"categories":[37],"tags":[43],"class_list":["post-5653","post","type-post","status-publish","format-standard","hentry","category-exposition","tag-a-decouvrir"],"yoast_head":"<!-- This site is optimized with the Yoast SEO plugin v20.0 - https:\/\/yoast.com\/wordpress\/plugins\/seo\/ -->\n<title>Les brodeuses ont du coeur - La Bastidane<\/title>\n<meta name=\"robots\" content=\"index, follow, max-snippet:-1, max-image-preview:large, max-video-preview:-1\" \/>\n<link rel=\"canonical\" href=\"http:\/\/labastidane.fr\/journal\/?p=5653\" \/>\n<meta property=\"og:locale\" content=\"fr_FR\" \/>\n<meta property=\"og:type\" content=\"article\" \/>\n<meta property=\"og:title\" content=\"Les brodeuses ont du coeur - La Bastidane\" \/>\n<meta property=\"og:description\" content=\"Je vous ai d\u00e9j\u00e0 parl\u00e9 du \u00a0salon Fili senza tempo de Formigine en septembre dernier, le prochain se tiendra au mois de mars, je ne peux pas y participer et je le regrette de tout coeur, \u00a0plusieurs cr\u00e9atrices ont offert un mod\u00e8le pour constituer un livret au profit de\u00a0http:\/\/www.lalucciola.org\/ Centre de th\u00e9rapie infantile qui a souffert gravement du tremblement de terre de 2012. Le th\u00e8me de ce livret \u00e9tant les contes de f\u00e9es\u2026 J&rsquo;a craqu\u00e9 sur la participation de Patou et des poussi\u00e8res, \u00a0la pantoufle de vair de Cendrillon\u2026 \u00a0Patou originaire de Toscane qui nous offre \u00e0 chacun de ses ouvrages, son \u00e2me m\u00e9diterran\u00e9enne. et j&rsquo;aime \u00e7a, les cr\u00e9atrices qui ont du coeur.\" \/>\n<meta property=\"og:url\" content=\"http:\/\/labastidane.fr\/journal\/?p=5653\" \/>\n<meta property=\"og:site_name\" content=\"La Bastidane\" \/>\n<meta property=\"article:published_time\" content=\"2014-01-29T08:58:50+00:00\" \/>\n<meta property=\"og:image\" content=\"http:\/\/labastidane.fr\/journal\/wp-content\/uploads\/2014\/01\/pantoufledevair-850x637.jpg\" \/>\n<meta name=\"author\" content=\"La Bastidane\" \/>\n<meta name=\"twitter:card\" content=\"summary_large_image\" \/>\n<meta name=\"twitter:label1\" content=\"\u00c9crit par\" \/>\n\t<meta name=\"twitter:data1\" content=\"La Bastidane\" \/>\n\t<meta name=\"twitter:label2\" content=\"Dur\u00e9e de lecture estim\u00e9e\" \/>\n\t<meta name=\"twitter:data2\" content=\"1 minute\" \/>\n<script type=\"application\/ld+json\" class=\"yoast-schema-graph\">{\"@context\":\"https:\/\/schema.org\",\"@graph\":[{\"@type\":\"WebPage\",\"@id\":\"http:\/\/labastidane.fr\/journal\/?p=5653\",\"url\":\"http:\/\/labastidane.fr\/journal\/?p=5653\",\"name\":\"Les brodeuses ont du coeur - La Bastidane\",\"isPartOf\":{\"@id\":\"http:\/\/labastidane.fr\/journal\/#website\"},\"datePublished\":\"2014-01-29T08:58:50+00:00\",\"dateModified\":\"2014-01-29T08:58:50+00:00\",\"author\":{\"@id\":\"http:\/\/labastidane.fr\/journal\/#\/schema\/person\/af75d95a9045c134ad8810c99727f4cd\"},\"breadcrumb\":{\"@id\":\"http:\/\/labastidane.fr\/journal\/?p=5653#breadcrumb\"},\"inLanguage\":\"fr-FR\",\"potentialAction\":[{\"@type\":\"ReadAction\",\"target\":[\"http:\/\/labastidane.fr\/journal\/?p=5653\"]}]},{\"@type\":\"BreadcrumbList\",\"@id\":\"http:\/\/labastidane.fr\/journal\/?p=5653#breadcrumb\",\"itemListElement\":[{\"@type\":\"ListItem\",\"position\":1,\"name\":\"Accueil\",\"item\":\"http:\/\/labastidane.fr\/journal\"},{\"@type\":\"ListItem\",\"position\":2,\"name\":\"Les brodeuses ont du coeur\"}]},{\"@type\":\"WebSite\",\"@id\":\"http:\/\/labastidane.fr\/journal\/#website\",\"url\":\"http:\/\/labastidane.fr\/journal\/\",\"name\":\"La Bastidane\",\"description\":\"Cr\u00e9ations Improbables en Luberon\",\"potentialAction\":[{\"@type\":\"SearchAction\",\"target\":{\"@type\":\"EntryPoint\",\"urlTemplate\":\"http:\/\/labastidane.fr\/journal\/?s={search_term_string}\"},\"query-input\":\"required name=search_term_string\"}],\"inLanguage\":\"fr-FR\"},{\"@type\":\"Person\",\"@id\":\"http:\/\/labastidane.fr\/journal\/#\/schema\/person\/af75d95a9045c134ad8810c99727f4cd\",\"name\":\"La Bastidane\",\"image\":{\"@type\":\"ImageObject\",\"inLanguage\":\"fr-FR\",\"@id\":\"http:\/\/labastidane.fr\/journal\/#\/schema\/person\/image\/\",\"url\":\"https:\/\/secure.gravatar.com\/avatar\/53e4719b91c0ffc5bae88b7937a395ed0d9dd04cfb0a5b501ad69c2c044f7eeb?s=96&d=blank&r=g\",\"contentUrl\":\"https:\/\/secure.gravatar.com\/avatar\/53e4719b91c0ffc5bae88b7937a395ed0d9dd04cfb0a5b501ad69c2c044f7eeb?s=96&d=blank&r=g\",\"caption\":\"La Bastidane\"},\"sameAs\":[\"http:\/\/labastidane.fr\/journal\/\"],\"url\":\"http:\/\/labastidane.fr\/journal\/?author=1\"}]}<\/script>\n<!-- \/ Yoast SEO plugin. -->","yoast_head_json":{"title":"Les brodeuses ont du coeur - La Bastidane","robots":{"index":"index","follow":"follow","max-snippet":"max-snippet:-1","max-image-preview":"max-image-preview:large","max-video-preview":"max-video-preview:-1"},"canonical":"http:\/\/labastidane.fr\/journal\/?p=5653","og_locale":"fr_FR","og_type":"article","og_title":"Les brodeuses ont du coeur - La Bastidane","og_description":"Je vous ai d\u00e9j\u00e0 parl\u00e9 du \u00a0salon Fili senza tempo de Formigine en septembre dernier, le prochain se tiendra au mois de mars, je ne peux pas y participer et je le regrette de tout coeur, \u00a0plusieurs cr\u00e9atrices ont offert un mod\u00e8le pour constituer un livret au profit de\u00a0http:\/\/www.lalucciola.org\/ Centre de th\u00e9rapie infantile qui a souffert gravement du tremblement de terre de 2012. Le th\u00e8me de ce livret \u00e9tant les contes de f\u00e9es\u2026 J&rsquo;a craqu\u00e9 sur la participation de Patou et des poussi\u00e8res, \u00a0la pantoufle de vair de Cendrillon\u2026 \u00a0Patou originaire de Toscane qui nous offre \u00e0 chacun de ses ouvrages, son \u00e2me m\u00e9diterran\u00e9enne. et j&rsquo;aime \u00e7a, les cr\u00e9atrices qui ont du coeur.","og_url":"http:\/\/labastidane.fr\/journal\/?p=5653","og_site_name":"La Bastidane","article_published_time":"2014-01-29T08:58:50+00:00","og_image":[{"url":"http:\/\/labastidane.fr\/journal\/wp-content\/uploads\/2014\/01\/pantoufledevair-850x637.jpg"}],"author":"La Bastidane","twitter_card":"summary_large_image","twitter_misc":{"\u00c9crit par":"La Bastidane","Dur\u00e9e de lecture estim\u00e9e":"1 minute"},"schema":{"@context":"https:\/\/schema.org","@graph":[{"@type":"WebPage","@id":"http:\/\/labastidane.fr\/journal\/?p=5653","url":"http:\/\/labastidane.fr\/journal\/?p=5653","name":"Les brodeuses ont du coeur - La Bastidane","isPartOf":{"@id":"http:\/\/labastidane.fr\/journal\/#website"},"datePublished":"2014-01-29T08:58:50+00:00","dateModified":"2014-01-29T08:58:50+00:00","author":{"@id":"http:\/\/labastidane.fr\/journal\/#\/schema\/person\/af75d95a9045c134ad8810c99727f4cd"},"breadcrumb":{"@id":"http:\/\/labastidane.fr\/journal\/?p=5653#breadcrumb"},"inLanguage":"fr-FR","potentialAction":[{"@type":"ReadAction","target":["http:\/\/labastidane.fr\/journal\/?p=5653"]}]},{"@type":"BreadcrumbList","@id":"http:\/\/labastidane.fr\/journal\/?p=5653#breadcrumb","itemListElement":[{"@type":"ListItem","position":1,"name":"Accueil","item":"http:\/\/labastidane.fr\/journal"},{"@type":"ListItem","position":2,"name":"Les brodeuses ont du coeur"}]},{"@type":"WebSite","@id":"http:\/\/labastidane.fr\/journal\/#website","url":"http:\/\/labastidane.fr\/journal\/","name":"La Bastidane","description":"Cr\u00e9ations Improbables en Luberon","potentialAction":[{"@type":"SearchAction","target":{"@type":"EntryPoint","urlTemplate":"http:\/\/labastidane.fr\/journal\/?s={search_term_string}"},"query-input":"required name=search_term_string"}],"inLanguage":"fr-FR"},{"@type":"Person","@id":"http:\/\/labastidane.fr\/journal\/#\/schema\/person\/af75d95a9045c134ad8810c99727f4cd","name":"La Bastidane","image":{"@type":"ImageObject","inLanguage":"fr-FR","@id":"http:\/\/labastidane.fr\/journal\/#\/schema\/person\/image\/","url":"https:\/\/secure.gravatar.com\/avatar\/53e4719b91c0ffc5bae88b7937a395ed0d9dd04cfb0a5b501ad69c2c044f7eeb?s=96&d=blank&r=g","contentUrl":"https:\/\/secure.gravatar.com\/avatar\/53e4719b91c0ffc5bae88b7937a395ed0d9dd04cfb0a5b501ad69c2c044f7eeb?s=96&d=blank&r=g","caption":"La Bastidane"},"sameAs":["http:\/\/labastidane.fr\/journal\/"],"url":"http:\/\/labastidane.fr\/journal\/?author=1"}]}},"jetpack_featured_media_url":"","_links":{"self":[{"href":"http:\/\/labastidane.fr\/journal\/index.php?rest_route=\/wp\/v2\/posts\/5653","targetHints":{"allow":["GET"]}}],"collection":[{"href":"http:\/\/labastidane.fr\/journal\/index.php?rest_route=\/wp\/v2\/posts"}],"about":[{"href":"http:\/\/labastidane.fr\/journal\/index.php?rest_route=\/wp\/v2\/types\/post"}],"author":[{"embeddable":true,"href":"http:\/\/labastidane.fr\/journal\/index.php?rest_route=\/wp\/v2\/users\/1"}],"replies":[{"embeddable":true,"href":"http:\/\/labastidane.fr\/journal\/index.php?rest_route=%2Fwp%2Fv2%2Fcomments&post=5653"}],"version-history":[{"count":1,"href":"http:\/\/labastidane.fr\/journal\/index.php?rest_route=\/wp\/v2\/posts\/5653\/revisions"}],"predecessor-version":[{"id":5655,"href":"http:\/\/labastidane.fr\/journal\/index.php?rest_route=\/wp\/v2\/posts\/5653\/revisions\/5655"}],"wp:attachment":[{"href":"http:\/\/labastidane.fr\/journal\/index.php?rest_route=%2Fwp%2Fv2%2Fmedia&parent=5653"}],"wp:term":[{"taxonomy":"category","embeddable":true,"href":"http:\/\/labastidane.fr\/journal\/index.php?rest_route=%2Fwp%2Fv2%2Fcategories&post=5653"},{"taxonomy":"post_tag","embeddable":true,"href":"http:\/\/labastidane.fr\/journal\/index.php?rest_route=%2Fwp%2Fv2%2Ftags&post=5653"}],"curies":[{"name":"wp","href":"https:\/\/api.w.org\/{rel}","templated":true}]}}