{"id":6672,"date":"2015-04-01T12:05:30","date_gmt":"2015-04-01T08:05:30","guid":{"rendered":"http:\/\/labastidane.fr\/journal\/?p=6672"},"modified":"2015-04-01T13:53:09","modified_gmt":"2015-04-01T09:53:09","slug":"fiche-gratuite-du-mois-davril-le-sac-printemps","status":"publish","type":"post","link":"http:\/\/labastidane.fr\/journal\/?p=6672","title":{"rendered":"Fiche gratuite du mois d&rsquo;Avril &#8230;. le sac printemps"},"content":{"rendered":"<p><img decoding=\"async\" class=\"aligncenter  wp-image-6678\" src=\"http:\/\/labastidane.fr\/journal\/wp-content\/uploads\/2015\/04\/images.jpeg\" alt=\"images\" width=\"153\" height=\"149\" srcset=\"http:\/\/labastidane.fr\/journal\/wp-content\/uploads\/2015\/04\/images.jpeg 228w, http:\/\/labastidane.fr\/journal\/wp-content\/uploads\/2015\/04\/images-200x195.jpeg 200w\" sizes=\"(max-width: 153px) 100vw, 153px\" \/><\/p>\n<p>&nbsp;<\/p>\n<p style=\"text-align: center;\">CECI N&rsquo;EST PAS UN POISSON &#8230;..<\/p>\n<p style=\"text-align: center;\">C&rsquo;\u00e9tait en 2013, j&rsquo;avais besoin de fra\u00eecheur et de douceur, et j&rsquo;avais cr\u00e9e ce sac, \u00a0du piqu\u00e9 de coton, un imprim\u00e9 fleuri, des perles et quelques hexagones qui s&rsquo;\u00e9taient pos\u00e9s sur lui tels des papillons, frais d\u00e9licat comme une journ\u00e9e de printemps, parce que pour certaines il est d\u00e9j\u00e0 l\u00e0, pour d&rsquo;autres ils tardent \u00e0 venir, peut \u00eatre qu&rsquo;il viendra plus rapidement si vous confectionnez ce sac \u00a0;-)<\/p>\n<p style=\"text-align: center;\">J&rsquo;esp\u00e8re que \u00e7a vous plaira, que vous avez envie que je continue \u00e0 vous offrir mes fiches gratuitement, j&rsquo;ai besoin de rendre la vie plus belle.<\/p>\n<h3 style=\"text-align: center;\"><a href=\"http:\/\/labastidane.fr\/journal\/wp-content\/uploads\/2015\/04\/fichesacprintemps1.pdf\">Fiche gratuite \u00ab\u00a0Le Sac Printemps\u00a0\u00bb \u00e0 t\u00e9l\u00e9charger ICI<\/a><\/h3>\n<p>&nbsp;<\/p>\n<p>&nbsp;<\/p>\n<p style=\"text-align: center;\">Comme d&rsquo;habitude, partagez sur vos blogs, et envoyez moi une photo de votre ouvrage, et le 1er mai je vous donnerais une autre fiche gratuite.<\/p>\n<p>&nbsp;<\/p>\n<p><img decoding=\"async\" class=\"aligncenter  wp-image-6678\" src=\"http:\/\/labastidane.fr\/journal\/wp-content\/uploads\/2015\/04\/images.jpeg\" alt=\"images\" width=\"152\" height=\"148\" srcset=\"http:\/\/labastidane.fr\/journal\/wp-content\/uploads\/2015\/04\/images.jpeg 228w, http:\/\/labastidane.fr\/journal\/wp-content\/uploads\/2015\/04\/images-200x195.jpeg 200w\" sizes=\"(max-width: 152px) 100vw, 152px\" \/><\/p>\n<p>&nbsp;<\/p>\n<p><img fetchpriority=\"high\" decoding=\"async\" class=\"aligncenter size-medium wp-image-6673\" src=\"http:\/\/labastidane.fr\/journal\/wp-content\/uploads\/2015\/04\/DSC_0605-2-696x900.jpg\" alt=\"DSC_0605-2\" width=\"696\" height=\"900\" srcset=\"http:\/\/labastidane.fr\/journal\/wp-content\/uploads\/2015\/04\/DSC_0605-2-696x900.jpg 696w, http:\/\/labastidane.fr\/journal\/wp-content\/uploads\/2015\/04\/DSC_0605-2-155x200.jpg 155w, http:\/\/labastidane.fr\/journal\/wp-content\/uploads\/2015\/04\/DSC_0605-2-792x1024.jpg 792w, http:\/\/labastidane.fr\/journal\/wp-content\/uploads\/2015\/04\/DSC_0605-2.jpg 1237w\" sizes=\"(max-width: 696px) 100vw, 696px\" \/><\/p>\n<p>&nbsp;<\/p>\n<p><img loading=\"lazy\" decoding=\"async\" class=\"aligncenter size-medium wp-image-6674\" src=\"http:\/\/labastidane.fr\/journal\/wp-content\/uploads\/2015\/04\/DSC_0633-1-602x900.jpg\" alt=\"DSC_0633-1\" width=\"602\" height=\"900\" srcset=\"http:\/\/labastidane.fr\/journal\/wp-content\/uploads\/2015\/04\/DSC_0633-1-602x900.jpg 602w, http:\/\/labastidane.fr\/journal\/wp-content\/uploads\/2015\/04\/DSC_0633-1-134x200.jpg 134w, http:\/\/labastidane.fr\/journal\/wp-content\/uploads\/2015\/04\/DSC_0633-1-685x1024.jpg 685w, http:\/\/labastidane.fr\/journal\/wp-content\/uploads\/2015\/04\/DSC_0633-1.jpg 1071w\" sizes=\"(max-width: 602px) 100vw, 602px\" \/><\/p>\n<p>&nbsp;<\/p>\n<p>&nbsp;<\/p>\n<p style=\"text-align: center;\">N&rsquo;oubliez pas <a href=\"http:\/\/www.aiguilles-en-luberon.com\">Aigu&rsquo;illes en Luberon,<\/a> sur la route de la cr\u00e9ation textile du 14 au 17 mai 2015,<\/p>\n<p style=\"text-align: center;\">les 4\u00e8mes rencontres internationales de patchwork et d&rsquo;art textile, qu&rsquo;on se le dise.<\/p>\n<p><a href=\"http:\/\/www.aiguilles-en-luberon.com\"><img loading=\"lazy\" decoding=\"async\" class=\"aligncenter wp-image-6684 size-medium\" src=\"http:\/\/labastidane.fr\/journal\/wp-content\/uploads\/2015\/04\/banniereael-850x313.jpg\" alt=\"banniereael\" width=\"850\" height=\"313\" srcset=\"http:\/\/labastidane.fr\/journal\/wp-content\/uploads\/2015\/04\/banniereael-850x313.jpg 850w, http:\/\/labastidane.fr\/journal\/wp-content\/uploads\/2015\/04\/banniereael-200x74.jpg 200w, http:\/\/labastidane.fr\/journal\/wp-content\/uploads\/2015\/04\/banniereael-1024x377.jpg 1024w, http:\/\/labastidane.fr\/journal\/wp-content\/uploads\/2015\/04\/banniereael.jpg 2048w\" sizes=\"(max-width: 850px) 100vw, 850px\" \/><\/a><\/p>\n<div id=\"fb-root\"><\/div>\r\n<script>(function(d, s, id) {\r\n  var js, fjs = d.getElementsByTagName(s)[0];\r\n  if (d.getElementById(id)) return;\r\n  js = d.createElement(s); js.id = id;\r\n  js.src = \"\/\/connect.facebook.net\/fr_FR\/all.js#xfbml=1\";\r\n  fjs.parentNode.insertBefore(js, fjs);\r\n}(document, \"script\", \"facebook-jssdk\"));<\/script>\r\n<fb:like href=\"http:\/\/labastidane.fr\/journal\/?p=6672\" font=\"arial\" action=\"like\" layout=\"standard\" send=\"1\" width=\"\"  colorscheme=\"light\" show_faces=\"0\"  style=\"background:#FFFFFF;padding-top:0px;\r\npadding-right:0px;\r\npadding-bottom:0px;\r\npadding-left:0px;\r\nmargin-top:0px;\r\nmargin-right:0px;\r\nmargin-bottom:0px;\r\nmargin-left:0px;\r\n\"><\/fb:like><div id=\"fb-root\"><\/div>\r\n<script>(function(d, s, id) {\r\n  var js, fjs = d.getElementsByTagName(s)[0];\r\n  if (d.getElementById(id)) return;\r\n  js = d.createElement(s); js.id = id;\r\n  js.src = \"\/\/connect.facebook.net\/en_GB\/all.js#xfbml=1\";\r\n  fjs.parentNode.insertBefore(js, fjs);\r\n}(document, \"script\", \"facebook-jssdk\"));<\/script>\r\n <fb:follow href=\"https:\/\/www.facebook.com\/bastidane\/?fref=ts\" layout=\"standard\" colorscheme=\"light\" show_faces=\"0\" font=\"arial\" width=\"\" border_color=\"#FFFFFF\" style=\"background:#FFFFFF;padding-top:0px;\r\npadding-right:0px;\r\npadding-bottom:0px;\r\npadding-left:0px;\r\nmargin-top:0px;\r\nmargin-right:0px;\r\nmargin-bottom:0px;\r\nmargin-left:0px;\r\n\"><\/fb:follow>","protected":false},"excerpt":{"rendered":"<p>&nbsp; CECI N&rsquo;EST PAS UN POISSON &#8230;.. C&rsquo;\u00e9tait en 2013, j&rsquo;avais besoin de fra\u00eecheur et de douceur, et j&rsquo;avais cr\u00e9e ce sac, \u00a0du piqu\u00e9 de coton, un imprim\u00e9 fleuri, des perles et quelques hexagones qui s&rsquo;\u00e9taient pos\u00e9s sur lui tels des papillons, frais d\u00e9licat comme une journ\u00e9e de printemps, parce que pour certaines il est d\u00e9j\u00e0 l\u00e0, pour d&rsquo;autres ils tardent \u00e0 venir, peut \u00eatre qu&rsquo;il viendra plus rapidement si vous confectionnez ce sac \u00a0;-) J&rsquo;esp\u00e8re que \u00e7a vous plaira, que vous avez envie que je continue \u00e0 vous offrir mes fiches gratuitement, j&rsquo;ai besoin de rendre la vie plus belle. Fiche gratuite \u00ab\u00a0Le Sac Printemps\u00a0\u00bb \u00e0 t\u00e9l\u00e9charger ICI &nbsp; &nbsp; Comme d&rsquo;habitude, partagez sur vos blogs, et envoyez moi une photo de votre ouvrage, et le 1er mai je vous donnerais une autre fiche gratuite. &nbsp; &nbsp; &nbsp; &nbsp; &nbsp; N&rsquo;oubliez pas Aigu&rsquo;illes en Luberon, sur la route de la cr\u00e9ation textile du 14 au 17 mai 2015, les 4\u00e8mes rencontres internationales de patchwork et d&rsquo;art textile, qu&rsquo;on se le dise.<\/p>\n","protected":false},"author":1,"featured_media":6675,"comment_status":"open","ping_status":"open","sticky":false,"template":"","format":"standard","meta":{"_exactmetrics_skip_tracking":false,"_exactmetrics_sitenote_active":false,"_exactmetrics_sitenote_note":"","_exactmetrics_sitenote_category":0,"footnotes":""},"categories":[98],"tags":[43,22,17],"class_list":["post-6672","post","type-post","status-publish","format-standard","has-post-thumbnail","hentry","category-inspiration","tag-a-decouvrir","tag-fiches-gratuites","tag-les-creations"],"yoast_head":"<!-- This site is optimized with the Yoast SEO plugin v20.0 - https:\/\/yoast.com\/wordpress\/plugins\/seo\/ -->\n<title>Fiche gratuite du mois d&#039;Avril .... le sac printemps - La Bastidane<\/title>\n<meta name=\"robots\" content=\"index, follow, max-snippet:-1, max-image-preview:large, max-video-preview:-1\" \/>\n<link rel=\"canonical\" href=\"http:\/\/labastidane.fr\/journal\/?p=6672\" \/>\n<meta property=\"og:locale\" content=\"fr_FR\" \/>\n<meta property=\"og:type\" content=\"article\" \/>\n<meta property=\"og:title\" content=\"Fiche gratuite du mois d&#039;Avril .... le sac printemps - La Bastidane\" \/>\n<meta property=\"og:description\" content=\"&nbsp; CECI N&rsquo;EST PAS UN POISSON &#8230;.. C&rsquo;\u00e9tait en 2013, j&rsquo;avais besoin de fra\u00eecheur et de douceur, et j&rsquo;avais cr\u00e9e ce sac, \u00a0du piqu\u00e9 de coton, un imprim\u00e9 fleuri, des perles et quelques hexagones qui s&rsquo;\u00e9taient pos\u00e9s sur lui tels des papillons, frais d\u00e9licat comme une journ\u00e9e de printemps, parce que pour certaines il est d\u00e9j\u00e0 l\u00e0, pour d&rsquo;autres ils tardent \u00e0 venir, peut \u00eatre qu&rsquo;il viendra plus rapidement si vous confectionnez ce sac \u00a0;-) J&rsquo;esp\u00e8re que \u00e7a vous plaira, que vous avez envie que je continue \u00e0 vous offrir mes fiches gratuitement, j&rsquo;ai besoin de rendre la vie plus belle. Fiche gratuite \u00ab\u00a0Le Sac Printemps\u00a0\u00bb \u00e0 t\u00e9l\u00e9charger ICI &nbsp; &nbsp; Comme d&rsquo;habitude, partagez sur vos blogs, et envoyez moi une photo de votre ouvrage, et le 1er mai je vous donnerais une autre fiche gratuite. &nbsp; &nbsp; &nbsp; &nbsp; &nbsp; N&rsquo;oubliez pas Aigu&rsquo;illes en Luberon, sur la route de la cr\u00e9ation textile du 14 au 17 mai 2015, les 4\u00e8mes rencontres internationales de patchwork et d&rsquo;art textile, qu&rsquo;on se le dise.\" \/>\n<meta property=\"og:url\" content=\"http:\/\/labastidane.fr\/journal\/?p=6672\" \/>\n<meta property=\"og:site_name\" content=\"La Bastidane\" \/>\n<meta property=\"article:published_time\" content=\"2015-04-01T08:05:30+00:00\" \/>\n<meta property=\"article:modified_time\" content=\"2015-04-01T09:53:09+00:00\" \/>\n<meta property=\"og:image\" content=\"http:\/\/labastidane.fr\/journal\/wp-content\/uploads\/2015\/04\/sac40-850x568.jpg\" \/>\n\t<meta property=\"og:image:width\" content=\"850\" \/>\n\t<meta property=\"og:image:height\" content=\"568\" \/>\n\t<meta property=\"og:image:type\" content=\"image\/jpeg\" \/>\n<meta name=\"author\" content=\"La Bastidane\" \/>\n<meta name=\"twitter:card\" content=\"summary_large_image\" \/>\n<meta name=\"twitter:label1\" content=\"\u00c9crit par\" \/>\n\t<meta name=\"twitter:data1\" content=\"La Bastidane\" \/>\n\t<meta name=\"twitter:label2\" content=\"Dur\u00e9e de lecture estim\u00e9e\" \/>\n\t<meta name=\"twitter:data2\" content=\"1 minute\" \/>\n<script type=\"application\/ld+json\" class=\"yoast-schema-graph\">{\"@context\":\"https:\/\/schema.org\",\"@graph\":[{\"@type\":\"WebPage\",\"@id\":\"http:\/\/labastidane.fr\/journal\/?p=6672\",\"url\":\"http:\/\/labastidane.fr\/journal\/?p=6672\",\"name\":\"Fiche gratuite du mois d'Avril .... le sac printemps - La Bastidane\",\"isPartOf\":{\"@id\":\"http:\/\/labastidane.fr\/journal\/#website\"},\"datePublished\":\"2015-04-01T08:05:30+00:00\",\"dateModified\":\"2015-04-01T09:53:09+00:00\",\"author\":{\"@id\":\"http:\/\/labastidane.fr\/journal\/#\/schema\/person\/af75d95a9045c134ad8810c99727f4cd\"},\"breadcrumb\":{\"@id\":\"http:\/\/labastidane.fr\/journal\/?p=6672#breadcrumb\"},\"inLanguage\":\"fr-FR\",\"potentialAction\":[{\"@type\":\"ReadAction\",\"target\":[\"http:\/\/labastidane.fr\/journal\/?p=6672\"]}]},{\"@type\":\"BreadcrumbList\",\"@id\":\"http:\/\/labastidane.fr\/journal\/?p=6672#breadcrumb\",\"itemListElement\":[{\"@type\":\"ListItem\",\"position\":1,\"name\":\"Accueil\",\"item\":\"http:\/\/labastidane.fr\/journal\"},{\"@type\":\"ListItem\",\"position\":2,\"name\":\"Fiche gratuite du mois d&rsquo;Avril &#8230;. le sac printemps\"}]},{\"@type\":\"WebSite\",\"@id\":\"http:\/\/labastidane.fr\/journal\/#website\",\"url\":\"http:\/\/labastidane.fr\/journal\/\",\"name\":\"La Bastidane\",\"description\":\"Cr\u00e9ations Improbables en Luberon\",\"potentialAction\":[{\"@type\":\"SearchAction\",\"target\":{\"@type\":\"EntryPoint\",\"urlTemplate\":\"http:\/\/labastidane.fr\/journal\/?s={search_term_string}\"},\"query-input\":\"required name=search_term_string\"}],\"inLanguage\":\"fr-FR\"},{\"@type\":\"Person\",\"@id\":\"http:\/\/labastidane.fr\/journal\/#\/schema\/person\/af75d95a9045c134ad8810c99727f4cd\",\"name\":\"La Bastidane\",\"image\":{\"@type\":\"ImageObject\",\"inLanguage\":\"fr-FR\",\"@id\":\"http:\/\/labastidane.fr\/journal\/#\/schema\/person\/image\/\",\"url\":\"https:\/\/secure.gravatar.com\/avatar\/53e4719b91c0ffc5bae88b7937a395ed0d9dd04cfb0a5b501ad69c2c044f7eeb?s=96&d=blank&r=g\",\"contentUrl\":\"https:\/\/secure.gravatar.com\/avatar\/53e4719b91c0ffc5bae88b7937a395ed0d9dd04cfb0a5b501ad69c2c044f7eeb?s=96&d=blank&r=g\",\"caption\":\"La Bastidane\"},\"sameAs\":[\"http:\/\/labastidane.fr\/journal\/\"],\"url\":\"http:\/\/labastidane.fr\/journal\/?author=1\"}]}<\/script>\n<!-- \/ Yoast SEO plugin. -->","yoast_head_json":{"title":"Fiche gratuite du mois d'Avril .... le sac printemps - La Bastidane","robots":{"index":"index","follow":"follow","max-snippet":"max-snippet:-1","max-image-preview":"max-image-preview:large","max-video-preview":"max-video-preview:-1"},"canonical":"http:\/\/labastidane.fr\/journal\/?p=6672","og_locale":"fr_FR","og_type":"article","og_title":"Fiche gratuite du mois d'Avril .... le sac printemps - La Bastidane","og_description":"&nbsp; CECI N&rsquo;EST PAS UN POISSON &#8230;.. C&rsquo;\u00e9tait en 2013, j&rsquo;avais besoin de fra\u00eecheur et de douceur, et j&rsquo;avais cr\u00e9e ce sac, \u00a0du piqu\u00e9 de coton, un imprim\u00e9 fleuri, des perles et quelques hexagones qui s&rsquo;\u00e9taient pos\u00e9s sur lui tels des papillons, frais d\u00e9licat comme une journ\u00e9e de printemps, parce que pour certaines il est d\u00e9j\u00e0 l\u00e0, pour d&rsquo;autres ils tardent \u00e0 venir, peut \u00eatre qu&rsquo;il viendra plus rapidement si vous confectionnez ce sac \u00a0;-) J&rsquo;esp\u00e8re que \u00e7a vous plaira, que vous avez envie que je continue \u00e0 vous offrir mes fiches gratuitement, j&rsquo;ai besoin de rendre la vie plus belle. Fiche gratuite \u00ab\u00a0Le Sac Printemps\u00a0\u00bb \u00e0 t\u00e9l\u00e9charger ICI &nbsp; &nbsp; Comme d&rsquo;habitude, partagez sur vos blogs, et envoyez moi une photo de votre ouvrage, et le 1er mai je vous donnerais une autre fiche gratuite. &nbsp; &nbsp; &nbsp; &nbsp; &nbsp; N&rsquo;oubliez pas Aigu&rsquo;illes en Luberon, sur la route de la cr\u00e9ation textile du 14 au 17 mai 2015, les 4\u00e8mes rencontres internationales de patchwork et d&rsquo;art textile, qu&rsquo;on se le dise.","og_url":"http:\/\/labastidane.fr\/journal\/?p=6672","og_site_name":"La Bastidane","article_published_time":"2015-04-01T08:05:30+00:00","article_modified_time":"2015-04-01T09:53:09+00:00","og_image":[{"width":850,"height":568,"url":"http:\/\/labastidane.fr\/journal\/wp-content\/uploads\/2015\/04\/sac40-850x568.jpg","type":"image\/jpeg"}],"author":"La Bastidane","twitter_card":"summary_large_image","twitter_misc":{"\u00c9crit par":"La Bastidane","Dur\u00e9e de lecture estim\u00e9e":"1 minute"},"schema":{"@context":"https:\/\/schema.org","@graph":[{"@type":"WebPage","@id":"http:\/\/labastidane.fr\/journal\/?p=6672","url":"http:\/\/labastidane.fr\/journal\/?p=6672","name":"Fiche gratuite du mois d'Avril .... le sac printemps - La Bastidane","isPartOf":{"@id":"http:\/\/labastidane.fr\/journal\/#website"},"datePublished":"2015-04-01T08:05:30+00:00","dateModified":"2015-04-01T09:53:09+00:00","author":{"@id":"http:\/\/labastidane.fr\/journal\/#\/schema\/person\/af75d95a9045c134ad8810c99727f4cd"},"breadcrumb":{"@id":"http:\/\/labastidane.fr\/journal\/?p=6672#breadcrumb"},"inLanguage":"fr-FR","potentialAction":[{"@type":"ReadAction","target":["http:\/\/labastidane.fr\/journal\/?p=6672"]}]},{"@type":"BreadcrumbList","@id":"http:\/\/labastidane.fr\/journal\/?p=6672#breadcrumb","itemListElement":[{"@type":"ListItem","position":1,"name":"Accueil","item":"http:\/\/labastidane.fr\/journal"},{"@type":"ListItem","position":2,"name":"Fiche gratuite du mois d&rsquo;Avril &#8230;. le sac printemps"}]},{"@type":"WebSite","@id":"http:\/\/labastidane.fr\/journal\/#website","url":"http:\/\/labastidane.fr\/journal\/","name":"La Bastidane","description":"Cr\u00e9ations Improbables en Luberon","potentialAction":[{"@type":"SearchAction","target":{"@type":"EntryPoint","urlTemplate":"http:\/\/labastidane.fr\/journal\/?s={search_term_string}"},"query-input":"required name=search_term_string"}],"inLanguage":"fr-FR"},{"@type":"Person","@id":"http:\/\/labastidane.fr\/journal\/#\/schema\/person\/af75d95a9045c134ad8810c99727f4cd","name":"La Bastidane","image":{"@type":"ImageObject","inLanguage":"fr-FR","@id":"http:\/\/labastidane.fr\/journal\/#\/schema\/person\/image\/","url":"https:\/\/secure.gravatar.com\/avatar\/53e4719b91c0ffc5bae88b7937a395ed0d9dd04cfb0a5b501ad69c2c044f7eeb?s=96&d=blank&r=g","contentUrl":"https:\/\/secure.gravatar.com\/avatar\/53e4719b91c0ffc5bae88b7937a395ed0d9dd04cfb0a5b501ad69c2c044f7eeb?s=96&d=blank&r=g","caption":"La Bastidane"},"sameAs":["http:\/\/labastidane.fr\/journal\/"],"url":"http:\/\/labastidane.fr\/journal\/?author=1"}]}},"jetpack_featured_media_url":"http:\/\/labastidane.fr\/journal\/wp-content\/uploads\/2015\/04\/sac40-850x568.jpg","_links":{"self":[{"href":"http:\/\/labastidane.fr\/journal\/index.php?rest_route=\/wp\/v2\/posts\/6672","targetHints":{"allow":["GET"]}}],"collection":[{"href":"http:\/\/labastidane.fr\/journal\/index.php?rest_route=\/wp\/v2\/posts"}],"about":[{"href":"http:\/\/labastidane.fr\/journal\/index.php?rest_route=\/wp\/v2\/types\/post"}],"author":[{"embeddable":true,"href":"http:\/\/labastidane.fr\/journal\/index.php?rest_route=\/wp\/v2\/users\/1"}],"replies":[{"embeddable":true,"href":"http:\/\/labastidane.fr\/journal\/index.php?rest_route=%2Fwp%2Fv2%2Fcomments&post=6672"}],"version-history":[{"count":8,"href":"http:\/\/labastidane.fr\/journal\/index.php?rest_route=\/wp\/v2\/posts\/6672\/revisions"}],"predecessor-version":[{"id":6686,"href":"http:\/\/labastidane.fr\/journal\/index.php?rest_route=\/wp\/v2\/posts\/6672\/revisions\/6686"}],"wp:featuredmedia":[{"embeddable":true,"href":"http:\/\/labastidane.fr\/journal\/index.php?rest_route=\/wp\/v2\/media\/6675"}],"wp:attachment":[{"href":"http:\/\/labastidane.fr\/journal\/index.php?rest_route=%2Fwp%2Fv2%2Fmedia&parent=6672"}],"wp:term":[{"taxonomy":"category","embeddable":true,"href":"http:\/\/labastidane.fr\/journal\/index.php?rest_route=%2Fwp%2Fv2%2Fcategories&post=6672"},{"taxonomy":"post_tag","embeddable":true,"href":"http:\/\/labastidane.fr\/journal\/index.php?rest_route=%2Fwp%2Fv2%2Ftags&post=6672"}],"curies":[{"name":"wp","href":"https:\/\/api.w.org\/{rel}","templated":true}]}}