{"id":6852,"date":"2015-07-04T08:51:36","date_gmt":"2015-07-04T04:51:36","guid":{"rendered":"http:\/\/labastidane.fr\/journal\/?p=6852"},"modified":"2015-07-04T08:52:04","modified_gmt":"2015-07-04T04:52:04","slug":"allons-donc-creer-des-ronds-de-fees-atelier-broderie-aux-rubans-le-26-septembre","status":"publish","type":"post","link":"http:\/\/labastidane.fr\/journal\/?p=6852","title":{"rendered":"Allons donc cr\u00e9er des ronds de f\u00e9es  &#8211; Atelier broderie aux rubans le 26 septembre"},"content":{"rendered":"<p style=\"text-align: center;\"><img decoding=\"async\" class=\"aligncenter  wp-image-6359\" src=\"http:\/\/labastidane.fr\/journal\/wp-content\/uploads\/2014\/08\/champignons-185x200.gif\" alt=\"champignons\" width=\"58\" height=\"63\" \/><\/p>\n<p style=\"text-align: center;\">Le 26 septembre de 9h30 \u00e0 17h00, je vous apprendrais \u00e0 cr\u00e9er une f\u00e9e et un mignon champignon en broderie aux rubans de soie.Vous apprendrez plusieurs points, vous apprendrez \u00e0 cr\u00e9er le champignon pour faire un rond de f\u00e9e et je vous aiderai \u00e0 cr\u00e9er votre f\u00e9e, \u00e7a vous tente ? Ils seront l\u00e0 tout deux pour rendre f\u00e9\u00e9rique votre coin broderie. L&rsquo;un pour garder les \u00e9pingles, l&rsquo;autre pour surveiller votre d\u00e9 \u00e0 coudre. C&rsquo;est \u00e0 Martigues \u00a0\u00e0 la Bigourello, 20 rue Sinetis et je vous donne le num\u00e9ro de t\u00e9l\u00e9phone pour les inscriptions 04 42 81 24 68. (40 euros pour les adh\u00e9rentes, fournitures comprises (kit pour le champignon et kit pour la f\u00e9e), 45 euros pour les non adh\u00e9rentes)<\/p>\n<p style=\"text-align: center;\">L&rsquo;histoire est jolie, voulez vous que je vous la raconte ?<\/p>\n<p>&nbsp;<\/p>\n<p style=\"text-align: center;\"><img decoding=\"async\" class=\"aligncenter  wp-image-6359\" src=\"http:\/\/labastidane.fr\/journal\/wp-content\/uploads\/2014\/08\/champignons-185x200.gif\" alt=\"champignons\" width=\"58\" height=\"63\" \/><\/p>\n<p style=\"text-align: center;\">Ce matin, j&rsquo;ai d\u00e9couvert sur ma table de jardin, une f\u00e9e qui arrosait un champignon &#8230;<\/p>\n<p style=\"text-align: center;\"><img decoding=\"async\" class=\"aligncenter  wp-image-6359\" src=\"http:\/\/labastidane.fr\/journal\/wp-content\/uploads\/2014\/08\/champignons-185x200.gif\" alt=\"champignons\" width=\"58\" height=\"63\" \/><\/p>\n<p style=\"text-align: center;\"><img fetchpriority=\"high\" decoding=\"async\" class=\"aligncenter wp-image-6338 size-medium\" src=\"http:\/\/labastidane.fr\/journal\/wp-content\/uploads\/2014\/08\/DSC_0859-850x655.jpg\" alt=\"DSC_0859\" width=\"850\" height=\"655\" srcset=\"http:\/\/labastidane.fr\/journal\/wp-content\/uploads\/2014\/08\/DSC_0859-850x655.jpg 850w, http:\/\/labastidane.fr\/journal\/wp-content\/uploads\/2014\/08\/DSC_0859-200x154.jpg 200w, http:\/\/labastidane.fr\/journal\/wp-content\/uploads\/2014\/08\/DSC_0859-1024x789.jpg 1024w, http:\/\/labastidane.fr\/journal\/wp-content\/uploads\/2014\/08\/DSC_0859.jpg 1600w\" sizes=\"(max-width: 850px) 100vw, 850px\" \/><\/p>\n<p style=\"text-align: center;\"><img decoding=\"async\" class=\"aligncenter  wp-image-6359\" src=\"http:\/\/labastidane.fr\/journal\/wp-content\/uploads\/2014\/08\/champignons-185x200.gif\" alt=\"champignons\" width=\"58\" height=\"63\" \/><\/p>\n<p style=\"text-align: center;\">Elle semblait fatigu\u00e9e, je lui posais cette question,<\/p>\n<p style=\"text-align: center;\">mais que faites vous l\u00e0 ? \u00a0Je sais que c&rsquo;est la canicule, mais pourquoi arrosez vous &#8230;. ?<\/p>\n<p style=\"text-align: center;\"><img decoding=\"async\" class=\"aligncenter  wp-image-6359\" src=\"http:\/\/labastidane.fr\/journal\/wp-content\/uploads\/2014\/08\/champignons-185x200.gif\" alt=\"champignons\" width=\"58\" height=\"63\" \/><\/p>\n<p style=\"text-align: center;\"><img decoding=\"async\" class=\"aligncenter wp-image-6341 size-medium\" src=\"http:\/\/labastidane.fr\/journal\/wp-content\/uploads\/2014\/08\/DSC_0896-850x563.jpg\" alt=\"DSC_0896\" width=\"850\" height=\"563\" srcset=\"http:\/\/labastidane.fr\/journal\/wp-content\/uploads\/2014\/08\/DSC_0896-850x563.jpg 850w, http:\/\/labastidane.fr\/journal\/wp-content\/uploads\/2014\/08\/DSC_0896-200x132.jpg 200w, http:\/\/labastidane.fr\/journal\/wp-content\/uploads\/2014\/08\/DSC_0896-1024x678.jpg 1024w, http:\/\/labastidane.fr\/journal\/wp-content\/uploads\/2014\/08\/DSC_0896.jpg 1600w\" sizes=\"(max-width: 850px) 100vw, 850px\" \/><\/p>\n<p style=\"text-align: center;\"><img decoding=\"async\" class=\"aligncenter  wp-image-6359\" src=\"http:\/\/labastidane.fr\/journal\/wp-content\/uploads\/2014\/08\/champignons-185x200.gif\" alt=\"champignons\" width=\"58\" height=\"63\" \/><\/p>\n<p style=\"text-align: center;\">J&rsquo;ai besoin d&rsquo;aide me dit-elle, il faut que je fasse pousser les champignons pour faire un rond de f\u00e9es,<\/p>\n<p style=\"text-align: center;\">vous savez ces cercles magiques qui recouvrent les clairi\u00e8res,<\/p>\n<p style=\"text-align: center;\">o\u00f9 nous dansons et chantons en de rondes irr\u00e9elles &#8230;.<\/p>\n<p style=\"text-align: center;\"><img decoding=\"async\" class=\"aligncenter  wp-image-6359\" src=\"http:\/\/labastidane.fr\/journal\/wp-content\/uploads\/2014\/08\/champignons-185x200.gif\" alt=\"champignons\" width=\"58\" height=\"63\" \/><\/p>\n<p style=\"text-align: center;\"><img loading=\"lazy\" decoding=\"async\" class=\"aligncenter wp-image-6343 size-medium\" src=\"http:\/\/labastidane.fr\/journal\/wp-content\/uploads\/2014\/08\/DSC_0905-850x563.jpg\" alt=\"DSC_0905\" width=\"850\" height=\"563\" srcset=\"http:\/\/labastidane.fr\/journal\/wp-content\/uploads\/2014\/08\/DSC_0905-850x563.jpg 850w, http:\/\/labastidane.fr\/journal\/wp-content\/uploads\/2014\/08\/DSC_0905-200x132.jpg 200w, http:\/\/labastidane.fr\/journal\/wp-content\/uploads\/2014\/08\/DSC_0905-1024x678.jpg 1024w, http:\/\/labastidane.fr\/journal\/wp-content\/uploads\/2014\/08\/DSC_0905.jpg 1600w\" sizes=\"(max-width: 850px) 100vw, 850px\" \/><\/p>\n<p style=\"text-align: center;\"><img decoding=\"async\" class=\"aligncenter  wp-image-6359\" src=\"http:\/\/labastidane.fr\/journal\/wp-content\/uploads\/2014\/08\/champignons-185x200.gif\" alt=\"champignons\" width=\"58\" height=\"63\" \/><\/p>\n<p style=\"text-align: center;\">je la rassurais et je promis de l&rsquo;aider &#8230; en septembre , vous serez plus nombreuses, je vais faire tout mon possible,<\/p>\n<p style=\"text-align: center;\">pour que des dames cr\u00e9ent de nombreux champignons et fassent na\u00eetre entre leurs doigts des f\u00e9es jardini\u00e8res<\/p>\n<p style=\"text-align: center;\">et ainsi vous formerez une belle \u00e9quipe &#8230;.<\/p>\n<p style=\"text-align: center;\">Je m&rsquo;attelais \u00e0 la t\u00e2che, demain sera un autre jour &#8230; \u00a0bient\u00f4t sera le jour des f\u00e9es.<\/p>\n<p style=\"text-align: center;\">Belle journ\u00e9e \u00e0 vous, une journ\u00e9e magique bien s\u00fbr.<\/p>\n<p style=\"text-align: center;\"><img decoding=\"async\" class=\"aligncenter  wp-image-6359\" src=\"http:\/\/labastidane.fr\/journal\/wp-content\/uploads\/2014\/08\/champignons-185x200.gif\" alt=\"champignons\" width=\"58\" height=\"63\" \/><\/p>\n<p><img loading=\"lazy\" decoding=\"async\" class=\"aligncenter wp-image-6345 size-medium\" src=\"http:\/\/labastidane.fr\/journal\/wp-content\/uploads\/2014\/08\/DSC_0918-785x900.jpg\" alt=\"DSC_0918\" width=\"785\" height=\"900\" srcset=\"http:\/\/labastidane.fr\/journal\/wp-content\/uploads\/2014\/08\/DSC_0918-785x900.jpg 785w, http:\/\/labastidane.fr\/journal\/wp-content\/uploads\/2014\/08\/DSC_0918-174x200.jpg 174w, http:\/\/labastidane.fr\/journal\/wp-content\/uploads\/2014\/08\/DSC_0918-894x1024.jpg 894w, http:\/\/labastidane.fr\/journal\/wp-content\/uploads\/2014\/08\/DSC_0918.jpg 1397w\" sizes=\"(max-width: 785px) 100vw, 785px\" \/> <img loading=\"lazy\" decoding=\"async\" class=\"aligncenter wp-image-6359 size-thumbnail\" src=\"http:\/\/labastidane.fr\/journal\/wp-content\/uploads\/2014\/08\/champignons-185x200.gif\" alt=\"champignons\" width=\"185\" height=\"200\" \/><\/p>\n<div id=\"fb-root\"><\/div>\r\n<script>(function(d, s, id) {\r\n  var js, fjs = d.getElementsByTagName(s)[0];\r\n  if (d.getElementById(id)) return;\r\n  js = d.createElement(s); js.id = id;\r\n  js.src = \"\/\/connect.facebook.net\/fr_FR\/all.js#xfbml=1\";\r\n  fjs.parentNode.insertBefore(js, fjs);\r\n}(document, \"script\", \"facebook-jssdk\"));<\/script>\r\n<fb:like href=\"http:\/\/labastidane.fr\/journal\/?p=6852\" font=\"arial\" action=\"like\" layout=\"standard\" send=\"1\" width=\"\"  colorscheme=\"light\" show_faces=\"0\"  style=\"background:#FFFFFF;padding-top:0px;\r\npadding-right:0px;\r\npadding-bottom:0px;\r\npadding-left:0px;\r\nmargin-top:0px;\r\nmargin-right:0px;\r\nmargin-bottom:0px;\r\nmargin-left:0px;\r\n\"><\/fb:like><div id=\"fb-root\"><\/div>\r\n<script>(function(d, s, id) {\r\n  var js, fjs = d.getElementsByTagName(s)[0];\r\n  if (d.getElementById(id)) return;\r\n  js = d.createElement(s); js.id = id;\r\n  js.src = \"\/\/connect.facebook.net\/en_GB\/all.js#xfbml=1\";\r\n  fjs.parentNode.insertBefore(js, fjs);\r\n}(document, \"script\", \"facebook-jssdk\"));<\/script>\r\n <fb:follow href=\"https:\/\/www.facebook.com\/bastidane\/?fref=ts\" layout=\"standard\" colorscheme=\"light\" show_faces=\"0\" font=\"arial\" width=\"\" border_color=\"#FFFFFF\" style=\"background:#FFFFFF;padding-top:0px;\r\npadding-right:0px;\r\npadding-bottom:0px;\r\npadding-left:0px;\r\nmargin-top:0px;\r\nmargin-right:0px;\r\nmargin-bottom:0px;\r\nmargin-left:0px;\r\n\"><\/fb:follow>","protected":false},"excerpt":{"rendered":"<p>Le 26 septembre de 9h30 \u00e0 17h00, je vous apprendrais \u00e0 cr\u00e9er une f\u00e9e et un mignon champignon en broderie aux rubans de soie.Vous apprendrez plusieurs points, vous apprendrez \u00e0 cr\u00e9er le champignon pour faire un rond de f\u00e9e et je vous aiderai \u00e0 cr\u00e9er votre f\u00e9e, \u00e7a vous tente ? Ils seront l\u00e0 tout deux pour rendre f\u00e9\u00e9rique votre coin broderie. L&rsquo;un pour garder les \u00e9pingles, l&rsquo;autre pour surveiller votre d\u00e9 \u00e0 coudre. C&rsquo;est \u00e0 Martigues \u00a0\u00e0 la Bigourello, 20 rue Sinetis et je vous donne le num\u00e9ro de t\u00e9l\u00e9phone pour les inscriptions 04 42 81 24 68. (40 euros pour les adh\u00e9rentes, fournitures comprises (kit pour le champignon et kit pour la f\u00e9e), 45 euros pour les non adh\u00e9rentes) L&rsquo;histoire est jolie, voulez vous que je vous la raconte ? &nbsp; Ce matin, j&rsquo;ai d\u00e9couvert sur ma table de jardin, une f\u00e9e qui arrosait un champignon &#8230; Elle semblait fatigu\u00e9e, je lui posais cette question, mais que faites vous l\u00e0 ? \u00a0Je sais que c&rsquo;est la canicule, mais pourquoi arrosez vous &#8230;. ? J&rsquo;ai besoin d&rsquo;aide me dit-elle, il faut que je fasse pousser les champignons pour faire un rond de f\u00e9es, vous savez ces cercles magiques qui recouvrent les clairi\u00e8res, o\u00f9 nous dansons et chantons en de rondes irr\u00e9elles &#8230;. je la rassurais et je promis de l&rsquo;aider &#8230; en septembre , vous serez plus nombreuses, je vais faire tout mon possible, pour que des dames cr\u00e9ent de nombreux champignons et fassent na\u00eetre entre leurs doigts des f\u00e9es jardini\u00e8res et ainsi vous formerez une belle \u00e9quipe &#8230;. Je m&rsquo;attelais \u00e0 la t\u00e2che, demain sera un autre jour &#8230; \u00a0bient\u00f4t sera le jour des f\u00e9es. Belle journ\u00e9e \u00e0 vous, une journ\u00e9e magique bien s\u00fbr.<\/p>\n","protected":false},"author":1,"featured_media":6343,"comment_status":"open","ping_status":"open","sticky":false,"template":"","format":"standard","meta":{"_exactmetrics_skip_tracking":false,"_exactmetrics_sitenote_active":false,"_exactmetrics_sitenote_note":"","_exactmetrics_sitenote_category":0,"footnotes":""},"categories":[98],"tags":[59,5,24],"class_list":["post-6852","post","type-post","status-publish","format-standard","has-post-thumbnail","hentry","category-inspiration","tag-cours-et-stages","tag-la-bastidane","tag-le-jardin"],"yoast_head":"<!-- This site is optimized with the Yoast SEO plugin v20.0 - https:\/\/yoast.com\/wordpress\/plugins\/seo\/ -->\n<title>Allons donc cr\u00e9er des ronds de f\u00e9es - Atelier broderie aux rubans le 26 septembre - La Bastidane<\/title>\n<meta name=\"robots\" content=\"index, follow, max-snippet:-1, max-image-preview:large, max-video-preview:-1\" \/>\n<link rel=\"canonical\" href=\"https:\/\/labastidane.fr\/journal\/?p=6852\" \/>\n<meta property=\"og:locale\" content=\"fr_FR\" \/>\n<meta property=\"og:type\" content=\"article\" \/>\n<meta property=\"og:title\" content=\"Allons donc cr\u00e9er des ronds de f\u00e9es - Atelier broderie aux rubans le 26 septembre - La Bastidane\" \/>\n<meta property=\"og:description\" content=\"Le 26 septembre de 9h30 \u00e0 17h00, je vous apprendrais \u00e0 cr\u00e9er une f\u00e9e et un mignon champignon en broderie aux rubans de soie.Vous apprendrez plusieurs points, vous apprendrez \u00e0 cr\u00e9er le champignon pour faire un rond de f\u00e9e et je vous aiderai \u00e0 cr\u00e9er votre f\u00e9e, \u00e7a vous tente ? Ils seront l\u00e0 tout deux pour rendre f\u00e9\u00e9rique votre coin broderie. L&rsquo;un pour garder les \u00e9pingles, l&rsquo;autre pour surveiller votre d\u00e9 \u00e0 coudre. C&rsquo;est \u00e0 Martigues \u00a0\u00e0 la Bigourello, 20 rue Sinetis et je vous donne le num\u00e9ro de t\u00e9l\u00e9phone pour les inscriptions 04 42 81 24 68. (40 euros pour les adh\u00e9rentes, fournitures comprises (kit pour le champignon et kit pour la f\u00e9e), 45 euros pour les non adh\u00e9rentes) L&rsquo;histoire est jolie, voulez vous que je vous la raconte ? &nbsp; Ce matin, j&rsquo;ai d\u00e9couvert sur ma table de jardin, une f\u00e9e qui arrosait un champignon &#8230; Elle semblait fatigu\u00e9e, je lui posais cette question, mais que faites vous l\u00e0 ? \u00a0Je sais que c&rsquo;est la canicule, mais pourquoi arrosez vous &#8230;. ? J&rsquo;ai besoin d&rsquo;aide me dit-elle, il faut que je fasse pousser les champignons pour faire un rond de f\u00e9es, vous savez ces cercles magiques qui recouvrent les clairi\u00e8res, o\u00f9 nous dansons et chantons en de rondes irr\u00e9elles &#8230;. je la rassurais et je promis de l&rsquo;aider &#8230; en septembre , vous serez plus nombreuses, je vais faire tout mon possible, pour que des dames cr\u00e9ent de nombreux champignons et fassent na\u00eetre entre leurs doigts des f\u00e9es jardini\u00e8res et ainsi vous formerez une belle \u00e9quipe &#8230;. Je m&rsquo;attelais \u00e0 la t\u00e2che, demain sera un autre jour &#8230; \u00a0bient\u00f4t sera le jour des f\u00e9es. Belle journ\u00e9e \u00e0 vous, une journ\u00e9e magique bien s\u00fbr.\" \/>\n<meta property=\"og:url\" content=\"https:\/\/labastidane.fr\/journal\/?p=6852\" \/>\n<meta property=\"og:site_name\" content=\"La Bastidane\" \/>\n<meta property=\"article:published_time\" content=\"2015-07-04T04:51:36+00:00\" \/>\n<meta property=\"article:modified_time\" content=\"2015-07-04T04:52:04+00:00\" \/>\n<meta property=\"og:image\" content=\"https:\/\/labastidane.fr\/journal\/wp-content\/uploads\/2014\/08\/DSC_0905.jpg\" \/>\n\t<meta property=\"og:image:width\" content=\"1600\" \/>\n\t<meta property=\"og:image:height\" content=\"1060\" \/>\n\t<meta property=\"og:image:type\" content=\"image\/jpeg\" \/>\n<meta name=\"author\" content=\"La Bastidane\" \/>\n<meta name=\"twitter:card\" content=\"summary_large_image\" \/>\n<meta name=\"twitter:label1\" content=\"\u00c9crit par\" \/>\n\t<meta name=\"twitter:data1\" content=\"La Bastidane\" \/>\n\t<meta name=\"twitter:label2\" content=\"Dur\u00e9e de lecture estim\u00e9e\" \/>\n\t<meta name=\"twitter:data2\" content=\"1 minute\" \/>\n<script type=\"application\/ld+json\" class=\"yoast-schema-graph\">{\"@context\":\"https:\/\/schema.org\",\"@graph\":[{\"@type\":\"WebPage\",\"@id\":\"https:\/\/labastidane.fr\/journal\/?p=6852\",\"url\":\"https:\/\/labastidane.fr\/journal\/?p=6852\",\"name\":\"Allons donc cr\u00e9er des ronds de f\u00e9es - Atelier broderie aux rubans le 26 septembre - La Bastidane\",\"isPartOf\":{\"@id\":\"http:\/\/labastidane.fr\/journal\/#website\"},\"datePublished\":\"2015-07-04T04:51:36+00:00\",\"dateModified\":\"2015-07-04T04:52:04+00:00\",\"author\":{\"@id\":\"http:\/\/labastidane.fr\/journal\/#\/schema\/person\/af75d95a9045c134ad8810c99727f4cd\"},\"breadcrumb\":{\"@id\":\"https:\/\/labastidane.fr\/journal\/?p=6852#breadcrumb\"},\"inLanguage\":\"fr-FR\",\"potentialAction\":[{\"@type\":\"ReadAction\",\"target\":[\"https:\/\/labastidane.fr\/journal\/?p=6852\"]}]},{\"@type\":\"BreadcrumbList\",\"@id\":\"https:\/\/labastidane.fr\/journal\/?p=6852#breadcrumb\",\"itemListElement\":[{\"@type\":\"ListItem\",\"position\":1,\"name\":\"Accueil\",\"item\":\"http:\/\/labastidane.fr\/journal\"},{\"@type\":\"ListItem\",\"position\":2,\"name\":\"Allons donc cr\u00e9er des ronds de f\u00e9es &#8211; Atelier broderie aux rubans le 26 septembre\"}]},{\"@type\":\"WebSite\",\"@id\":\"http:\/\/labastidane.fr\/journal\/#website\",\"url\":\"http:\/\/labastidane.fr\/journal\/\",\"name\":\"La Bastidane\",\"description\":\"Cr\u00e9ations Improbables en Luberon\",\"potentialAction\":[{\"@type\":\"SearchAction\",\"target\":{\"@type\":\"EntryPoint\",\"urlTemplate\":\"http:\/\/labastidane.fr\/journal\/?s={search_term_string}\"},\"query-input\":\"required name=search_term_string\"}],\"inLanguage\":\"fr-FR\"},{\"@type\":\"Person\",\"@id\":\"http:\/\/labastidane.fr\/journal\/#\/schema\/person\/af75d95a9045c134ad8810c99727f4cd\",\"name\":\"La Bastidane\",\"image\":{\"@type\":\"ImageObject\",\"inLanguage\":\"fr-FR\",\"@id\":\"http:\/\/labastidane.fr\/journal\/#\/schema\/person\/image\/\",\"url\":\"https:\/\/secure.gravatar.com\/avatar\/53e4719b91c0ffc5bae88b7937a395ed0d9dd04cfb0a5b501ad69c2c044f7eeb?s=96&d=blank&r=g\",\"contentUrl\":\"https:\/\/secure.gravatar.com\/avatar\/53e4719b91c0ffc5bae88b7937a395ed0d9dd04cfb0a5b501ad69c2c044f7eeb?s=96&d=blank&r=g\",\"caption\":\"La Bastidane\"},\"sameAs\":[\"http:\/\/labastidane.fr\/journal\/\"],\"url\":\"http:\/\/labastidane.fr\/journal\/?author=1\"}]}<\/script>\n<!-- \/ Yoast SEO plugin. -->","yoast_head_json":{"title":"Allons donc cr\u00e9er des ronds de f\u00e9es - Atelier broderie aux rubans le 26 septembre - La Bastidane","robots":{"index":"index","follow":"follow","max-snippet":"max-snippet:-1","max-image-preview":"max-image-preview:large","max-video-preview":"max-video-preview:-1"},"canonical":"https:\/\/labastidane.fr\/journal\/?p=6852","og_locale":"fr_FR","og_type":"article","og_title":"Allons donc cr\u00e9er des ronds de f\u00e9es - Atelier broderie aux rubans le 26 septembre - La Bastidane","og_description":"Le 26 septembre de 9h30 \u00e0 17h00, je vous apprendrais \u00e0 cr\u00e9er une f\u00e9e et un mignon champignon en broderie aux rubans de soie.Vous apprendrez plusieurs points, vous apprendrez \u00e0 cr\u00e9er le champignon pour faire un rond de f\u00e9e et je vous aiderai \u00e0 cr\u00e9er votre f\u00e9e, \u00e7a vous tente ? Ils seront l\u00e0 tout deux pour rendre f\u00e9\u00e9rique votre coin broderie. L&rsquo;un pour garder les \u00e9pingles, l&rsquo;autre pour surveiller votre d\u00e9 \u00e0 coudre. C&rsquo;est \u00e0 Martigues \u00a0\u00e0 la Bigourello, 20 rue Sinetis et je vous donne le num\u00e9ro de t\u00e9l\u00e9phone pour les inscriptions 04 42 81 24 68. (40 euros pour les adh\u00e9rentes, fournitures comprises (kit pour le champignon et kit pour la f\u00e9e), 45 euros pour les non adh\u00e9rentes) L&rsquo;histoire est jolie, voulez vous que je vous la raconte ? &nbsp; Ce matin, j&rsquo;ai d\u00e9couvert sur ma table de jardin, une f\u00e9e qui arrosait un champignon &#8230; Elle semblait fatigu\u00e9e, je lui posais cette question, mais que faites vous l\u00e0 ? \u00a0Je sais que c&rsquo;est la canicule, mais pourquoi arrosez vous &#8230;. ? J&rsquo;ai besoin d&rsquo;aide me dit-elle, il faut que je fasse pousser les champignons pour faire un rond de f\u00e9es, vous savez ces cercles magiques qui recouvrent les clairi\u00e8res, o\u00f9 nous dansons et chantons en de rondes irr\u00e9elles &#8230;. je la rassurais et je promis de l&rsquo;aider &#8230; en septembre , vous serez plus nombreuses, je vais faire tout mon possible, pour que des dames cr\u00e9ent de nombreux champignons et fassent na\u00eetre entre leurs doigts des f\u00e9es jardini\u00e8res et ainsi vous formerez une belle \u00e9quipe &#8230;. Je m&rsquo;attelais \u00e0 la t\u00e2che, demain sera un autre jour &#8230; \u00a0bient\u00f4t sera le jour des f\u00e9es. Belle journ\u00e9e \u00e0 vous, une journ\u00e9e magique bien s\u00fbr.","og_url":"https:\/\/labastidane.fr\/journal\/?p=6852","og_site_name":"La Bastidane","article_published_time":"2015-07-04T04:51:36+00:00","article_modified_time":"2015-07-04T04:52:04+00:00","og_image":[{"width":1600,"height":1060,"url":"https:\/\/labastidane.fr\/journal\/wp-content\/uploads\/2014\/08\/DSC_0905.jpg","type":"image\/jpeg"}],"author":"La Bastidane","twitter_card":"summary_large_image","twitter_misc":{"\u00c9crit par":"La Bastidane","Dur\u00e9e de lecture estim\u00e9e":"1 minute"},"schema":{"@context":"https:\/\/schema.org","@graph":[{"@type":"WebPage","@id":"https:\/\/labastidane.fr\/journal\/?p=6852","url":"https:\/\/labastidane.fr\/journal\/?p=6852","name":"Allons donc cr\u00e9er des ronds de f\u00e9es - Atelier broderie aux rubans le 26 septembre - La Bastidane","isPartOf":{"@id":"http:\/\/labastidane.fr\/journal\/#website"},"datePublished":"2015-07-04T04:51:36+00:00","dateModified":"2015-07-04T04:52:04+00:00","author":{"@id":"http:\/\/labastidane.fr\/journal\/#\/schema\/person\/af75d95a9045c134ad8810c99727f4cd"},"breadcrumb":{"@id":"https:\/\/labastidane.fr\/journal\/?p=6852#breadcrumb"},"inLanguage":"fr-FR","potentialAction":[{"@type":"ReadAction","target":["https:\/\/labastidane.fr\/journal\/?p=6852"]}]},{"@type":"BreadcrumbList","@id":"https:\/\/labastidane.fr\/journal\/?p=6852#breadcrumb","itemListElement":[{"@type":"ListItem","position":1,"name":"Accueil","item":"http:\/\/labastidane.fr\/journal"},{"@type":"ListItem","position":2,"name":"Allons donc cr\u00e9er des ronds de f\u00e9es &#8211; Atelier broderie aux rubans le 26 septembre"}]},{"@type":"WebSite","@id":"http:\/\/labastidane.fr\/journal\/#website","url":"http:\/\/labastidane.fr\/journal\/","name":"La Bastidane","description":"Cr\u00e9ations Improbables en Luberon","potentialAction":[{"@type":"SearchAction","target":{"@type":"EntryPoint","urlTemplate":"http:\/\/labastidane.fr\/journal\/?s={search_term_string}"},"query-input":"required name=search_term_string"}],"inLanguage":"fr-FR"},{"@type":"Person","@id":"http:\/\/labastidane.fr\/journal\/#\/schema\/person\/af75d95a9045c134ad8810c99727f4cd","name":"La Bastidane","image":{"@type":"ImageObject","inLanguage":"fr-FR","@id":"http:\/\/labastidane.fr\/journal\/#\/schema\/person\/image\/","url":"https:\/\/secure.gravatar.com\/avatar\/53e4719b91c0ffc5bae88b7937a395ed0d9dd04cfb0a5b501ad69c2c044f7eeb?s=96&d=blank&r=g","contentUrl":"https:\/\/secure.gravatar.com\/avatar\/53e4719b91c0ffc5bae88b7937a395ed0d9dd04cfb0a5b501ad69c2c044f7eeb?s=96&d=blank&r=g","caption":"La Bastidane"},"sameAs":["http:\/\/labastidane.fr\/journal\/"],"url":"http:\/\/labastidane.fr\/journal\/?author=1"}]}},"jetpack_featured_media_url":"http:\/\/labastidane.fr\/journal\/wp-content\/uploads\/2014\/08\/DSC_0905.jpg","_links":{"self":[{"href":"http:\/\/labastidane.fr\/journal\/index.php?rest_route=\/wp\/v2\/posts\/6852","targetHints":{"allow":["GET"]}}],"collection":[{"href":"http:\/\/labastidane.fr\/journal\/index.php?rest_route=\/wp\/v2\/posts"}],"about":[{"href":"http:\/\/labastidane.fr\/journal\/index.php?rest_route=\/wp\/v2\/types\/post"}],"author":[{"embeddable":true,"href":"http:\/\/labastidane.fr\/journal\/index.php?rest_route=\/wp\/v2\/users\/1"}],"replies":[{"embeddable":true,"href":"http:\/\/labastidane.fr\/journal\/index.php?rest_route=%2Fwp%2Fv2%2Fcomments&post=6852"}],"version-history":[{"count":2,"href":"http:\/\/labastidane.fr\/journal\/index.php?rest_route=\/wp\/v2\/posts\/6852\/revisions"}],"predecessor-version":[{"id":6854,"href":"http:\/\/labastidane.fr\/journal\/index.php?rest_route=\/wp\/v2\/posts\/6852\/revisions\/6854"}],"wp:featuredmedia":[{"embeddable":true,"href":"http:\/\/labastidane.fr\/journal\/index.php?rest_route=\/wp\/v2\/media\/6343"}],"wp:attachment":[{"href":"http:\/\/labastidane.fr\/journal\/index.php?rest_route=%2Fwp%2Fv2%2Fmedia&parent=6852"}],"wp:term":[{"taxonomy":"category","embeddable":true,"href":"http:\/\/labastidane.fr\/journal\/index.php?rest_route=%2Fwp%2Fv2%2Fcategories&post=6852"},{"taxonomy":"post_tag","embeddable":true,"href":"http:\/\/labastidane.fr\/journal\/index.php?rest_route=%2Fwp%2Fv2%2Ftags&post=6852"}],"curies":[{"name":"wp","href":"https:\/\/api.w.org\/{rel}","templated":true}]}}