{"id":7203,"date":"2015-12-21T15:15:42","date_gmt":"2015-12-21T13:15:42","guid":{"rendered":"http:\/\/labastidane.fr\/journal\/?p=7203"},"modified":"2016-01-01T17:22:14","modified_gmt":"2016-01-01T15:22:14","slug":"solstice-dhiver-et-carnet-rose-il-ny-a-pas-que-la-broderie-dans-la-vie","status":"publish","type":"post","link":"http:\/\/labastidane.fr\/journal\/?p=7203","title":{"rendered":"Solstice d&rsquo;Hiver et Carnet Rose, il n&rsquo;y a pas que la broderie dans la vie &#8230;."},"content":{"rendered":"<p style=\"text-align: center;\"><a href=\"http:\/\/labastidane.fr\/journal\/?attachment_id=7208\" rel=\"attachment wp-att-7208\"><img decoding=\"async\" class=\"aligncenter size-thumbnail wp-image-7208\" src=\"http:\/\/labastidane.fr\/journal\/wp-content\/uploads\/2015\/12\/Capture-d\u2019e\u0301cran-2015-12-21-a\u0300-14.19.24-200x110.png\" alt=\"Capture d\u2019e\u0301cran 2015-12-21 a\u0300 14.19.24\" width=\"200\" height=\"110\" srcset=\"http:\/\/labastidane.fr\/journal\/wp-content\/uploads\/2015\/12\/Capture-d\u2019e\u0301cran-2015-12-21-a\u0300-14.19.24-200x110.png 200w, http:\/\/labastidane.fr\/journal\/wp-content\/uploads\/2015\/12\/Capture-d\u2019e\u0301cran-2015-12-21-a\u0300-14.19.24.png 265w\" sizes=\"(max-width: 200px) 100vw, 200px\" \/>\u00a0<\/a>\u00a0Il \u00a0y a le ski aussi &#8230;. enfin la Montagne et la course \u00e0 pieds plut\u00f4t (vous avez vu j&rsquo;ai pens\u00e9 \u00e0 mettre un s \u00e0 pieds)<\/p>\n<p style=\"text-align: center;\">Vous ai je d\u00e9j\u00e0 dit que je d\u00e9teste la neige et l&rsquo;hiver ? La seule chose que j&rsquo;aime dans l&rsquo;hiver c&rsquo;est qu&rsquo;\u00e0 partir de demain, les jours vont rallonger, et que chaque seconde nous rapprochera de l&rsquo;\u00e9t\u00e9. Et que pendant l&rsquo;\u00e9t\u00e9, on peut gravir les montagnes ou lieu de les contourner.<\/p>\n<p style=\"text-align: center;\">Je suis venue (pas en courant tout de m\u00eame, mais &#8230;. ) vous \u00a0annoncer la naissance d&rsquo;un site &#8230; mais un site qui ne parle pas de broderie, \u00a0pas de montagne, de neige et de ski. Il parle de sport, \u00a0de course, de grand air &#8230; de choses que nous brodeuses, nous avons un peu tendance \u00e0 oublier et c&rsquo;est ce qui fait nos faiblesses.<\/p>\n<p style=\"text-align: center;\">Alors attention si vous voulez en prendre plein les yeux &#8230; c&rsquo;est &#8230;.<a href=\"http:\/\/www.alpedhuez21.fr\"> ici,<\/a> je manque un peu d&rsquo;entrainement mais qui sait, peut \u00eatre un jour &#8230; quand j&rsquo;aurais remis mon pied (sans s) \u00e0 l&rsquo;\u00e9trier<\/p>\n<p style=\"text-align: center;\"><a href=\"http:\/\/labastidane.fr\/journal\/?attachment_id=7208\" rel=\"attachment wp-att-7208\"><img decoding=\"async\" class=\"aligncenter wp-image-7208\" src=\"http:\/\/labastidane.fr\/journal\/wp-content\/uploads\/2015\/12\/Capture-d\u2019e\u0301cran-2015-12-21-a\u0300-14.19.24-200x110.png\" alt=\"Capture d\u2019e\u0301cran 2015-12-21 a\u0300 14.19.24\" width=\"105\" height=\"58\" srcset=\"http:\/\/labastidane.fr\/journal\/wp-content\/uploads\/2015\/12\/Capture-d\u2019e\u0301cran-2015-12-21-a\u0300-14.19.24-200x110.png 200w, http:\/\/labastidane.fr\/journal\/wp-content\/uploads\/2015\/12\/Capture-d\u2019e\u0301cran-2015-12-21-a\u0300-14.19.24.png 265w\" sizes=\"(max-width: 105px) 100vw, 105px\" \/><\/a><\/p>\n<p style=\"text-align: center;\">\n<p style=\"text-align: center;\"><a href=\"http:\/\/labastidane.fr\/journal\/?attachment_id=7228\" rel=\"attachment wp-att-7228\"><img fetchpriority=\"high\" decoding=\"async\" class=\"aligncenter wp-image-7228 size-full\" src=\"http:\/\/labastidane.fr\/journal\/wp-content\/uploads\/2015\/12\/DSC_0192-800x488.jpg\" alt=\"DSC_0192-800x488\" width=\"800\" height=\"488\" srcset=\"http:\/\/labastidane.fr\/journal\/wp-content\/uploads\/2015\/12\/DSC_0192-800x488.jpg 800w, http:\/\/labastidane.fr\/journal\/wp-content\/uploads\/2015\/12\/DSC_0192-800x488-200x122.jpg 200w, http:\/\/labastidane.fr\/journal\/wp-content\/uploads\/2015\/12\/DSC_0192-800x488-768x468.jpg 768w, http:\/\/labastidane.fr\/journal\/wp-content\/uploads\/2015\/12\/DSC_0192-800x488-80x50.jpg 80w\" sizes=\"(max-width: 800px) 100vw, 800px\" \/><\/a><\/p>\n<p style=\"text-align: center;\">\n<p style=\"text-align: center;\">\n<p style=\"text-align: center;\">Vous voulez visiter, vous voulez participer, c&rsquo;est par ici<\/p>\n<h4 style=\"text-align: center;\"><a href=\"http:\/\/www.alpedhuez21.fr\">Alpes d&rsquo;Huez 21<\/a><\/h4>\n<p style=\"text-align: center;\">je vous laisse, je vais faire mon petit footing de d\u00e9crassage &#8230;.<\/p>\n<p style=\"text-align: center;\">(j&rsquo;ai le droit de r\u00eaver, trois mois non stop que je ne fais que broder &#8230; )<\/p>\n<p style=\"text-align: center;\">PS : puisque nous sommes \u00e0 parler des montagnes, Belle et S\u00e9bastien 2, a fait craquer mes filles.<\/p>\n<p style=\"text-align: center;\">PPS : j&rsquo;essaye de revenir avant No\u00ebl, promis &#8230;.<\/p>\n<div id=\"fb-root\"><\/div>\r\n<script>(function(d, s, id) {\r\n  var js, fjs = d.getElementsByTagName(s)[0];\r\n  if (d.getElementById(id)) return;\r\n  js = d.createElement(s); js.id = id;\r\n  js.src = \"\/\/connect.facebook.net\/fr_FR\/all.js#xfbml=1\";\r\n  fjs.parentNode.insertBefore(js, fjs);\r\n}(document, \"script\", \"facebook-jssdk\"));<\/script>\r\n<fb:like href=\"http:\/\/labastidane.fr\/journal\/?p=7203\" font=\"arial\" action=\"like\" layout=\"standard\" send=\"1\" width=\"\"  colorscheme=\"light\" show_faces=\"0\"  style=\"background:#FFFFFF;padding-top:0px;\r\npadding-right:0px;\r\npadding-bottom:0px;\r\npadding-left:0px;\r\nmargin-top:0px;\r\nmargin-right:0px;\r\nmargin-bottom:0px;\r\nmargin-left:0px;\r\n\"><\/fb:like><div id=\"fb-root\"><\/div>\r\n<script>(function(d, s, id) {\r\n  var js, fjs = d.getElementsByTagName(s)[0];\r\n  if (d.getElementById(id)) return;\r\n  js = d.createElement(s); js.id = id;\r\n  js.src = \"\/\/connect.facebook.net\/en_GB\/all.js#xfbml=1\";\r\n  fjs.parentNode.insertBefore(js, fjs);\r\n}(document, \"script\", \"facebook-jssdk\"));<\/script>\r\n <fb:follow href=\"https:\/\/www.facebook.com\/bastidane\/?fref=ts\" layout=\"standard\" colorscheme=\"light\" show_faces=\"0\" font=\"arial\" width=\"\" border_color=\"#FFFFFF\" style=\"background:#FFFFFF;padding-top:0px;\r\npadding-right:0px;\r\npadding-bottom:0px;\r\npadding-left:0px;\r\nmargin-top:0px;\r\nmargin-right:0px;\r\nmargin-bottom:0px;\r\nmargin-left:0px;\r\n\"><\/fb:follow>","protected":false},"excerpt":{"rendered":"<p>\u00a0\u00a0Il \u00a0y a le ski aussi &#8230;. enfin la Montagne et la course \u00e0 pieds plut\u00f4t (vous avez vu j&rsquo;ai pens\u00e9 \u00e0 mettre un s \u00e0 pieds) Vous ai je d\u00e9j\u00e0 dit que je d\u00e9teste la neige et l&rsquo;hiver ? La seule chose que j&rsquo;aime dans l&rsquo;hiver c&rsquo;est qu&rsquo;\u00e0 partir de demain, les jours vont rallonger, et que chaque seconde nous rapprochera de l&rsquo;\u00e9t\u00e9. Et que pendant l&rsquo;\u00e9t\u00e9, on peut gravir les montagnes ou lieu de les contourner. Je suis venue (pas en courant tout de m\u00eame, mais &#8230;. ) vous \u00a0annoncer la naissance d&rsquo;un site &#8230; mais un site qui ne parle pas de broderie, \u00a0pas de montagne, de neige et de ski. Il parle de sport, \u00a0de course, de grand air &#8230; de choses que nous brodeuses, nous avons un peu tendance \u00e0 oublier et c&rsquo;est ce qui fait nos faiblesses. Alors attention si vous voulez en prendre plein les yeux &#8230; c&rsquo;est &#8230;. ici, je manque un peu d&rsquo;entrainement mais qui sait, peut \u00eatre un jour &#8230; quand j&rsquo;aurais remis mon pied (sans s) \u00e0 l&rsquo;\u00e9trier Vous voulez visiter, vous voulez participer, c&rsquo;est par ici Alpes d&rsquo;Huez 21 je vous laisse, je vais faire mon petit footing de d\u00e9crassage &#8230;. (j&rsquo;ai le droit de r\u00eaver, trois mois non stop que je ne fais que broder &#8230; ) PS : puisque nous sommes \u00e0 parler des montagnes, Belle et S\u00e9bastien 2, a fait craquer mes filles. PPS : j&rsquo;essaye de revenir avant No\u00ebl, promis &#8230;.<\/p>\n","protected":false},"author":1,"featured_media":7205,"comment_status":"open","ping_status":"open","sticky":false,"template":"","format":"standard","meta":{"_exactmetrics_skip_tracking":false,"_exactmetrics_sitenote_active":false,"_exactmetrics_sitenote_note":"","_exactmetrics_sitenote_category":0,"footnotes":""},"categories":[47],"tags":[108],"class_list":["post-7203","post","type-post","status-publish","format-standard","has-post-thumbnail","hentry","category-au-fil-de-la-toile","tag-il-ny-a-pas-que-la-broderie-dans-la-vie"],"yoast_head":"<!-- This site is optimized with the Yoast SEO plugin v20.0 - https:\/\/yoast.com\/wordpress\/plugins\/seo\/ -->\n<title>Solstice d&#039;Hiver et Carnet Rose, il n&#039;y a pas que la broderie dans la vie .... - La Bastidane<\/title>\n<meta name=\"robots\" content=\"index, follow, max-snippet:-1, max-image-preview:large, max-video-preview:-1\" \/>\n<link rel=\"canonical\" href=\"https:\/\/labastidane.fr\/journal\/?p=7203\" \/>\n<meta property=\"og:locale\" content=\"fr_FR\" \/>\n<meta property=\"og:type\" content=\"article\" \/>\n<meta property=\"og:title\" content=\"Solstice d&#039;Hiver et Carnet Rose, il n&#039;y a pas que la broderie dans la vie .... - La Bastidane\" \/>\n<meta property=\"og:description\" content=\"\u00a0\u00a0Il \u00a0y a le ski aussi &#8230;. enfin la Montagne et la course \u00e0 pieds plut\u00f4t (vous avez vu j&rsquo;ai pens\u00e9 \u00e0 mettre un s \u00e0 pieds) Vous ai je d\u00e9j\u00e0 dit que je d\u00e9teste la neige et l&rsquo;hiver ? La seule chose que j&rsquo;aime dans l&rsquo;hiver c&rsquo;est qu&rsquo;\u00e0 partir de demain, les jours vont rallonger, et que chaque seconde nous rapprochera de l&rsquo;\u00e9t\u00e9. Et que pendant l&rsquo;\u00e9t\u00e9, on peut gravir les montagnes ou lieu de les contourner. Je suis venue (pas en courant tout de m\u00eame, mais &#8230;. ) vous \u00a0annoncer la naissance d&rsquo;un site &#8230; mais un site qui ne parle pas de broderie, \u00a0pas de montagne, de neige et de ski. Il parle de sport, \u00a0de course, de grand air &#8230; de choses que nous brodeuses, nous avons un peu tendance \u00e0 oublier et c&rsquo;est ce qui fait nos faiblesses. Alors attention si vous voulez en prendre plein les yeux &#8230; c&rsquo;est &#8230;. ici, je manque un peu d&rsquo;entrainement mais qui sait, peut \u00eatre un jour &#8230; quand j&rsquo;aurais remis mon pied (sans s) \u00e0 l&rsquo;\u00e9trier Vous voulez visiter, vous voulez participer, c&rsquo;est par ici Alpes d&rsquo;Huez 21 je vous laisse, je vais faire mon petit footing de d\u00e9crassage &#8230;. (j&rsquo;ai le droit de r\u00eaver, trois mois non stop que je ne fais que broder &#8230; ) PS : puisque nous sommes \u00e0 parler des montagnes, Belle et S\u00e9bastien 2, a fait craquer mes filles. PPS : j&rsquo;essaye de revenir avant No\u00ebl, promis &#8230;.\" \/>\n<meta property=\"og:url\" content=\"https:\/\/labastidane.fr\/journal\/?p=7203\" \/>\n<meta property=\"og:site_name\" content=\"La Bastidane\" \/>\n<meta property=\"article:published_time\" content=\"2015-12-21T13:15:42+00:00\" \/>\n<meta property=\"article:modified_time\" content=\"2016-01-01T15:22:14+00:00\" \/>\n<meta property=\"og:image\" content=\"https:\/\/labastidane.fr\/journal\/wp-content\/uploads\/2015\/12\/IMAG2621.jpg\" \/>\n\t<meta property=\"og:image:width\" content=\"1600\" \/>\n\t<meta property=\"og:image:height\" content=\"905\" \/>\n\t<meta property=\"og:image:type\" content=\"image\/jpeg\" \/>\n<meta name=\"author\" content=\"La Bastidane\" \/>\n<meta name=\"twitter:card\" content=\"summary_large_image\" \/>\n<meta name=\"twitter:label1\" content=\"\u00c9crit par\" \/>\n\t<meta name=\"twitter:data1\" content=\"La Bastidane\" \/>\n\t<meta name=\"twitter:label2\" content=\"Dur\u00e9e de lecture estim\u00e9e\" \/>\n\t<meta name=\"twitter:data2\" content=\"1 minute\" \/>\n<script type=\"application\/ld+json\" class=\"yoast-schema-graph\">{\"@context\":\"https:\/\/schema.org\",\"@graph\":[{\"@type\":\"WebPage\",\"@id\":\"https:\/\/labastidane.fr\/journal\/?p=7203\",\"url\":\"https:\/\/labastidane.fr\/journal\/?p=7203\",\"name\":\"Solstice d'Hiver et Carnet Rose, il n'y a pas que la broderie dans la vie .... - La Bastidane\",\"isPartOf\":{\"@id\":\"http:\/\/labastidane.fr\/journal\/#website\"},\"datePublished\":\"2015-12-21T13:15:42+00:00\",\"dateModified\":\"2016-01-01T15:22:14+00:00\",\"author\":{\"@id\":\"http:\/\/labastidane.fr\/journal\/#\/schema\/person\/af75d95a9045c134ad8810c99727f4cd\"},\"breadcrumb\":{\"@id\":\"https:\/\/labastidane.fr\/journal\/?p=7203#breadcrumb\"},\"inLanguage\":\"fr-FR\",\"potentialAction\":[{\"@type\":\"ReadAction\",\"target\":[\"https:\/\/labastidane.fr\/journal\/?p=7203\"]}]},{\"@type\":\"BreadcrumbList\",\"@id\":\"https:\/\/labastidane.fr\/journal\/?p=7203#breadcrumb\",\"itemListElement\":[{\"@type\":\"ListItem\",\"position\":1,\"name\":\"Accueil\",\"item\":\"http:\/\/labastidane.fr\/journal\"},{\"@type\":\"ListItem\",\"position\":2,\"name\":\"Solstice d&rsquo;Hiver et Carnet Rose, il n&rsquo;y a pas que la broderie dans la vie &#8230;.\"}]},{\"@type\":\"WebSite\",\"@id\":\"http:\/\/labastidane.fr\/journal\/#website\",\"url\":\"http:\/\/labastidane.fr\/journal\/\",\"name\":\"La Bastidane\",\"description\":\"Cr\u00e9ations Improbables en Luberon\",\"potentialAction\":[{\"@type\":\"SearchAction\",\"target\":{\"@type\":\"EntryPoint\",\"urlTemplate\":\"http:\/\/labastidane.fr\/journal\/?s={search_term_string}\"},\"query-input\":\"required name=search_term_string\"}],\"inLanguage\":\"fr-FR\"},{\"@type\":\"Person\",\"@id\":\"http:\/\/labastidane.fr\/journal\/#\/schema\/person\/af75d95a9045c134ad8810c99727f4cd\",\"name\":\"La Bastidane\",\"image\":{\"@type\":\"ImageObject\",\"inLanguage\":\"fr-FR\",\"@id\":\"http:\/\/labastidane.fr\/journal\/#\/schema\/person\/image\/\",\"url\":\"https:\/\/secure.gravatar.com\/avatar\/53e4719b91c0ffc5bae88b7937a395ed0d9dd04cfb0a5b501ad69c2c044f7eeb?s=96&d=blank&r=g\",\"contentUrl\":\"https:\/\/secure.gravatar.com\/avatar\/53e4719b91c0ffc5bae88b7937a395ed0d9dd04cfb0a5b501ad69c2c044f7eeb?s=96&d=blank&r=g\",\"caption\":\"La Bastidane\"},\"sameAs\":[\"http:\/\/labastidane.fr\/journal\/\"],\"url\":\"http:\/\/labastidane.fr\/journal\/?author=1\"}]}<\/script>\n<!-- \/ Yoast SEO plugin. -->","yoast_head_json":{"title":"Solstice d'Hiver et Carnet Rose, il n'y a pas que la broderie dans la vie .... - La Bastidane","robots":{"index":"index","follow":"follow","max-snippet":"max-snippet:-1","max-image-preview":"max-image-preview:large","max-video-preview":"max-video-preview:-1"},"canonical":"https:\/\/labastidane.fr\/journal\/?p=7203","og_locale":"fr_FR","og_type":"article","og_title":"Solstice d'Hiver et Carnet Rose, il n'y a pas que la broderie dans la vie .... - La Bastidane","og_description":"\u00a0\u00a0Il \u00a0y a le ski aussi &#8230;. enfin la Montagne et la course \u00e0 pieds plut\u00f4t (vous avez vu j&rsquo;ai pens\u00e9 \u00e0 mettre un s \u00e0 pieds) Vous ai je d\u00e9j\u00e0 dit que je d\u00e9teste la neige et l&rsquo;hiver ? La seule chose que j&rsquo;aime dans l&rsquo;hiver c&rsquo;est qu&rsquo;\u00e0 partir de demain, les jours vont rallonger, et que chaque seconde nous rapprochera de l&rsquo;\u00e9t\u00e9. Et que pendant l&rsquo;\u00e9t\u00e9, on peut gravir les montagnes ou lieu de les contourner. Je suis venue (pas en courant tout de m\u00eame, mais &#8230;. ) vous \u00a0annoncer la naissance d&rsquo;un site &#8230; mais un site qui ne parle pas de broderie, \u00a0pas de montagne, de neige et de ski. Il parle de sport, \u00a0de course, de grand air &#8230; de choses que nous brodeuses, nous avons un peu tendance \u00e0 oublier et c&rsquo;est ce qui fait nos faiblesses. Alors attention si vous voulez en prendre plein les yeux &#8230; c&rsquo;est &#8230;. ici, je manque un peu d&rsquo;entrainement mais qui sait, peut \u00eatre un jour &#8230; quand j&rsquo;aurais remis mon pied (sans s) \u00e0 l&rsquo;\u00e9trier Vous voulez visiter, vous voulez participer, c&rsquo;est par ici Alpes d&rsquo;Huez 21 je vous laisse, je vais faire mon petit footing de d\u00e9crassage &#8230;. (j&rsquo;ai le droit de r\u00eaver, trois mois non stop que je ne fais que broder &#8230; ) PS : puisque nous sommes \u00e0 parler des montagnes, Belle et S\u00e9bastien 2, a fait craquer mes filles. PPS : j&rsquo;essaye de revenir avant No\u00ebl, promis &#8230;.","og_url":"https:\/\/labastidane.fr\/journal\/?p=7203","og_site_name":"La Bastidane","article_published_time":"2015-12-21T13:15:42+00:00","article_modified_time":"2016-01-01T15:22:14+00:00","og_image":[{"width":1600,"height":905,"url":"https:\/\/labastidane.fr\/journal\/wp-content\/uploads\/2015\/12\/IMAG2621.jpg","type":"image\/jpeg"}],"author":"La Bastidane","twitter_card":"summary_large_image","twitter_misc":{"\u00c9crit par":"La Bastidane","Dur\u00e9e de lecture estim\u00e9e":"1 minute"},"schema":{"@context":"https:\/\/schema.org","@graph":[{"@type":"WebPage","@id":"https:\/\/labastidane.fr\/journal\/?p=7203","url":"https:\/\/labastidane.fr\/journal\/?p=7203","name":"Solstice d'Hiver et Carnet Rose, il n'y a pas que la broderie dans la vie .... - La Bastidane","isPartOf":{"@id":"http:\/\/labastidane.fr\/journal\/#website"},"datePublished":"2015-12-21T13:15:42+00:00","dateModified":"2016-01-01T15:22:14+00:00","author":{"@id":"http:\/\/labastidane.fr\/journal\/#\/schema\/person\/af75d95a9045c134ad8810c99727f4cd"},"breadcrumb":{"@id":"https:\/\/labastidane.fr\/journal\/?p=7203#breadcrumb"},"inLanguage":"fr-FR","potentialAction":[{"@type":"ReadAction","target":["https:\/\/labastidane.fr\/journal\/?p=7203"]}]},{"@type":"BreadcrumbList","@id":"https:\/\/labastidane.fr\/journal\/?p=7203#breadcrumb","itemListElement":[{"@type":"ListItem","position":1,"name":"Accueil","item":"http:\/\/labastidane.fr\/journal"},{"@type":"ListItem","position":2,"name":"Solstice d&rsquo;Hiver et Carnet Rose, il n&rsquo;y a pas que la broderie dans la vie &#8230;."}]},{"@type":"WebSite","@id":"http:\/\/labastidane.fr\/journal\/#website","url":"http:\/\/labastidane.fr\/journal\/","name":"La Bastidane","description":"Cr\u00e9ations Improbables en Luberon","potentialAction":[{"@type":"SearchAction","target":{"@type":"EntryPoint","urlTemplate":"http:\/\/labastidane.fr\/journal\/?s={search_term_string}"},"query-input":"required name=search_term_string"}],"inLanguage":"fr-FR"},{"@type":"Person","@id":"http:\/\/labastidane.fr\/journal\/#\/schema\/person\/af75d95a9045c134ad8810c99727f4cd","name":"La Bastidane","image":{"@type":"ImageObject","inLanguage":"fr-FR","@id":"http:\/\/labastidane.fr\/journal\/#\/schema\/person\/image\/","url":"https:\/\/secure.gravatar.com\/avatar\/53e4719b91c0ffc5bae88b7937a395ed0d9dd04cfb0a5b501ad69c2c044f7eeb?s=96&d=blank&r=g","contentUrl":"https:\/\/secure.gravatar.com\/avatar\/53e4719b91c0ffc5bae88b7937a395ed0d9dd04cfb0a5b501ad69c2c044f7eeb?s=96&d=blank&r=g","caption":"La Bastidane"},"sameAs":["http:\/\/labastidane.fr\/journal\/"],"url":"http:\/\/labastidane.fr\/journal\/?author=1"}]}},"jetpack_featured_media_url":"http:\/\/labastidane.fr\/journal\/wp-content\/uploads\/2015\/12\/IMAG2621.jpg","_links":{"self":[{"href":"http:\/\/labastidane.fr\/journal\/index.php?rest_route=\/wp\/v2\/posts\/7203","targetHints":{"allow":["GET"]}}],"collection":[{"href":"http:\/\/labastidane.fr\/journal\/index.php?rest_route=\/wp\/v2\/posts"}],"about":[{"href":"http:\/\/labastidane.fr\/journal\/index.php?rest_route=\/wp\/v2\/types\/post"}],"author":[{"embeddable":true,"href":"http:\/\/labastidane.fr\/journal\/index.php?rest_route=\/wp\/v2\/users\/1"}],"replies":[{"embeddable":true,"href":"http:\/\/labastidane.fr\/journal\/index.php?rest_route=%2Fwp%2Fv2%2Fcomments&post=7203"}],"version-history":[{"count":6,"href":"http:\/\/labastidane.fr\/journal\/index.php?rest_route=\/wp\/v2\/posts\/7203\/revisions"}],"predecessor-version":[{"id":7229,"href":"http:\/\/labastidane.fr\/journal\/index.php?rest_route=\/wp\/v2\/posts\/7203\/revisions\/7229"}],"wp:featuredmedia":[{"embeddable":true,"href":"http:\/\/labastidane.fr\/journal\/index.php?rest_route=\/wp\/v2\/media\/7205"}],"wp:attachment":[{"href":"http:\/\/labastidane.fr\/journal\/index.php?rest_route=%2Fwp%2Fv2%2Fmedia&parent=7203"}],"wp:term":[{"taxonomy":"category","embeddable":true,"href":"http:\/\/labastidane.fr\/journal\/index.php?rest_route=%2Fwp%2Fv2%2Fcategories&post=7203"},{"taxonomy":"post_tag","embeddable":true,"href":"http:\/\/labastidane.fr\/journal\/index.php?rest_route=%2Fwp%2Fv2%2Ftags&post=7203"}],"curies":[{"name":"wp","href":"https:\/\/api.w.org\/{rel}","templated":true}]}}