{"id":731,"date":"2011-01-11T07:45:54","date_gmt":"2011-01-11T07:45:54","guid":{"rendered":"http:\/\/labastidane.fr\/journal\/?p=731"},"modified":"2011-01-11T09:06:33","modified_gmt":"2011-01-11T09:06:33","slug":"lesprit-des-jardins-6-ans-apres","status":"publish","type":"post","link":"http:\/\/labastidane.fr\/journal\/?p=731","title":{"rendered":"L&rsquo;esprit des jardins, 7 ans apr\u00e8s &#8230;"},"content":{"rendered":"<p><a href=\"http:\/\/labastidane.fr\/journal\/wp-content\/uploads\/2011\/01\/feejardin2_0.jpg\"><\/a><\/p>\n<p style=\"text-align: center;\"><a href=\"http:\/\/labastidane.fr\/journal\/wp-content\/uploads\/2011\/01\/feejardin2_0.jpg\"><img fetchpriority=\"high\" decoding=\"async\" class=\"size-full wp-image-734 aligncenter\" title=\"feejardin2_0\" src=\"http:\/\/labastidane.fr\/journal\/wp-content\/uploads\/2011\/01\/feejardin2_0.jpg\" alt=\"\" width=\"538\" height=\"717\" srcset=\"http:\/\/labastidane.fr\/journal\/wp-content\/uploads\/2011\/01\/feejardin2_0.jpg 768w, http:\/\/labastidane.fr\/journal\/wp-content\/uploads\/2011\/01\/feejardin2_0-450x600.jpg 450w\" sizes=\"(max-width: 538px) 100vw, 538px\" \/><\/a><\/p>\n<p style=\"text-align: justify;\">Il y a sept ans, je cr\u00e9ais pour ma fille Victoire, <a href=\"http:\/\/www.labastidane.fr\/blog\/?p=3130\">son costume d&rsquo;esprit des jardins<\/a>, costume qui n&rsquo;a h\u00e9las v\u00e9cu que le temps d&rsquo;une belle journ\u00e9e de carnaval.<\/p>\n<p style=\"text-align: justify;\">Un d\u00e9fi sur un gro<a href=\"http:\/\/labastidane.fr\/journal\/wp-content\/uploads\/2011\/01\/DSC_0003-3.jpg\"><img decoding=\"async\" class=\"alignleft size-thumbnail wp-image-733\" title=\"DSC_0003 (3)\" src=\"http:\/\/labastidane.fr\/journal\/wp-content\/uploads\/2011\/01\/DSC_0003-3-180x180.jpg\" alt=\"\" width=\"180\" height=\"180\" \/><\/a>upe, une envie terrible de retrouver le temps qui passe &#8230; un besoin terrible d&rsquo;un printemps en Provence et l&rsquo;Esprit des jardins s&rsquo;est chauss\u00e9 de chaussons de f\u00e9es.<\/p>\n<p style=\"text-align: justify;\">Pointure 41, l&rsquo;esprit \u00e0 des grands pieds, seule taille disponible dans la couleur chez le soldeur du coin., 2,50 euros la paire, pas de quoi s&rsquo;en priver, je n&rsquo;avais pas le temps de les cr\u00e9er enti\u00e8rement, mais j&rsquo;aurais aim\u00e9 le faire.<a href=\"http:\/\/labastidane.fr\/journal\/wp-content\/uploads\/2011\/01\/chaussuresdef\u00e9es1.jpg\"><img decoding=\"async\" class=\"aligncenter size-large wp-image-736\" title=\"chaussuresdef\u00e9es1\" src=\"http:\/\/labastidane.fr\/journal\/wp-content\/uploads\/2011\/01\/chaussuresdef\u00e9es1-1024x731.jpg\" alt=\"\" width=\"640\" height=\"456\" srcset=\"http:\/\/labastidane.fr\/journal\/wp-content\/uploads\/2011\/01\/chaussuresdef\u00e9es1-1024x731.jpg 1024w, http:\/\/labastidane.fr\/journal\/wp-content\/uploads\/2011\/01\/chaussuresdef\u00e9es1-600x428.jpg 600w\" sizes=\"(max-width: 640px) 100vw, 640px\" \/><\/a> De simples ballerines blanches en PVC, des fleurs artificielles \u00e9chapp\u00e9es d&rsquo;un bouquet un peu kitch, des feuilles d&rsquo;un bonza\u00ef synth\u00e9tique et d\u00e9plum\u00e9 qui attendait son heure au fond de l&rsquo;atelier. Des perles, \u00e7a oui des tonnes de perles et du fil et\u00a0 des aiguilles. J&rsquo;avais commenc\u00e9 \u00e0 broder des bottes de sept lieux, des cuissardes de simili daim gris &#8230;. et puis le r\u00e9sultat n&rsquo;\u00e9tait pas \u00e0 la hauteur de mes esp\u00e9rances. Elles ressortiront un jour, sous un autre forme, pour un autre d\u00e9fi, plus folklorique et moins f\u00e9\u00e9rique.<\/p>\n<p style=\"text-align: justify;\">Et puis un autre petit esprit celui ci des for\u00eats a voulu \u00e0 tout prix les essayer &#8230;. parce que les chaussons d&rsquo;esprit des jardins, de la for\u00eat, des fleurs ressemblent \u00e9trangement \u00e0 des chaussons de princesse pour une petite fille de six ans.<\/p>\n<p style=\"text-align: justify;\">\u00ab\u00a0Dis Maman, tu me feras la robe assortie pour mon mariage ? Je me marierais en vert comme toi &#8230;..\u00a0\u00bb<\/p>\n<p style=\"text-align: justify;\">et bien voil\u00e0 les chaussons de l&rsquo;esprit de la for\u00eat qui deviendront un jour des chaussures de mari\u00e9e &#8230;\u00a0 quand Mademoiselle Maossi trouvera chaussure \u00e0 son pied. On a vraiment le temps et c&rsquo;est vraiment une autre histoire.<\/p>\n<p style=\"text-align: justify;\">\n<p style=\"text-align: justify;\"><a href=\"http:\/\/labastidane.fr\/journal\/wp-content\/uploads\/2011\/01\/chaussuresdef\u00e9es2.jpg\"><img loading=\"lazy\" decoding=\"async\" class=\"aligncenter size-large wp-image-737\" title=\"chaussuresdef\u00e9es2\" src=\"http:\/\/labastidane.fr\/journal\/wp-content\/uploads\/2011\/01\/chaussuresdef\u00e9es2-1024x768.jpg\" alt=\"\" width=\"640\" height=\"480\" srcset=\"http:\/\/labastidane.fr\/journal\/wp-content\/uploads\/2011\/01\/chaussuresdef\u00e9es2-1024x768.jpg 1024w, http:\/\/labastidane.fr\/journal\/wp-content\/uploads\/2011\/01\/chaussuresdef\u00e9es2-600x450.jpg 600w\" sizes=\"(max-width: 640px) 100vw, 640px\" \/><\/a><\/p>\n<p style=\"text-align: center;\">Bient\u00f4t en ligne, les ouvrages des participantes au d\u00e9fi.<\/p>\n<p style=\"text-align: center;\">Je vous tiens au courant ?<\/p>\n<p style=\"text-align: center;\"><a href=\"http:\/\/labastidane.fr\/journal\/wp-content\/uploads\/2011\/01\/DSC_0003-2.jpg\"><a href=\"http:\/\/labastidane.fr\/journal\/wp-content\/uploads\/2011\/01\/labastidane1.jpg\"><img loading=\"lazy\" decoding=\"async\" class=\"aligncenter size-large wp-image-750\" title=\"labastidane1\" src=\"http:\/\/labastidane.fr\/journal\/wp-content\/uploads\/2011\/01\/labastidane1-1024x781.jpg\" alt=\"\" width=\"640\" height=\"488\" srcset=\"http:\/\/labastidane.fr\/journal\/wp-content\/uploads\/2011\/01\/labastidane1-1024x781.jpg 1024w, http:\/\/labastidane.fr\/journal\/wp-content\/uploads\/2011\/01\/labastidane1-600x458.jpg 600w\" sizes=\"(max-width: 640px) 100vw, 640px\" \/><\/a><br \/>\n<\/a><\/p>\n<p style=\"text-align: justify;\">\n<p style=\"text-align: justify;\">\n<p style=\"text-align: justify;\">\n<p style=\"text-align: justify;\">\n<div id=\"fb-root\"><\/div>\r\n<script>(function(d, s, id) {\r\n  var js, fjs = d.getElementsByTagName(s)[0];\r\n  if (d.getElementById(id)) return;\r\n  js = d.createElement(s); js.id = id;\r\n  js.src = \"\/\/connect.facebook.net\/fr_FR\/all.js#xfbml=1\";\r\n  fjs.parentNode.insertBefore(js, fjs);\r\n}(document, \"script\", \"facebook-jssdk\"));<\/script>\r\n<fb:like href=\"http:\/\/labastidane.fr\/journal\/?p=731\" font=\"arial\" action=\"like\" layout=\"standard\" send=\"1\" width=\"\"  colorscheme=\"light\" show_faces=\"0\"  style=\"background:#FFFFFF;padding-top:0px;\r\npadding-right:0px;\r\npadding-bottom:0px;\r\npadding-left:0px;\r\nmargin-top:0px;\r\nmargin-right:0px;\r\nmargin-bottom:0px;\r\nmargin-left:0px;\r\n\"><\/fb:like><div id=\"fb-root\"><\/div>\r\n<script>(function(d, s, id) {\r\n  var js, fjs = d.getElementsByTagName(s)[0];\r\n  if (d.getElementById(id)) return;\r\n  js = d.createElement(s); js.id = id;\r\n  js.src = \"\/\/connect.facebook.net\/en_GB\/all.js#xfbml=1\";\r\n  fjs.parentNode.insertBefore(js, fjs);\r\n}(document, \"script\", \"facebook-jssdk\"));<\/script>\r\n <fb:follow href=\"https:\/\/www.facebook.com\/bastidane\/?fref=ts\" layout=\"standard\" colorscheme=\"light\" show_faces=\"0\" font=\"arial\" width=\"\" border_color=\"#FFFFFF\" style=\"background:#FFFFFF;padding-top:0px;\r\npadding-right:0px;\r\npadding-bottom:0px;\r\npadding-left:0px;\r\nmargin-top:0px;\r\nmargin-right:0px;\r\nmargin-bottom:0px;\r\nmargin-left:0px;\r\n\"><\/fb:follow>","protected":false},"excerpt":{"rendered":"<p>Il y a sept ans, je cr\u00e9ais pour ma fille Victoire, son costume d&rsquo;esprit des jardins, costume qui n&rsquo;a h\u00e9las v\u00e9cu que le temps d&rsquo;une belle journ\u00e9e de carnaval. Un d\u00e9fi sur un groupe, une envie terrible de retrouver le temps qui passe &#8230; un besoin terrible d&rsquo;un printemps en Provence et l&rsquo;Esprit des jardins s&rsquo;est chauss\u00e9 de chaussons de f\u00e9es. Pointure 41, l&rsquo;esprit \u00e0 des grands pieds, seule taille disponible dans la couleur chez le soldeur du coin., 2,50 euros la paire, pas de quoi s&rsquo;en priver, je n&rsquo;avais pas le temps de les cr\u00e9er enti\u00e8rement, mais j&rsquo;aurais aim\u00e9 le faire. De simples ballerines blanches en PVC, des fleurs artificielles \u00e9chapp\u00e9es d&rsquo;un bouquet un peu kitch, des feuilles d&rsquo;un bonza\u00ef synth\u00e9tique et d\u00e9plum\u00e9 qui attendait son heure au fond de l&rsquo;atelier. Des perles, \u00e7a oui des tonnes de perles et du fil et\u00a0 des aiguilles. J&rsquo;avais commenc\u00e9 \u00e0 broder des bottes de sept lieux, des cuissardes de simili daim gris &#8230;. et puis le r\u00e9sultat n&rsquo;\u00e9tait pas \u00e0 la hauteur de mes esp\u00e9rances. Elles ressortiront un jour, sous un autre forme, pour un autre d\u00e9fi, plus folklorique et moins f\u00e9\u00e9rique. Et puis un autre petit esprit celui ci des for\u00eats a voulu \u00e0 tout prix les essayer &#8230;. parce que les chaussons d&rsquo;esprit des jardins, de la for\u00eat, des fleurs ressemblent \u00e9trangement \u00e0 des chaussons de princesse pour une petite fille de six ans. \u00ab\u00a0Dis Maman, tu me feras la robe assortie pour mon mariage ? Je me marierais en vert comme toi &#8230;..\u00a0\u00bb et bien voil\u00e0 les chaussons de l&rsquo;esprit de la for\u00eat qui deviendront un jour des chaussures de mari\u00e9e &#8230;\u00a0 quand Mademoiselle Maossi trouvera chaussure \u00e0 son pied. On a vraiment le temps et c&rsquo;est vraiment une autre histoire. Bient\u00f4t en ligne, les ouvrages des participantes au d\u00e9fi. Je vous tiens au courant ?<\/p>\n","protected":false},"author":1,"featured_media":0,"comment_status":"open","ping_status":"open","sticky":false,"template":"","format":"standard","meta":{"_exactmetrics_skip_tracking":false,"_exactmetrics_sitenote_active":false,"_exactmetrics_sitenote_note":"","_exactmetrics_sitenote_category":0,"footnotes":""},"categories":[32,96],"tags":[17,34],"class_list":["post-731","post","type-post","status-publish","format-standard","hentry","category-les-nistons","category-ouvrages","tag-les-creations","tag-les-nistons-et-les-nistonnes"],"yoast_head":"<!-- This site is optimized with the Yoast SEO plugin v20.0 - https:\/\/yoast.com\/wordpress\/plugins\/seo\/ -->\n<title>L&#039;esprit des jardins, 7 ans apr\u00e8s ... - La Bastidane<\/title>\n<meta name=\"robots\" content=\"index, follow, max-snippet:-1, max-image-preview:large, max-video-preview:-1\" \/>\n<link rel=\"canonical\" href=\"http:\/\/labastidane.fr\/journal\/?p=731\" \/>\n<meta property=\"og:locale\" content=\"fr_FR\" \/>\n<meta property=\"og:type\" content=\"article\" \/>\n<meta property=\"og:title\" content=\"L&#039;esprit des jardins, 7 ans apr\u00e8s ... - La Bastidane\" \/>\n<meta property=\"og:description\" content=\"Il y a sept ans, je cr\u00e9ais pour ma fille Victoire, son costume d&rsquo;esprit des jardins, costume qui n&rsquo;a h\u00e9las v\u00e9cu que le temps d&rsquo;une belle journ\u00e9e de carnaval. Un d\u00e9fi sur un groupe, une envie terrible de retrouver le temps qui passe &#8230; un besoin terrible d&rsquo;un printemps en Provence et l&rsquo;Esprit des jardins s&rsquo;est chauss\u00e9 de chaussons de f\u00e9es. Pointure 41, l&rsquo;esprit \u00e0 des grands pieds, seule taille disponible dans la couleur chez le soldeur du coin., 2,50 euros la paire, pas de quoi s&rsquo;en priver, je n&rsquo;avais pas le temps de les cr\u00e9er enti\u00e8rement, mais j&rsquo;aurais aim\u00e9 le faire. De simples ballerines blanches en PVC, des fleurs artificielles \u00e9chapp\u00e9es d&rsquo;un bouquet un peu kitch, des feuilles d&rsquo;un bonza\u00ef synth\u00e9tique et d\u00e9plum\u00e9 qui attendait son heure au fond de l&rsquo;atelier. Des perles, \u00e7a oui des tonnes de perles et du fil et\u00a0 des aiguilles. J&rsquo;avais commenc\u00e9 \u00e0 broder des bottes de sept lieux, des cuissardes de simili daim gris &#8230;. et puis le r\u00e9sultat n&rsquo;\u00e9tait pas \u00e0 la hauteur de mes esp\u00e9rances. Elles ressortiront un jour, sous un autre forme, pour un autre d\u00e9fi, plus folklorique et moins f\u00e9\u00e9rique. Et puis un autre petit esprit celui ci des for\u00eats a voulu \u00e0 tout prix les essayer &#8230;. parce que les chaussons d&rsquo;esprit des jardins, de la for\u00eat, des fleurs ressemblent \u00e9trangement \u00e0 des chaussons de princesse pour une petite fille de six ans. \u00ab\u00a0Dis Maman, tu me feras la robe assortie pour mon mariage ? Je me marierais en vert comme toi &#8230;..\u00a0\u00bb et bien voil\u00e0 les chaussons de l&rsquo;esprit de la for\u00eat qui deviendront un jour des chaussures de mari\u00e9e &#8230;\u00a0 quand Mademoiselle Maossi trouvera chaussure \u00e0 son pied. On a vraiment le temps et c&rsquo;est vraiment une autre histoire. Bient\u00f4t en ligne, les ouvrages des participantes au d\u00e9fi. Je vous tiens au courant ?\" \/>\n<meta property=\"og:url\" content=\"http:\/\/labastidane.fr\/journal\/?p=731\" \/>\n<meta property=\"og:site_name\" content=\"La Bastidane\" \/>\n<meta property=\"article:published_time\" content=\"2011-01-11T07:45:54+00:00\" \/>\n<meta property=\"article:modified_time\" content=\"2011-01-11T09:06:33+00:00\" \/>\n<meta property=\"og:image\" content=\"http:\/\/labastidane.fr\/journal\/wp-content\/uploads\/2011\/01\/feejardin2_0.jpg\" \/>\n<meta name=\"author\" content=\"La Bastidane\" \/>\n<meta name=\"twitter:card\" content=\"summary_large_image\" \/>\n<meta name=\"twitter:label1\" content=\"\u00c9crit par\" \/>\n\t<meta name=\"twitter:data1\" content=\"La Bastidane\" \/>\n\t<meta name=\"twitter:label2\" content=\"Dur\u00e9e de lecture estim\u00e9e\" \/>\n\t<meta name=\"twitter:data2\" content=\"2 minutes\" \/>\n<script type=\"application\/ld+json\" class=\"yoast-schema-graph\">{\"@context\":\"https:\/\/schema.org\",\"@graph\":[{\"@type\":\"WebPage\",\"@id\":\"http:\/\/labastidane.fr\/journal\/?p=731\",\"url\":\"http:\/\/labastidane.fr\/journal\/?p=731\",\"name\":\"L'esprit des jardins, 7 ans apr\u00e8s ... - La Bastidane\",\"isPartOf\":{\"@id\":\"https:\/\/labastidane.fr\/journal\/#website\"},\"datePublished\":\"2011-01-11T07:45:54+00:00\",\"dateModified\":\"2011-01-11T09:06:33+00:00\",\"author\":{\"@id\":\"https:\/\/labastidane.fr\/journal\/#\/schema\/person\/af75d95a9045c134ad8810c99727f4cd\"},\"breadcrumb\":{\"@id\":\"http:\/\/labastidane.fr\/journal\/?p=731#breadcrumb\"},\"inLanguage\":\"fr-FR\",\"potentialAction\":[{\"@type\":\"ReadAction\",\"target\":[\"http:\/\/labastidane.fr\/journal\/?p=731\"]}]},{\"@type\":\"BreadcrumbList\",\"@id\":\"http:\/\/labastidane.fr\/journal\/?p=731#breadcrumb\",\"itemListElement\":[{\"@type\":\"ListItem\",\"position\":1,\"name\":\"Accueil\",\"item\":\"https:\/\/labastidane.fr\/journal\"},{\"@type\":\"ListItem\",\"position\":2,\"name\":\"L&rsquo;esprit des jardins, 7 ans apr\u00e8s &#8230;\"}]},{\"@type\":\"WebSite\",\"@id\":\"https:\/\/labastidane.fr\/journal\/#website\",\"url\":\"https:\/\/labastidane.fr\/journal\/\",\"name\":\"La Bastidane\",\"description\":\"Cr\u00e9ations Improbables en Luberon\",\"potentialAction\":[{\"@type\":\"SearchAction\",\"target\":{\"@type\":\"EntryPoint\",\"urlTemplate\":\"https:\/\/labastidane.fr\/journal\/?s={search_term_string}\"},\"query-input\":\"required name=search_term_string\"}],\"inLanguage\":\"fr-FR\"},{\"@type\":\"Person\",\"@id\":\"https:\/\/labastidane.fr\/journal\/#\/schema\/person\/af75d95a9045c134ad8810c99727f4cd\",\"name\":\"La Bastidane\",\"image\":{\"@type\":\"ImageObject\",\"inLanguage\":\"fr-FR\",\"@id\":\"https:\/\/labastidane.fr\/journal\/#\/schema\/person\/image\/\",\"url\":\"https:\/\/secure.gravatar.com\/avatar\/53e4719b91c0ffc5bae88b7937a395ed0d9dd04cfb0a5b501ad69c2c044f7eeb?s=96&d=blank&r=g\",\"contentUrl\":\"https:\/\/secure.gravatar.com\/avatar\/53e4719b91c0ffc5bae88b7937a395ed0d9dd04cfb0a5b501ad69c2c044f7eeb?s=96&d=blank&r=g\",\"caption\":\"La Bastidane\"},\"sameAs\":[\"http:\/\/labastidane.fr\/journal\/\"],\"url\":\"http:\/\/labastidane.fr\/journal\/?author=1\"}]}<\/script>\n<!-- \/ Yoast SEO plugin. -->","yoast_head_json":{"title":"L'esprit des jardins, 7 ans apr\u00e8s ... - La Bastidane","robots":{"index":"index","follow":"follow","max-snippet":"max-snippet:-1","max-image-preview":"max-image-preview:large","max-video-preview":"max-video-preview:-1"},"canonical":"http:\/\/labastidane.fr\/journal\/?p=731","og_locale":"fr_FR","og_type":"article","og_title":"L'esprit des jardins, 7 ans apr\u00e8s ... - La Bastidane","og_description":"Il y a sept ans, je cr\u00e9ais pour ma fille Victoire, son costume d&rsquo;esprit des jardins, costume qui n&rsquo;a h\u00e9las v\u00e9cu que le temps d&rsquo;une belle journ\u00e9e de carnaval. Un d\u00e9fi sur un groupe, une envie terrible de retrouver le temps qui passe &#8230; un besoin terrible d&rsquo;un printemps en Provence et l&rsquo;Esprit des jardins s&rsquo;est chauss\u00e9 de chaussons de f\u00e9es. Pointure 41, l&rsquo;esprit \u00e0 des grands pieds, seule taille disponible dans la couleur chez le soldeur du coin., 2,50 euros la paire, pas de quoi s&rsquo;en priver, je n&rsquo;avais pas le temps de les cr\u00e9er enti\u00e8rement, mais j&rsquo;aurais aim\u00e9 le faire. De simples ballerines blanches en PVC, des fleurs artificielles \u00e9chapp\u00e9es d&rsquo;un bouquet un peu kitch, des feuilles d&rsquo;un bonza\u00ef synth\u00e9tique et d\u00e9plum\u00e9 qui attendait son heure au fond de l&rsquo;atelier. Des perles, \u00e7a oui des tonnes de perles et du fil et\u00a0 des aiguilles. J&rsquo;avais commenc\u00e9 \u00e0 broder des bottes de sept lieux, des cuissardes de simili daim gris &#8230;. et puis le r\u00e9sultat n&rsquo;\u00e9tait pas \u00e0 la hauteur de mes esp\u00e9rances. Elles ressortiront un jour, sous un autre forme, pour un autre d\u00e9fi, plus folklorique et moins f\u00e9\u00e9rique. Et puis un autre petit esprit celui ci des for\u00eats a voulu \u00e0 tout prix les essayer &#8230;. parce que les chaussons d&rsquo;esprit des jardins, de la for\u00eat, des fleurs ressemblent \u00e9trangement \u00e0 des chaussons de princesse pour une petite fille de six ans. \u00ab\u00a0Dis Maman, tu me feras la robe assortie pour mon mariage ? Je me marierais en vert comme toi &#8230;..\u00a0\u00bb et bien voil\u00e0 les chaussons de l&rsquo;esprit de la for\u00eat qui deviendront un jour des chaussures de mari\u00e9e &#8230;\u00a0 quand Mademoiselle Maossi trouvera chaussure \u00e0 son pied. On a vraiment le temps et c&rsquo;est vraiment une autre histoire. Bient\u00f4t en ligne, les ouvrages des participantes au d\u00e9fi. Je vous tiens au courant ?","og_url":"http:\/\/labastidane.fr\/journal\/?p=731","og_site_name":"La Bastidane","article_published_time":"2011-01-11T07:45:54+00:00","article_modified_time":"2011-01-11T09:06:33+00:00","og_image":[{"url":"http:\/\/labastidane.fr\/journal\/wp-content\/uploads\/2011\/01\/feejardin2_0.jpg"}],"author":"La Bastidane","twitter_card":"summary_large_image","twitter_misc":{"\u00c9crit par":"La Bastidane","Dur\u00e9e de lecture estim\u00e9e":"2 minutes"},"schema":{"@context":"https:\/\/schema.org","@graph":[{"@type":"WebPage","@id":"http:\/\/labastidane.fr\/journal\/?p=731","url":"http:\/\/labastidane.fr\/journal\/?p=731","name":"L'esprit des jardins, 7 ans apr\u00e8s ... - La Bastidane","isPartOf":{"@id":"https:\/\/labastidane.fr\/journal\/#website"},"datePublished":"2011-01-11T07:45:54+00:00","dateModified":"2011-01-11T09:06:33+00:00","author":{"@id":"https:\/\/labastidane.fr\/journal\/#\/schema\/person\/af75d95a9045c134ad8810c99727f4cd"},"breadcrumb":{"@id":"http:\/\/labastidane.fr\/journal\/?p=731#breadcrumb"},"inLanguage":"fr-FR","potentialAction":[{"@type":"ReadAction","target":["http:\/\/labastidane.fr\/journal\/?p=731"]}]},{"@type":"BreadcrumbList","@id":"http:\/\/labastidane.fr\/journal\/?p=731#breadcrumb","itemListElement":[{"@type":"ListItem","position":1,"name":"Accueil","item":"https:\/\/labastidane.fr\/journal"},{"@type":"ListItem","position":2,"name":"L&rsquo;esprit des jardins, 7 ans apr\u00e8s &#8230;"}]},{"@type":"WebSite","@id":"https:\/\/labastidane.fr\/journal\/#website","url":"https:\/\/labastidane.fr\/journal\/","name":"La Bastidane","description":"Cr\u00e9ations Improbables en Luberon","potentialAction":[{"@type":"SearchAction","target":{"@type":"EntryPoint","urlTemplate":"https:\/\/labastidane.fr\/journal\/?s={search_term_string}"},"query-input":"required name=search_term_string"}],"inLanguage":"fr-FR"},{"@type":"Person","@id":"https:\/\/labastidane.fr\/journal\/#\/schema\/person\/af75d95a9045c134ad8810c99727f4cd","name":"La Bastidane","image":{"@type":"ImageObject","inLanguage":"fr-FR","@id":"https:\/\/labastidane.fr\/journal\/#\/schema\/person\/image\/","url":"https:\/\/secure.gravatar.com\/avatar\/53e4719b91c0ffc5bae88b7937a395ed0d9dd04cfb0a5b501ad69c2c044f7eeb?s=96&d=blank&r=g","contentUrl":"https:\/\/secure.gravatar.com\/avatar\/53e4719b91c0ffc5bae88b7937a395ed0d9dd04cfb0a5b501ad69c2c044f7eeb?s=96&d=blank&r=g","caption":"La Bastidane"},"sameAs":["http:\/\/labastidane.fr\/journal\/"],"url":"http:\/\/labastidane.fr\/journal\/?author=1"}]}},"jetpack_featured_media_url":"","_links":{"self":[{"href":"http:\/\/labastidane.fr\/journal\/index.php?rest_route=\/wp\/v2\/posts\/731","targetHints":{"allow":["GET"]}}],"collection":[{"href":"http:\/\/labastidane.fr\/journal\/index.php?rest_route=\/wp\/v2\/posts"}],"about":[{"href":"http:\/\/labastidane.fr\/journal\/index.php?rest_route=\/wp\/v2\/types\/post"}],"author":[{"embeddable":true,"href":"http:\/\/labastidane.fr\/journal\/index.php?rest_route=\/wp\/v2\/users\/1"}],"replies":[{"embeddable":true,"href":"http:\/\/labastidane.fr\/journal\/index.php?rest_route=%2Fwp%2Fv2%2Fcomments&post=731"}],"version-history":[{"count":11,"href":"http:\/\/labastidane.fr\/journal\/index.php?rest_route=\/wp\/v2\/posts\/731\/revisions"}],"predecessor-version":[{"id":751,"href":"http:\/\/labastidane.fr\/journal\/index.php?rest_route=\/wp\/v2\/posts\/731\/revisions\/751"}],"wp:attachment":[{"href":"http:\/\/labastidane.fr\/journal\/index.php?rest_route=%2Fwp%2Fv2%2Fmedia&parent=731"}],"wp:term":[{"taxonomy":"category","embeddable":true,"href":"http:\/\/labastidane.fr\/journal\/index.php?rest_route=%2Fwp%2Fv2%2Fcategories&post=731"},{"taxonomy":"post_tag","embeddable":true,"href":"http:\/\/labastidane.fr\/journal\/index.php?rest_route=%2Fwp%2Fv2%2Ftags&post=731"}],"curies":[{"name":"wp","href":"https:\/\/api.w.org\/{rel}","templated":true}]}}