{"id":7380,"date":"2016-02-29T14:35:35","date_gmt":"2016-02-29T12:35:35","guid":{"rendered":"http:\/\/labastidane.fr\/journal\/?p=7380"},"modified":"2016-02-29T16:32:40","modified_gmt":"2016-02-29T14:32:40","slug":"a-paraitre-en-mai-mon-nouveau-livre-broderie-poetique","status":"publish","type":"post","link":"http:\/\/labastidane.fr\/journal\/?p=7380","title":{"rendered":"A para\u00eetre en mai, mon nouveau livre \u00ab\u00a0Broderie po\u00e9tique\u00a0\u00bb"},"content":{"rendered":"<p><a href=\"http:\/\/labastidane.fr\/journal\/?attachment_id=7381\" rel=\"attachment wp-att-7381\"><img fetchpriority=\"high\" decoding=\"async\" class=\"aligncenter wp-image-7381 size-large\" src=\"http:\/\/labastidane.fr\/journal\/wp-content\/uploads\/2016\/02\/couv-broderie-poetique-nathalie-locquen-818x1024.jpg\" alt=\"couv broderie poetique nathalie locquen\" width=\"818\" height=\"1024\" srcset=\"http:\/\/labastidane.fr\/journal\/wp-content\/uploads\/2016\/02\/couv-broderie-poetique-nathalie-locquen-818x1024.jpg 818w, http:\/\/labastidane.fr\/journal\/wp-content\/uploads\/2016\/02\/couv-broderie-poetique-nathalie-locquen-160x200.jpg 160w, http:\/\/labastidane.fr\/journal\/wp-content\/uploads\/2016\/02\/couv-broderie-poetique-nathalie-locquen-719x900.jpg 719w, http:\/\/labastidane.fr\/journal\/wp-content\/uploads\/2016\/02\/couv-broderie-poetique-nathalie-locquen-768x961.jpg 768w\" sizes=\"(max-width: 818px) 100vw, 818px\" \/><\/a><\/p>\n<p style=\"text-align: center;\"><a href=\"http:\/\/labastidane.fr\/journal\/?attachment_id=1472\" rel=\"attachment wp-att-1472\"><img decoding=\"async\" class=\"aligncenter wp-image-1472\" src=\"http:\/\/labastidane.fr\/journal\/wp-content\/uploads\/2011\/12\/etoile_172-155x200.gif\" alt=\"etoile_172\" width=\"82\" height=\"106\" srcset=\"http:\/\/labastidane.fr\/journal\/wp-content\/uploads\/2011\/12\/etoile_172-155x200.gif 155w, http:\/\/labastidane.fr\/journal\/wp-content\/uploads\/2011\/12\/etoile_172.gif 466w\" sizes=\"(max-width: 82px) 100vw, 82px\" \/><\/a><\/p>\n<p style=\"text-align: center;\">Sept longues ann\u00e9es, il m&rsquo;a fallut sept longues ann\u00e9es pour me d\u00e9cider \u00a0\u00e0 faire un nouveau livre, c&rsquo;\u00e9tait sans compter sur les Editions de Saxe qui m&rsquo;on fait \u00e0 nouveau confiance en septembre 2015, il est vrai que \u00a0je suis du genre \u00e0 prendre mon temps.<\/p>\n<p style=\"text-align: center;\">J&rsquo;ai l&rsquo;honneur de vous annoncer la naissance de<\/p>\n<p style=\"text-align: center;\">\n<p style=\"text-align: center;\">\n<h1 style=\"text-align: center;\">Broderie po\u00e9tique par <a href=\"http:\/\/www.edisaxe.com\">les Editions de Saxe<\/a><\/h1>\n<p>&nbsp;<\/p>\n<p>&nbsp;<\/p>\n<p style=\"text-align: center;\">Je vous emm\u00e8nerai avec moi, pour un \u00e9t\u00e9 de r\u00eaves, l&rsquo;\u00e9t\u00e9 de la princesse des petits riens,<\/p>\n<p style=\"text-align: center;\">Victorine vous conduira sur les chemins de la cr\u00e9ation dans le grenier de sa grand m\u00e8re, au bord de l&rsquo;oc\u00e9an, ou au clair de lune.<\/p>\n<p style=\"text-align: center;\">elle vous racontera des histoires, vous apprendra \u00e0 cr\u00e9er en r\u00eavant, si vous \u00eates pr\u00eats \u00e0 croiser quelques Improbables.<\/p>\n<p style=\"text-align: center;\">A para\u00eetre en mai, \u00e7a va \u00eatre long d&rsquo;attendre, j&rsquo;ai vraiment h\u00e2te de vous le faire d\u00e9couvrir.<\/p>\n<div id=\"fb-root\"><\/div>\r\n<script>(function(d, s, id) {\r\n  var js, fjs = d.getElementsByTagName(s)[0];\r\n  if (d.getElementById(id)) return;\r\n  js = d.createElement(s); js.id = id;\r\n  js.src = \"\/\/connect.facebook.net\/fr_FR\/all.js#xfbml=1\";\r\n  fjs.parentNode.insertBefore(js, fjs);\r\n}(document, \"script\", \"facebook-jssdk\"));<\/script>\r\n<fb:like href=\"http:\/\/labastidane.fr\/journal\/?p=7380\" font=\"arial\" action=\"like\" layout=\"standard\" send=\"1\" width=\"\"  colorscheme=\"light\" show_faces=\"0\"  style=\"background:#FFFFFF;padding-top:0px;\r\npadding-right:0px;\r\npadding-bottom:0px;\r\npadding-left:0px;\r\nmargin-top:0px;\r\nmargin-right:0px;\r\nmargin-bottom:0px;\r\nmargin-left:0px;\r\n\"><\/fb:like><div id=\"fb-root\"><\/div>\r\n<script>(function(d, s, id) {\r\n  var js, fjs = d.getElementsByTagName(s)[0];\r\n  if (d.getElementById(id)) return;\r\n  js = d.createElement(s); js.id = id;\r\n  js.src = \"\/\/connect.facebook.net\/en_GB\/all.js#xfbml=1\";\r\n  fjs.parentNode.insertBefore(js, fjs);\r\n}(document, \"script\", \"facebook-jssdk\"));<\/script>\r\n <fb:follow href=\"https:\/\/www.facebook.com\/bastidane\/?fref=ts\" layout=\"standard\" colorscheme=\"light\" show_faces=\"0\" font=\"arial\" width=\"\" border_color=\"#FFFFFF\" style=\"background:#FFFFFF;padding-top:0px;\r\npadding-right:0px;\r\npadding-bottom:0px;\r\npadding-left:0px;\r\nmargin-top:0px;\r\nmargin-right:0px;\r\nmargin-bottom:0px;\r\nmargin-left:0px;\r\n\"><\/fb:follow>","protected":false},"excerpt":{"rendered":"<p>Sept longues ann\u00e9es, il m&rsquo;a fallut sept longues ann\u00e9es pour me d\u00e9cider \u00a0\u00e0 faire un nouveau livre, c&rsquo;\u00e9tait sans compter sur les Editions de Saxe qui m&rsquo;on fait \u00e0 nouveau confiance en septembre 2015, il est vrai que \u00a0je suis du genre \u00e0 prendre mon temps. J&rsquo;ai l&rsquo;honneur de vous annoncer la naissance de Broderie po\u00e9tique par les Editions de Saxe &nbsp; &nbsp; Je vous emm\u00e8nerai avec moi, pour un \u00e9t\u00e9 de r\u00eaves, l&rsquo;\u00e9t\u00e9 de la princesse des petits riens, Victorine vous conduira sur les chemins de la cr\u00e9ation dans le grenier de sa grand m\u00e8re, au bord de l&rsquo;oc\u00e9an, ou au clair de lune. elle vous racontera des histoires, vous apprendra \u00e0 cr\u00e9er en r\u00eavant, si vous \u00eates pr\u00eats \u00e0 croiser quelques Improbables. A para\u00eetre en mai, \u00e7a va \u00eatre long d&rsquo;attendre, j&rsquo;ai vraiment h\u00e2te de vous le faire d\u00e9couvrir.<\/p>\n","protected":false},"author":1,"featured_media":7384,"comment_status":"open","ping_status":"open","sticky":false,"template":"","format":"standard","meta":{"_exactmetrics_skip_tracking":false,"_exactmetrics_sitenote_active":false,"_exactmetrics_sitenote_note":"","_exactmetrics_sitenote_category":0,"footnotes":""},"categories":[112],"tags":[43,111],"class_list":["post-7380","post","type-post","status-publish","format-standard","has-post-thumbnail","hentry","category-mes-publications","tag-a-decouvrir","tag-mes-livres"],"yoast_head":"<!-- This site is optimized with the Yoast SEO plugin v20.0 - https:\/\/yoast.com\/wordpress\/plugins\/seo\/ -->\n<title>A para\u00eetre en mai, mon nouveau livre &quot;Broderie po\u00e9tique&quot; - La Bastidane<\/title>\n<meta name=\"robots\" content=\"index, follow, max-snippet:-1, max-image-preview:large, max-video-preview:-1\" \/>\n<link rel=\"canonical\" href=\"http:\/\/labastidane.fr\/journal\/?p=7380\" \/>\n<meta property=\"og:locale\" content=\"fr_FR\" \/>\n<meta property=\"og:type\" content=\"article\" \/>\n<meta property=\"og:title\" content=\"A para\u00eetre en mai, mon nouveau livre &quot;Broderie po\u00e9tique&quot; - La Bastidane\" \/>\n<meta property=\"og:description\" content=\"Sept longues ann\u00e9es, il m&rsquo;a fallut sept longues ann\u00e9es pour me d\u00e9cider \u00a0\u00e0 faire un nouveau livre, c&rsquo;\u00e9tait sans compter sur les Editions de Saxe qui m&rsquo;on fait \u00e0 nouveau confiance en septembre 2015, il est vrai que \u00a0je suis du genre \u00e0 prendre mon temps. J&rsquo;ai l&rsquo;honneur de vous annoncer la naissance de Broderie po\u00e9tique par les Editions de Saxe &nbsp; &nbsp; Je vous emm\u00e8nerai avec moi, pour un \u00e9t\u00e9 de r\u00eaves, l&rsquo;\u00e9t\u00e9 de la princesse des petits riens, Victorine vous conduira sur les chemins de la cr\u00e9ation dans le grenier de sa grand m\u00e8re, au bord de l&rsquo;oc\u00e9an, ou au clair de lune. elle vous racontera des histoires, vous apprendra \u00e0 cr\u00e9er en r\u00eavant, si vous \u00eates pr\u00eats \u00e0 croiser quelques Improbables. A para\u00eetre en mai, \u00e7a va \u00eatre long d&rsquo;attendre, j&rsquo;ai vraiment h\u00e2te de vous le faire d\u00e9couvrir.\" \/>\n<meta property=\"og:url\" content=\"http:\/\/labastidane.fr\/journal\/?p=7380\" \/>\n<meta property=\"og:site_name\" content=\"La Bastidane\" \/>\n<meta property=\"article:published_time\" content=\"2016-02-29T12:35:35+00:00\" \/>\n<meta property=\"article:modified_time\" content=\"2016-02-29T14:32:40+00:00\" \/>\n<meta property=\"og:image\" content=\"http:\/\/labastidane.fr\/journal\/wp-content\/uploads\/2016\/02\/Capture-d\u2019e\u0301cran-2016-02-29-a\u0300-13.36.47.png\" \/>\n\t<meta property=\"og:image:width\" content=\"988\" \/>\n\t<meta property=\"og:image:height\" content=\"338\" \/>\n\t<meta property=\"og:image:type\" content=\"image\/png\" \/>\n<meta name=\"author\" content=\"La Bastidane\" \/>\n<meta name=\"twitter:card\" content=\"summary_large_image\" \/>\n<meta name=\"twitter:label1\" content=\"\u00c9crit par\" \/>\n\t<meta name=\"twitter:data1\" content=\"La Bastidane\" \/>\n\t<meta name=\"twitter:label2\" content=\"Dur\u00e9e de lecture estim\u00e9e\" \/>\n\t<meta name=\"twitter:data2\" content=\"1 minute\" \/>\n<script type=\"application\/ld+json\" class=\"yoast-schema-graph\">{\"@context\":\"https:\/\/schema.org\",\"@graph\":[{\"@type\":\"WebPage\",\"@id\":\"http:\/\/labastidane.fr\/journal\/?p=7380\",\"url\":\"http:\/\/labastidane.fr\/journal\/?p=7380\",\"name\":\"A para\u00eetre en mai, mon nouveau livre \\\"Broderie po\u00e9tique\\\" - La Bastidane\",\"isPartOf\":{\"@id\":\"http:\/\/labastidane.fr\/journal\/#website\"},\"datePublished\":\"2016-02-29T12:35:35+00:00\",\"dateModified\":\"2016-02-29T14:32:40+00:00\",\"author\":{\"@id\":\"http:\/\/labastidane.fr\/journal\/#\/schema\/person\/af75d95a9045c134ad8810c99727f4cd\"},\"breadcrumb\":{\"@id\":\"http:\/\/labastidane.fr\/journal\/?p=7380#breadcrumb\"},\"inLanguage\":\"fr-FR\",\"potentialAction\":[{\"@type\":\"ReadAction\",\"target\":[\"http:\/\/labastidane.fr\/journal\/?p=7380\"]}]},{\"@type\":\"BreadcrumbList\",\"@id\":\"http:\/\/labastidane.fr\/journal\/?p=7380#breadcrumb\",\"itemListElement\":[{\"@type\":\"ListItem\",\"position\":1,\"name\":\"Accueil\",\"item\":\"http:\/\/labastidane.fr\/journal\"},{\"@type\":\"ListItem\",\"position\":2,\"name\":\"A para\u00eetre en mai, mon nouveau livre \u00ab\u00a0Broderie po\u00e9tique\u00a0\u00bb\"}]},{\"@type\":\"WebSite\",\"@id\":\"http:\/\/labastidane.fr\/journal\/#website\",\"url\":\"http:\/\/labastidane.fr\/journal\/\",\"name\":\"La Bastidane\",\"description\":\"Cr\u00e9ations Improbables en Luberon\",\"potentialAction\":[{\"@type\":\"SearchAction\",\"target\":{\"@type\":\"EntryPoint\",\"urlTemplate\":\"http:\/\/labastidane.fr\/journal\/?s={search_term_string}\"},\"query-input\":\"required name=search_term_string\"}],\"inLanguage\":\"fr-FR\"},{\"@type\":\"Person\",\"@id\":\"http:\/\/labastidane.fr\/journal\/#\/schema\/person\/af75d95a9045c134ad8810c99727f4cd\",\"name\":\"La Bastidane\",\"image\":{\"@type\":\"ImageObject\",\"inLanguage\":\"fr-FR\",\"@id\":\"http:\/\/labastidane.fr\/journal\/#\/schema\/person\/image\/\",\"url\":\"https:\/\/secure.gravatar.com\/avatar\/53e4719b91c0ffc5bae88b7937a395ed0d9dd04cfb0a5b501ad69c2c044f7eeb?s=96&d=blank&r=g\",\"contentUrl\":\"https:\/\/secure.gravatar.com\/avatar\/53e4719b91c0ffc5bae88b7937a395ed0d9dd04cfb0a5b501ad69c2c044f7eeb?s=96&d=blank&r=g\",\"caption\":\"La Bastidane\"},\"sameAs\":[\"http:\/\/labastidane.fr\/journal\/\"],\"url\":\"http:\/\/labastidane.fr\/journal\/?author=1\"}]}<\/script>\n<!-- \/ Yoast SEO plugin. -->","yoast_head_json":{"title":"A para\u00eetre en mai, mon nouveau livre \"Broderie po\u00e9tique\" - La Bastidane","robots":{"index":"index","follow":"follow","max-snippet":"max-snippet:-1","max-image-preview":"max-image-preview:large","max-video-preview":"max-video-preview:-1"},"canonical":"http:\/\/labastidane.fr\/journal\/?p=7380","og_locale":"fr_FR","og_type":"article","og_title":"A para\u00eetre en mai, mon nouveau livre \"Broderie po\u00e9tique\" - La Bastidane","og_description":"Sept longues ann\u00e9es, il m&rsquo;a fallut sept longues ann\u00e9es pour me d\u00e9cider \u00a0\u00e0 faire un nouveau livre, c&rsquo;\u00e9tait sans compter sur les Editions de Saxe qui m&rsquo;on fait \u00e0 nouveau confiance en septembre 2015, il est vrai que \u00a0je suis du genre \u00e0 prendre mon temps. J&rsquo;ai l&rsquo;honneur de vous annoncer la naissance de Broderie po\u00e9tique par les Editions de Saxe &nbsp; &nbsp; Je vous emm\u00e8nerai avec moi, pour un \u00e9t\u00e9 de r\u00eaves, l&rsquo;\u00e9t\u00e9 de la princesse des petits riens, Victorine vous conduira sur les chemins de la cr\u00e9ation dans le grenier de sa grand m\u00e8re, au bord de l&rsquo;oc\u00e9an, ou au clair de lune. elle vous racontera des histoires, vous apprendra \u00e0 cr\u00e9er en r\u00eavant, si vous \u00eates pr\u00eats \u00e0 croiser quelques Improbables. A para\u00eetre en mai, \u00e7a va \u00eatre long d&rsquo;attendre, j&rsquo;ai vraiment h\u00e2te de vous le faire d\u00e9couvrir.","og_url":"http:\/\/labastidane.fr\/journal\/?p=7380","og_site_name":"La Bastidane","article_published_time":"2016-02-29T12:35:35+00:00","article_modified_time":"2016-02-29T14:32:40+00:00","og_image":[{"width":988,"height":338,"url":"http:\/\/labastidane.fr\/journal\/wp-content\/uploads\/2016\/02\/Capture-d\u2019e\u0301cran-2016-02-29-a\u0300-13.36.47.png","type":"image\/png"}],"author":"La Bastidane","twitter_card":"summary_large_image","twitter_misc":{"\u00c9crit par":"La Bastidane","Dur\u00e9e de lecture estim\u00e9e":"1 minute"},"schema":{"@context":"https:\/\/schema.org","@graph":[{"@type":"WebPage","@id":"http:\/\/labastidane.fr\/journal\/?p=7380","url":"http:\/\/labastidane.fr\/journal\/?p=7380","name":"A para\u00eetre en mai, mon nouveau livre \"Broderie po\u00e9tique\" - La Bastidane","isPartOf":{"@id":"http:\/\/labastidane.fr\/journal\/#website"},"datePublished":"2016-02-29T12:35:35+00:00","dateModified":"2016-02-29T14:32:40+00:00","author":{"@id":"http:\/\/labastidane.fr\/journal\/#\/schema\/person\/af75d95a9045c134ad8810c99727f4cd"},"breadcrumb":{"@id":"http:\/\/labastidane.fr\/journal\/?p=7380#breadcrumb"},"inLanguage":"fr-FR","potentialAction":[{"@type":"ReadAction","target":["http:\/\/labastidane.fr\/journal\/?p=7380"]}]},{"@type":"BreadcrumbList","@id":"http:\/\/labastidane.fr\/journal\/?p=7380#breadcrumb","itemListElement":[{"@type":"ListItem","position":1,"name":"Accueil","item":"http:\/\/labastidane.fr\/journal"},{"@type":"ListItem","position":2,"name":"A para\u00eetre en mai, mon nouveau livre \u00ab\u00a0Broderie po\u00e9tique\u00a0\u00bb"}]},{"@type":"WebSite","@id":"http:\/\/labastidane.fr\/journal\/#website","url":"http:\/\/labastidane.fr\/journal\/","name":"La Bastidane","description":"Cr\u00e9ations Improbables en Luberon","potentialAction":[{"@type":"SearchAction","target":{"@type":"EntryPoint","urlTemplate":"http:\/\/labastidane.fr\/journal\/?s={search_term_string}"},"query-input":"required name=search_term_string"}],"inLanguage":"fr-FR"},{"@type":"Person","@id":"http:\/\/labastidane.fr\/journal\/#\/schema\/person\/af75d95a9045c134ad8810c99727f4cd","name":"La Bastidane","image":{"@type":"ImageObject","inLanguage":"fr-FR","@id":"http:\/\/labastidane.fr\/journal\/#\/schema\/person\/image\/","url":"https:\/\/secure.gravatar.com\/avatar\/53e4719b91c0ffc5bae88b7937a395ed0d9dd04cfb0a5b501ad69c2c044f7eeb?s=96&d=blank&r=g","contentUrl":"https:\/\/secure.gravatar.com\/avatar\/53e4719b91c0ffc5bae88b7937a395ed0d9dd04cfb0a5b501ad69c2c044f7eeb?s=96&d=blank&r=g","caption":"La Bastidane"},"sameAs":["http:\/\/labastidane.fr\/journal\/"],"url":"http:\/\/labastidane.fr\/journal\/?author=1"}]}},"jetpack_featured_media_url":"http:\/\/labastidane.fr\/journal\/wp-content\/uploads\/2016\/02\/Capture-d\u2019e\u0301cran-2016-02-29-a\u0300-13.36.47.png","_links":{"self":[{"href":"http:\/\/labastidane.fr\/journal\/index.php?rest_route=\/wp\/v2\/posts\/7380","targetHints":{"allow":["GET"]}}],"collection":[{"href":"http:\/\/labastidane.fr\/journal\/index.php?rest_route=\/wp\/v2\/posts"}],"about":[{"href":"http:\/\/labastidane.fr\/journal\/index.php?rest_route=\/wp\/v2\/types\/post"}],"author":[{"embeddable":true,"href":"http:\/\/labastidane.fr\/journal\/index.php?rest_route=\/wp\/v2\/users\/1"}],"replies":[{"embeddable":true,"href":"http:\/\/labastidane.fr\/journal\/index.php?rest_route=%2Fwp%2Fv2%2Fcomments&post=7380"}],"version-history":[{"count":9,"href":"http:\/\/labastidane.fr\/journal\/index.php?rest_route=\/wp\/v2\/posts\/7380\/revisions"}],"predecessor-version":[{"id":7392,"href":"http:\/\/labastidane.fr\/journal\/index.php?rest_route=\/wp\/v2\/posts\/7380\/revisions\/7392"}],"wp:featuredmedia":[{"embeddable":true,"href":"http:\/\/labastidane.fr\/journal\/index.php?rest_route=\/wp\/v2\/media\/7384"}],"wp:attachment":[{"href":"http:\/\/labastidane.fr\/journal\/index.php?rest_route=%2Fwp%2Fv2%2Fmedia&parent=7380"}],"wp:term":[{"taxonomy":"category","embeddable":true,"href":"http:\/\/labastidane.fr\/journal\/index.php?rest_route=%2Fwp%2Fv2%2Fcategories&post=7380"},{"taxonomy":"post_tag","embeddable":true,"href":"http:\/\/labastidane.fr\/journal\/index.php?rest_route=%2Fwp%2Fv2%2Ftags&post=7380"}],"curies":[{"name":"wp","href":"https:\/\/api.w.org\/{rel}","templated":true}]}}