{"id":7749,"date":"2016-06-10T06:53:29","date_gmt":"2016-06-10T04:53:29","guid":{"rendered":"http:\/\/labastidane.fr\/journal\/?p=7749"},"modified":"2016-06-16T10:49:44","modified_gmt":"2016-06-16T08:49:44","slug":"oazart-defile-de-mode-a-la-cite-de-lespoir-a-montreuil","status":"publish","type":"post","link":"http:\/\/labastidane.fr\/journal\/?p=7749","title":{"rendered":"Oazart, d\u00e9fil\u00e9 de mode \u00e0 la cit\u00e9 de l&rsquo;Espoir \u00e0 Montreuil"},"content":{"rendered":"<p><a href=\"http:\/\/labastidane.fr\/journal\/?attachment_id=7750\" rel=\"attachment wp-att-7750\"><img fetchpriority=\"high\" decoding=\"async\" class=\"aligncenter size-medium wp-image-7750\" src=\"http:\/\/labastidane.fr\/journal\/wp-content\/uploads\/2016\/06\/13248452_1168839483150030_7977093316660114131_o-675x900.jpg\" alt=\"13248452_1168839483150030_7977093316660114131_o\" width=\"675\" height=\"900\" srcset=\"http:\/\/labastidane.fr\/journal\/wp-content\/uploads\/2016\/06\/13248452_1168839483150030_7977093316660114131_o-675x900.jpg 675w, http:\/\/labastidane.fr\/journal\/wp-content\/uploads\/2016\/06\/13248452_1168839483150030_7977093316660114131_o-150x200.jpg 150w, http:\/\/labastidane.fr\/journal\/wp-content\/uploads\/2016\/06\/13248452_1168839483150030_7977093316660114131_o-768x1024.jpg 768w, http:\/\/labastidane.fr\/journal\/wp-content\/uploads\/2016\/06\/13248452_1168839483150030_7977093316660114131_o.jpg 1536w\" sizes=\"(max-width: 675px) 100vw, 675px\" \/><\/a> <a href=\"http:\/\/labastidane.fr\/journal\/?attachment_id=7751\" rel=\"attachment wp-att-7751\"><br \/>\n<\/a> <a href=\"http:\/\/labastidane.fr\/journal\/?attachment_id=7752\" rel=\"attachment wp-att-7752\"><img decoding=\"async\" class=\"aligncenter size-medium wp-image-7752\" src=\"http:\/\/labastidane.fr\/journal\/wp-content\/uploads\/2016\/06\/10678517_942903375743643_4896113096684582737_n.jpg\" alt=\"10678517_942903375743643_4896113096684582737_n\" width=\"558\" height=\"406\" srcset=\"http:\/\/labastidane.fr\/journal\/wp-content\/uploads\/2016\/06\/10678517_942903375743643_4896113096684582737_n.jpg 558w, http:\/\/labastidane.fr\/journal\/wp-content\/uploads\/2016\/06\/10678517_942903375743643_4896113096684582737_n-200x146.jpg 200w\" sizes=\"(max-width: 558px) 100vw, 558px\" \/><\/a><\/p>\n<p>&nbsp;<\/p>\n<p>&nbsp;<\/p>\n<p><a href=\"http:\/\/labastidane.fr\/journal\/?attachment_id=7753\" rel=\"attachment wp-att-7753\"><img decoding=\"async\" class=\"aligncenter wp-image-7753 size-large\" src=\"http:\/\/labastidane.fr\/journal\/wp-content\/uploads\/2016\/06\/13122997_1152441518123160_7581893585784539316_o-1024x781.jpg\" alt=\"13122997_1152441518123160_7581893585784539316_o\" width=\"940\" height=\"717\" srcset=\"http:\/\/labastidane.fr\/journal\/wp-content\/uploads\/2016\/06\/13122997_1152441518123160_7581893585784539316_o-1024x781.jpg 1024w, http:\/\/labastidane.fr\/journal\/wp-content\/uploads\/2016\/06\/13122997_1152441518123160_7581893585784539316_o-200x153.jpg 200w, http:\/\/labastidane.fr\/journal\/wp-content\/uploads\/2016\/06\/13122997_1152441518123160_7581893585784539316_o-850x648.jpg 850w, http:\/\/labastidane.fr\/journal\/wp-content\/uploads\/2016\/06\/13122997_1152441518123160_7581893585784539316_o-768x586.jpg 768w, http:\/\/labastidane.fr\/journal\/wp-content\/uploads\/2016\/06\/13122997_1152441518123160_7581893585784539316_o.jpg 1062w\" sizes=\"(max-width: 940px) 100vw, 940px\" \/><\/a><\/p>\n<p>&nbsp;<\/p>\n<p>&nbsp;<\/p>\n<p style=\"text-align: center;\">Que vous dire de plus, que le d\u00e9fil\u00e9 aura lieu le Samedi 11 Juin \u00e0 16h30 \u00e0 la Verri\u00e8re, place du 19 mars 1962, cit\u00e9 \u00e0 de l&rsquo;Espoir \u00e0 Montreuil.<\/p>\n<p style=\"text-align: center;\">Les styliste en herbe auront le plaisir de porter leur mod\u00e8le dans le cadre du projet \u00ab\u00a0Histoires de Modes\u00a0\u00bb.<\/p>\n<p style=\"text-align: center;\"><a href=\"https:\/\/www.facebook.com\/Oazart-923476231019691\/timeline\">A d\u00e9couvrir, \u00e0 suivre sur Facebook\u00a0<\/a><\/p>\n<p style=\"text-align: center;\">Vous y d\u00e9couvrirez tous les renseignements dont vous avez besoin.<\/p>\n<p style=\"text-align: center;\">Et \u00e0 suivre pour Octobre &#8230;. l&rsquo;exposition<\/p>\n<p style=\"text-align: center;\">Parisiens, parisiennes, \u00e0 d\u00e9couvrir, \u00e0 soutenir ce magnifique projet.<\/p>\n<p>&nbsp;<\/p>\n<p style=\"text-align: center;\">Photos copyright OAZART<\/p>\n<p><a href=\"http:\/\/labastidane.fr\/journal\/?attachment_id=7753\" rel=\"attachment wp-att-7753\"><br \/>\n<\/a> <a href=\"http:\/\/labastidane.fr\/journal\/?attachment_id=7754\" rel=\"attachment wp-att-7754\"><img loading=\"lazy\" decoding=\"async\" class=\"aligncenter size-medium wp-image-7754\" src=\"http:\/\/labastidane.fr\/journal\/wp-content\/uploads\/2016\/06\/13254719_1168839489816696_2743211906222482448_o-675x900.jpg\" alt=\"13254719_1168839489816696_2743211906222482448_o\" width=\"675\" height=\"900\" srcset=\"http:\/\/labastidane.fr\/journal\/wp-content\/uploads\/2016\/06\/13254719_1168839489816696_2743211906222482448_o-675x900.jpg 675w, http:\/\/labastidane.fr\/journal\/wp-content\/uploads\/2016\/06\/13254719_1168839489816696_2743211906222482448_o-150x200.jpg 150w, http:\/\/labastidane.fr\/journal\/wp-content\/uploads\/2016\/06\/13254719_1168839489816696_2743211906222482448_o-768x1024.jpg 768w, http:\/\/labastidane.fr\/journal\/wp-content\/uploads\/2016\/06\/13254719_1168839489816696_2743211906222482448_o.jpg 1536w\" sizes=\"(max-width: 675px) 100vw, 675px\" \/><\/a> <a href=\"http:\/\/labastidane.fr\/journal\/?attachment_id=7755\" rel=\"attachment wp-att-7755\"><img loading=\"lazy\" decoding=\"async\" class=\"aligncenter size-medium wp-image-7755\" src=\"http:\/\/labastidane.fr\/journal\/wp-content\/uploads\/2016\/06\/13244026_1168840026483309_655952837716248710_o-850x850.jpg\" alt=\"13244026_1168840026483309_655952837716248710_o\" width=\"850\" height=\"850\" srcset=\"http:\/\/labastidane.fr\/journal\/wp-content\/uploads\/2016\/06\/13244026_1168840026483309_655952837716248710_o-850x850.jpg 850w, http:\/\/labastidane.fr\/journal\/wp-content\/uploads\/2016\/06\/13244026_1168840026483309_655952837716248710_o-200x200.jpg 200w, http:\/\/labastidane.fr\/journal\/wp-content\/uploads\/2016\/06\/13244026_1168840026483309_655952837716248710_o-768x768.jpg 768w, http:\/\/labastidane.fr\/journal\/wp-content\/uploads\/2016\/06\/13244026_1168840026483309_655952837716248710_o-1024x1024.jpg 1024w, http:\/\/labastidane.fr\/journal\/wp-content\/uploads\/2016\/06\/13244026_1168840026483309_655952837716248710_o.jpg 2048w\" sizes=\"(max-width: 850px) 100vw, 850px\" \/><\/a> <a href=\"http:\/\/labastidane.fr\/journal\/?attachment_id=7756\" rel=\"attachment wp-att-7756\"><img loading=\"lazy\" decoding=\"async\" class=\"aligncenter size-medium wp-image-7756\" src=\"http:\/\/labastidane.fr\/journal\/wp-content\/uploads\/2016\/06\/oazart.jpg\" alt=\"oazart\" width=\"400\" height=\"853\" srcset=\"http:\/\/labastidane.fr\/journal\/wp-content\/uploads\/2016\/06\/oazart.jpg 400w, http:\/\/labastidane.fr\/journal\/wp-content\/uploads\/2016\/06\/oazart-94x200.jpg 94w\" sizes=\"(max-width: 400px) 100vw, 400px\" \/><\/a><\/p>\n<div id=\"fb-root\"><\/div>\r\n<script>(function(d, s, id) {\r\n  var js, fjs = d.getElementsByTagName(s)[0];\r\n  if (d.getElementById(id)) return;\r\n  js = d.createElement(s); js.id = id;\r\n  js.src = \"\/\/connect.facebook.net\/fr_FR\/all.js#xfbml=1\";\r\n  fjs.parentNode.insertBefore(js, fjs);\r\n}(document, \"script\", \"facebook-jssdk\"));<\/script>\r\n<fb:like href=\"http:\/\/labastidane.fr\/journal\/?p=7749\" font=\"arial\" action=\"like\" layout=\"standard\" send=\"1\" width=\"\"  colorscheme=\"light\" show_faces=\"0\"  style=\"background:#FFFFFF;padding-top:0px;\r\npadding-right:0px;\r\npadding-bottom:0px;\r\npadding-left:0px;\r\nmargin-top:0px;\r\nmargin-right:0px;\r\nmargin-bottom:0px;\r\nmargin-left:0px;\r\n\"><\/fb:like><div id=\"fb-root\"><\/div>\r\n<script>(function(d, s, id) {\r\n  var js, fjs = d.getElementsByTagName(s)[0];\r\n  if (d.getElementById(id)) return;\r\n  js = d.createElement(s); js.id = id;\r\n  js.src = \"\/\/connect.facebook.net\/en_GB\/all.js#xfbml=1\";\r\n  fjs.parentNode.insertBefore(js, fjs);\r\n}(document, \"script\", \"facebook-jssdk\"));<\/script>\r\n <fb:follow href=\"https:\/\/www.facebook.com\/bastidane\/?fref=ts\" layout=\"standard\" colorscheme=\"light\" show_faces=\"0\" font=\"arial\" width=\"\" border_color=\"#FFFFFF\" style=\"background:#FFFFFF;padding-top:0px;\r\npadding-right:0px;\r\npadding-bottom:0px;\r\npadding-left:0px;\r\nmargin-top:0px;\r\nmargin-right:0px;\r\nmargin-bottom:0px;\r\nmargin-left:0px;\r\n\"><\/fb:follow>","protected":false},"excerpt":{"rendered":"<p>&nbsp; &nbsp; &nbsp; &nbsp; Que vous dire de plus, que le d\u00e9fil\u00e9 aura lieu le Samedi 11 Juin \u00e0 16h30 \u00e0 la Verri\u00e8re, place du 19 mars 1962, cit\u00e9 \u00e0 de l&rsquo;Espoir \u00e0 Montreuil. Les styliste en herbe auront le plaisir de porter leur mod\u00e8le dans le cadre du projet \u00ab\u00a0Histoires de Modes\u00a0\u00bb. A d\u00e9couvrir, \u00e0 suivre sur Facebook\u00a0 Vous y d\u00e9couvrirez tous les renseignements dont vous avez besoin. Et \u00e0 suivre pour Octobre &#8230;. l&rsquo;exposition Parisiens, parisiennes, \u00e0 d\u00e9couvrir, \u00e0 soutenir ce magnifique projet. &nbsp; Photos copyright OAZART<\/p>\n","protected":false},"author":1,"featured_media":7787,"comment_status":"open","ping_status":"open","sticky":false,"template":"","format":"standard","meta":{"_exactmetrics_skip_tracking":false,"_exactmetrics_sitenote_active":false,"_exactmetrics_sitenote_note":"","_exactmetrics_sitenote_category":0,"footnotes":""},"categories":[67,37],"tags":[43],"class_list":["post-7749","post","type-post","status-publish","format-standard","has-post-thumbnail","hentry","category-decouvrir-un-artiste","category-exposition","tag-a-decouvrir"],"yoast_head":"<!-- This site is optimized with the Yoast SEO plugin v20.0 - https:\/\/yoast.com\/wordpress\/plugins\/seo\/ -->\n<title>Oazart, d\u00e9fil\u00e9 de mode \u00e0 la cit\u00e9 de l&#039;Espoir \u00e0 Montreuil - La Bastidane<\/title>\n<meta name=\"robots\" content=\"index, follow, max-snippet:-1, max-image-preview:large, max-video-preview:-1\" \/>\n<link rel=\"canonical\" href=\"http:\/\/labastidane.fr\/journal\/?p=7749\" \/>\n<meta property=\"og:locale\" content=\"fr_FR\" \/>\n<meta property=\"og:type\" content=\"article\" \/>\n<meta property=\"og:title\" content=\"Oazart, d\u00e9fil\u00e9 de mode \u00e0 la cit\u00e9 de l&#039;Espoir \u00e0 Montreuil - La Bastidane\" \/>\n<meta property=\"og:description\" content=\"&nbsp; &nbsp; &nbsp; &nbsp; Que vous dire de plus, que le d\u00e9fil\u00e9 aura lieu le Samedi 11 Juin \u00e0 16h30 \u00e0 la Verri\u00e8re, place du 19 mars 1962, cit\u00e9 \u00e0 de l&rsquo;Espoir \u00e0 Montreuil. Les styliste en herbe auront le plaisir de porter leur mod\u00e8le dans le cadre du projet \u00ab\u00a0Histoires de Modes\u00a0\u00bb. A d\u00e9couvrir, \u00e0 suivre sur Facebook\u00a0 Vous y d\u00e9couvrirez tous les renseignements dont vous avez besoin. Et \u00e0 suivre pour Octobre &#8230;. l&rsquo;exposition Parisiens, parisiennes, \u00e0 d\u00e9couvrir, \u00e0 soutenir ce magnifique projet. &nbsp; Photos copyright OAZART\" \/>\n<meta property=\"og:url\" content=\"http:\/\/labastidane.fr\/journal\/?p=7749\" \/>\n<meta property=\"og:site_name\" content=\"La Bastidane\" \/>\n<meta property=\"article:published_time\" content=\"2016-06-10T04:53:29+00:00\" \/>\n<meta property=\"article:modified_time\" content=\"2016-06-16T08:49:44+00:00\" \/>\n<meta property=\"og:image\" content=\"http:\/\/labastidane.fr\/journal\/wp-content\/uploads\/2016\/06\/13256324_1906010539625966_7831397156902530994_n-1.jpg\" \/>\n\t<meta property=\"og:image:width\" content=\"960\" \/>\n\t<meta property=\"og:image:height\" content=\"467\" \/>\n\t<meta property=\"og:image:type\" content=\"image\/jpeg\" \/>\n<meta name=\"author\" content=\"La Bastidane\" \/>\n<meta name=\"twitter:card\" content=\"summary_large_image\" \/>\n<meta name=\"twitter:label1\" content=\"\u00c9crit par\" \/>\n\t<meta name=\"twitter:data1\" content=\"La Bastidane\" \/>\n<script type=\"application\/ld+json\" class=\"yoast-schema-graph\">{\"@context\":\"https:\/\/schema.org\",\"@graph\":[{\"@type\":\"WebPage\",\"@id\":\"http:\/\/labastidane.fr\/journal\/?p=7749\",\"url\":\"http:\/\/labastidane.fr\/journal\/?p=7749\",\"name\":\"Oazart, d\u00e9fil\u00e9 de mode \u00e0 la cit\u00e9 de l'Espoir \u00e0 Montreuil - La Bastidane\",\"isPartOf\":{\"@id\":\"http:\/\/labastidane.fr\/journal\/#website\"},\"datePublished\":\"2016-06-10T04:53:29+00:00\",\"dateModified\":\"2016-06-16T08:49:44+00:00\",\"author\":{\"@id\":\"http:\/\/labastidane.fr\/journal\/#\/schema\/person\/af75d95a9045c134ad8810c99727f4cd\"},\"breadcrumb\":{\"@id\":\"http:\/\/labastidane.fr\/journal\/?p=7749#breadcrumb\"},\"inLanguage\":\"fr-FR\",\"potentialAction\":[{\"@type\":\"ReadAction\",\"target\":[\"http:\/\/labastidane.fr\/journal\/?p=7749\"]}]},{\"@type\":\"BreadcrumbList\",\"@id\":\"http:\/\/labastidane.fr\/journal\/?p=7749#breadcrumb\",\"itemListElement\":[{\"@type\":\"ListItem\",\"position\":1,\"name\":\"Accueil\",\"item\":\"http:\/\/labastidane.fr\/journal\"},{\"@type\":\"ListItem\",\"position\":2,\"name\":\"Oazart, d\u00e9fil\u00e9 de mode \u00e0 la cit\u00e9 de l&rsquo;Espoir \u00e0 Montreuil\"}]},{\"@type\":\"WebSite\",\"@id\":\"http:\/\/labastidane.fr\/journal\/#website\",\"url\":\"http:\/\/labastidane.fr\/journal\/\",\"name\":\"La Bastidane\",\"description\":\"Cr\u00e9ations Improbables en Luberon\",\"potentialAction\":[{\"@type\":\"SearchAction\",\"target\":{\"@type\":\"EntryPoint\",\"urlTemplate\":\"http:\/\/labastidane.fr\/journal\/?s={search_term_string}\"},\"query-input\":\"required name=search_term_string\"}],\"inLanguage\":\"fr-FR\"},{\"@type\":\"Person\",\"@id\":\"http:\/\/labastidane.fr\/journal\/#\/schema\/person\/af75d95a9045c134ad8810c99727f4cd\",\"name\":\"La Bastidane\",\"image\":{\"@type\":\"ImageObject\",\"inLanguage\":\"fr-FR\",\"@id\":\"http:\/\/labastidane.fr\/journal\/#\/schema\/person\/image\/\",\"url\":\"https:\/\/secure.gravatar.com\/avatar\/53e4719b91c0ffc5bae88b7937a395ed0d9dd04cfb0a5b501ad69c2c044f7eeb?s=96&d=blank&r=g\",\"contentUrl\":\"https:\/\/secure.gravatar.com\/avatar\/53e4719b91c0ffc5bae88b7937a395ed0d9dd04cfb0a5b501ad69c2c044f7eeb?s=96&d=blank&r=g\",\"caption\":\"La Bastidane\"},\"sameAs\":[\"http:\/\/labastidane.fr\/journal\/\"],\"url\":\"http:\/\/labastidane.fr\/journal\/?author=1\"}]}<\/script>\n<!-- \/ Yoast SEO plugin. -->","yoast_head_json":{"title":"Oazart, d\u00e9fil\u00e9 de mode \u00e0 la cit\u00e9 de l'Espoir \u00e0 Montreuil - La Bastidane","robots":{"index":"index","follow":"follow","max-snippet":"max-snippet:-1","max-image-preview":"max-image-preview:large","max-video-preview":"max-video-preview:-1"},"canonical":"http:\/\/labastidane.fr\/journal\/?p=7749","og_locale":"fr_FR","og_type":"article","og_title":"Oazart, d\u00e9fil\u00e9 de mode \u00e0 la cit\u00e9 de l'Espoir \u00e0 Montreuil - La Bastidane","og_description":"&nbsp; &nbsp; &nbsp; &nbsp; Que vous dire de plus, que le d\u00e9fil\u00e9 aura lieu le Samedi 11 Juin \u00e0 16h30 \u00e0 la Verri\u00e8re, place du 19 mars 1962, cit\u00e9 \u00e0 de l&rsquo;Espoir \u00e0 Montreuil. Les styliste en herbe auront le plaisir de porter leur mod\u00e8le dans le cadre du projet \u00ab\u00a0Histoires de Modes\u00a0\u00bb. A d\u00e9couvrir, \u00e0 suivre sur Facebook\u00a0 Vous y d\u00e9couvrirez tous les renseignements dont vous avez besoin. Et \u00e0 suivre pour Octobre &#8230;. l&rsquo;exposition Parisiens, parisiennes, \u00e0 d\u00e9couvrir, \u00e0 soutenir ce magnifique projet. &nbsp; Photos copyright OAZART","og_url":"http:\/\/labastidane.fr\/journal\/?p=7749","og_site_name":"La Bastidane","article_published_time":"2016-06-10T04:53:29+00:00","article_modified_time":"2016-06-16T08:49:44+00:00","og_image":[{"width":960,"height":467,"url":"http:\/\/labastidane.fr\/journal\/wp-content\/uploads\/2016\/06\/13256324_1906010539625966_7831397156902530994_n-1.jpg","type":"image\/jpeg"}],"author":"La Bastidane","twitter_card":"summary_large_image","twitter_misc":{"\u00c9crit par":"La Bastidane"},"schema":{"@context":"https:\/\/schema.org","@graph":[{"@type":"WebPage","@id":"http:\/\/labastidane.fr\/journal\/?p=7749","url":"http:\/\/labastidane.fr\/journal\/?p=7749","name":"Oazart, d\u00e9fil\u00e9 de mode \u00e0 la cit\u00e9 de l'Espoir \u00e0 Montreuil - La Bastidane","isPartOf":{"@id":"http:\/\/labastidane.fr\/journal\/#website"},"datePublished":"2016-06-10T04:53:29+00:00","dateModified":"2016-06-16T08:49:44+00:00","author":{"@id":"http:\/\/labastidane.fr\/journal\/#\/schema\/person\/af75d95a9045c134ad8810c99727f4cd"},"breadcrumb":{"@id":"http:\/\/labastidane.fr\/journal\/?p=7749#breadcrumb"},"inLanguage":"fr-FR","potentialAction":[{"@type":"ReadAction","target":["http:\/\/labastidane.fr\/journal\/?p=7749"]}]},{"@type":"BreadcrumbList","@id":"http:\/\/labastidane.fr\/journal\/?p=7749#breadcrumb","itemListElement":[{"@type":"ListItem","position":1,"name":"Accueil","item":"http:\/\/labastidane.fr\/journal"},{"@type":"ListItem","position":2,"name":"Oazart, d\u00e9fil\u00e9 de mode \u00e0 la cit\u00e9 de l&rsquo;Espoir \u00e0 Montreuil"}]},{"@type":"WebSite","@id":"http:\/\/labastidane.fr\/journal\/#website","url":"http:\/\/labastidane.fr\/journal\/","name":"La Bastidane","description":"Cr\u00e9ations Improbables en Luberon","potentialAction":[{"@type":"SearchAction","target":{"@type":"EntryPoint","urlTemplate":"http:\/\/labastidane.fr\/journal\/?s={search_term_string}"},"query-input":"required name=search_term_string"}],"inLanguage":"fr-FR"},{"@type":"Person","@id":"http:\/\/labastidane.fr\/journal\/#\/schema\/person\/af75d95a9045c134ad8810c99727f4cd","name":"La Bastidane","image":{"@type":"ImageObject","inLanguage":"fr-FR","@id":"http:\/\/labastidane.fr\/journal\/#\/schema\/person\/image\/","url":"https:\/\/secure.gravatar.com\/avatar\/53e4719b91c0ffc5bae88b7937a395ed0d9dd04cfb0a5b501ad69c2c044f7eeb?s=96&d=blank&r=g","contentUrl":"https:\/\/secure.gravatar.com\/avatar\/53e4719b91c0ffc5bae88b7937a395ed0d9dd04cfb0a5b501ad69c2c044f7eeb?s=96&d=blank&r=g","caption":"La Bastidane"},"sameAs":["http:\/\/labastidane.fr\/journal\/"],"url":"http:\/\/labastidane.fr\/journal\/?author=1"}]}},"jetpack_featured_media_url":"http:\/\/labastidane.fr\/journal\/wp-content\/uploads\/2016\/06\/13256324_1906010539625966_7831397156902530994_n-1.jpg","_links":{"self":[{"href":"http:\/\/labastidane.fr\/journal\/index.php?rest_route=\/wp\/v2\/posts\/7749","targetHints":{"allow":["GET"]}}],"collection":[{"href":"http:\/\/labastidane.fr\/journal\/index.php?rest_route=\/wp\/v2\/posts"}],"about":[{"href":"http:\/\/labastidane.fr\/journal\/index.php?rest_route=\/wp\/v2\/types\/post"}],"author":[{"embeddable":true,"href":"http:\/\/labastidane.fr\/journal\/index.php?rest_route=\/wp\/v2\/users\/1"}],"replies":[{"embeddable":true,"href":"http:\/\/labastidane.fr\/journal\/index.php?rest_route=%2Fwp%2Fv2%2Fcomments&post=7749"}],"version-history":[{"count":2,"href":"http:\/\/labastidane.fr\/journal\/index.php?rest_route=\/wp\/v2\/posts\/7749\/revisions"}],"predecessor-version":[{"id":7758,"href":"http:\/\/labastidane.fr\/journal\/index.php?rest_route=\/wp\/v2\/posts\/7749\/revisions\/7758"}],"wp:featuredmedia":[{"embeddable":true,"href":"http:\/\/labastidane.fr\/journal\/index.php?rest_route=\/wp\/v2\/media\/7787"}],"wp:attachment":[{"href":"http:\/\/labastidane.fr\/journal\/index.php?rest_route=%2Fwp%2Fv2%2Fmedia&parent=7749"}],"wp:term":[{"taxonomy":"category","embeddable":true,"href":"http:\/\/labastidane.fr\/journal\/index.php?rest_route=%2Fwp%2Fv2%2Fcategories&post=7749"},{"taxonomy":"post_tag","embeddable":true,"href":"http:\/\/labastidane.fr\/journal\/index.php?rest_route=%2Fwp%2Fv2%2Ftags&post=7749"}],"curies":[{"name":"wp","href":"https:\/\/api.w.org\/{rel}","templated":true}]}}