{"id":7877,"date":"2016-07-30T10:29:51","date_gmt":"2016-07-30T08:29:51","guid":{"rendered":"http:\/\/labastidane.fr\/journal\/?p=7877"},"modified":"2016-07-30T20:21:19","modified_gmt":"2016-07-30T18:21:19","slug":"7877","status":"publish","type":"post","link":"https:\/\/labastidane.fr\/journal\/?p=7877","title":{"rendered":"C\u00e9l\u00e9brer la journ\u00e9e mondiale de la Broderie"},"content":{"rendered":"<p><a href=\"http:\/\/labastidane.fr\/journal\/?attachment_id=7878\" rel=\"attachment wp-att-7878\"><img fetchpriority=\"high\" decoding=\"async\" class=\"aligncenter size-medium wp-image-7878\" src=\"http:\/\/labastidane.fr\/journal\/wp-content\/uploads\/2016\/07\/Capture-d\u2019\u00e9cran-2016-07-30-\u00e0-08.21.47.png-850x491.jpg\" alt=\"Capture d\u2019\u00e9cran 2016-07-30 \u00e0 08.21.47.png\" width=\"850\" height=\"491\" srcset=\"https:\/\/labastidane.fr\/journal\/wp-content\/uploads\/2016\/07\/Capture-d\u2019\u00e9cran-2016-07-30-\u00e0-08.21.47.png-850x491.jpg 850w, https:\/\/labastidane.fr\/journal\/wp-content\/uploads\/2016\/07\/Capture-d\u2019\u00e9cran-2016-07-30-\u00e0-08.21.47.png-200x116.jpg 200w, https:\/\/labastidane.fr\/journal\/wp-content\/uploads\/2016\/07\/Capture-d\u2019\u00e9cran-2016-07-30-\u00e0-08.21.47.png-768x444.jpg 768w, https:\/\/labastidane.fr\/journal\/wp-content\/uploads\/2016\/07\/Capture-d\u2019\u00e9cran-2016-07-30-\u00e0-08.21.47.png-1024x592.jpg 1024w, https:\/\/labastidane.fr\/journal\/wp-content\/uploads\/2016\/07\/Capture-d\u2019\u00e9cran-2016-07-30-\u00e0-08.21.47.png.jpg 1517w\" sizes=\"(max-width: 850px) 100vw, 850px\" \/><\/a><\/p>\n<p>&nbsp;<\/p>\n<p style=\"text-align: center;\">Le 30 Juillet est une journ\u00e9e remplie de cr\u00e9ativit\u00e9 pour le bien de la paix, de la libert\u00e9 et de l&rsquo;\u00e9galit\u00e9 &#8211; cr\u00e9e en Su\u00e8de il y a maintenant six ans. Cette journ\u00e9e nous appartient, \u00e0 nous les brodeuses et les brodeurs.<\/p>\n<p>&nbsp;<\/p>\n<p style=\"text-align: center;\">L&rsquo;initiative est venue de\u00a0<span class=\"_58cl\">\u202a\u00a0<\/span><span class=\"_58cm\">Kerstin Nettelblad\u202c<\/span>\u00a0et\u00a0<span class=\"_58cl\">\u202a<\/span><span class=\"_58cm\">Skane Sew\u202c<\/span>-d, son groupe local de broderie.<\/p>\n<p style=\"text-align: center;\">Parce que la broderie, ce n&rsquo;est pas uniquement des nounours roses et des fleurettes mi\u00e8vres, parce que la broderie n&rsquo;est pas un passe temps de vieilles dames, parce que la broderie est un art mill\u00e9naire, parce que la broderie n&rsquo;est pas copie, la broderie est cr\u00e9ation, cr\u00e9ativit\u00e9 et expression. La broderie est de par le monde le moyen pour beaucoup de femmes et d&rsquo;hommes de vivre. \u00a0La broderie ce n&rsquo;est pas des fils hors de prix et des couleurs impos\u00e9es, des mod\u00e8les et des grilles \u00e0 suivre pour \u00eatre tendance, non, la broderie<strong> c&rsquo;est vous<\/strong>, prenez une aiguille et un fil, n&rsquo;importe lequel et essayez &#8230;. aujourd&rsquo;hui est jour de \u00a0libert\u00e9 pour les brodeuses, c&rsquo;est le jour o\u00f9 vous allez vous affranchir de tout et de tous. \u00a0Soyez libre de cr\u00e9er, choisissez vos fils, vous aimez la soie, broder de la soie, vous aimez la laine, broder de la laine, vous aimez les fils \u00e0 coudre, broder des fils \u00e0 coudre, faites ce que vous voulez, et ensemble ce fil t\u00e9nu mais indestructible fera que c&rsquo;est par del\u00e0 les fronti\u00e8res que ce fil nous rassemblera car nous sommes toutes et tous \u00e9gaux avec un fil et une aiguille, et la cr\u00e9ativit\u00e9 n&rsquo;est pas une question de moyens, mais de personnalit\u00e9, prenez un bout de drap et fouillez dans votre boite \u00e0 couture, il y aura toujours un fil et un aiguille qui trainent, \u00e0 vous &#8230;. d&rsquo;\u00eatre vous.<\/p>\n<p style=\"text-align: center;\">montrez vous ouvrages, vos fils et vos aiguilles avec le hashtag\u00a0\u00a0<span class=\"_58cl\">\u202a#\u200e<\/span><span class=\"_58cm\">worldembroideryday<\/span><span class=\"_58cm\">\u202c #journeemondialedelabroderie #celebrateworldembroideryday<\/span><\/p>\n<p style=\"text-align: center;\">sur facebook ou instagram, faites que cette journ\u00e9e soit \u00e0 vous, brodez seul, en public, ensemble, apprenez \u00e0 broder \u00e0 quelqu&rsquo;un, mais faites que cette journ\u00e9e soit la v\u00f4tre.<\/p>\n<p>&nbsp;<\/p>\n<p style=\"text-align: center;\">\u00a0A d\u00e9couvrir ici,<a href=\"http:\/\/www.broderiakademin.nu\/30juli\/\"> le manifeste<\/a><\/p>\n<p style=\"text-align: center;\"><a href=\"http:\/\/labastidane.fr\/journal\/?attachment_id=7881\" rel=\"attachment wp-att-7881\"><img decoding=\"async\" class=\"aligncenter size-medium wp-image-7881\" src=\"http:\/\/labastidane.fr\/journal\/wp-content\/uploads\/2016\/07\/DSC_0155-850x513.jpg\" alt=\"DSC_0155\" width=\"850\" height=\"513\" srcset=\"https:\/\/labastidane.fr\/journal\/wp-content\/uploads\/2016\/07\/DSC_0155-850x513.jpg 850w, https:\/\/labastidane.fr\/journal\/wp-content\/uploads\/2016\/07\/DSC_0155-200x121.jpg 200w, https:\/\/labastidane.fr\/journal\/wp-content\/uploads\/2016\/07\/DSC_0155-768x463.jpg 768w, https:\/\/labastidane.fr\/journal\/wp-content\/uploads\/2016\/07\/DSC_0155-1024x618.jpg 1024w, https:\/\/labastidane.fr\/journal\/wp-content\/uploads\/2016\/07\/DSC_0155.jpg 1583w\" sizes=\"(max-width: 850px) 100vw, 850px\" \/><\/a> <a href=\"http:\/\/labastidane.fr\/journal\/?attachment_id=7880\" rel=\"attachment wp-att-7880\"><img decoding=\"async\" class=\"aligncenter size-medium wp-image-7880\" src=\"http:\/\/labastidane.fr\/journal\/wp-content\/uploads\/2016\/07\/DSC_0110-850x508.jpg\" alt=\"DSC_0110\" width=\"850\" height=\"508\" srcset=\"https:\/\/labastidane.fr\/journal\/wp-content\/uploads\/2016\/07\/DSC_0110-850x508.jpg 850w, https:\/\/labastidane.fr\/journal\/wp-content\/uploads\/2016\/07\/DSC_0110-200x120.jpg 200w, https:\/\/labastidane.fr\/journal\/wp-content\/uploads\/2016\/07\/DSC_0110-768x459.jpg 768w, https:\/\/labastidane.fr\/journal\/wp-content\/uploads\/2016\/07\/DSC_0110-1024x612.jpg 1024w, https:\/\/labastidane.fr\/journal\/wp-content\/uploads\/2016\/07\/DSC_0110.jpg 1582w\" sizes=\"(max-width: 850px) 100vw, 850px\" \/><\/a><\/p>\n<p style=\"text-align: center;\">Foulards indiens d&rsquo;une autre vie, apprentissage d&rsquo;un autre temps, les souvenirs brod\u00e9s s&rsquo;\u00e9clatent dans ma t\u00eate, en souvenir de paix.<\/p>\n<p style=\"text-align: center;\"><div class=\"kad-vimeo-shortcode  videofit style=\"max-width:900px;\"\"><iframe width=\"600\" height=\"400\" src=\"\/\/player.vimeo.com\/video\/51028496?title=0&amp;byline=0&amp;portrait=0&amp;color=ffffff\" frameborder=\"0\" allowfullscreen=\"true\"><\/iframe><\/div>\n<p style=\"text-align: center;\"><div class=\"kad-vimeo-shortcode  videofit style=\"max-width:900px;\"\"><iframe width=\"600\" height=\"400\" src=\"\/\/player.vimeo.com\/video\/33733642?title=0&amp;byline=0&amp;portrait=0&amp;color=ffffff\" frameborder=\"0\" allowfullscreen=\"true\"><\/iframe><\/div>\n<p style=\"text-align: center;\"><div class=\"kad-vimeo-shortcode  videofit style=\"max-width:900px;\"\"><iframe width=\"600\" height=\"400\" src=\"\/\/player.vimeo.com\/video\/125244615?title=0&amp;byline=0&amp;portrait=0&amp;color=ffffff\" frameborder=\"0\" allowfullscreen=\"true\"><\/iframe><\/div>\n<p style=\"text-align: center;\"><div class=\"kad-vimeo-shortcode  videofit style=\"max-width:900px;\"\"><iframe width=\"600\" height=\"400\" src=\"\/\/player.vimeo.com\/video\/140773965?title=0&amp;byline=0&amp;portrait=0&amp;color=ffffff\" frameborder=\"0\" allowfullscreen=\"true\"><\/iframe><\/div>\n<p>&nbsp;<\/p>\n<p>&nbsp;<\/p>\n<div id=\"fb-root\"><\/div>\r\n<script>(function(d, s, id) {\r\n  var js, fjs = d.getElementsByTagName(s)[0];\r\n  if (d.getElementById(id)) return;\r\n  js = d.createElement(s); js.id = id;\r\n  js.src = \"\/\/connect.facebook.net\/fr_FR\/all.js#xfbml=1\";\r\n  fjs.parentNode.insertBefore(js, fjs);\r\n}(document, \"script\", \"facebook-jssdk\"));<\/script>\r\n<fb:like href=\"https:\/\/labastidane.fr\/journal\/?p=7877\" font=\"arial\" action=\"like\" layout=\"standard\" send=\"1\" width=\"\"  colorscheme=\"light\" show_faces=\"0\"  style=\"background:#FFFFFF;padding-top:0px;\r\npadding-right:0px;\r\npadding-bottom:0px;\r\npadding-left:0px;\r\nmargin-top:0px;\r\nmargin-right:0px;\r\nmargin-bottom:0px;\r\nmargin-left:0px;\r\n\"><\/fb:like><div id=\"fb-root\"><\/div>\r\n<script>(function(d, s, id) {\r\n  var js, fjs = d.getElementsByTagName(s)[0];\r\n  if (d.getElementById(id)) return;\r\n  js = d.createElement(s); js.id = id;\r\n  js.src = \"\/\/connect.facebook.net\/en_GB\/all.js#xfbml=1\";\r\n  fjs.parentNode.insertBefore(js, fjs);\r\n}(document, \"script\", \"facebook-jssdk\"));<\/script>\r\n <fb:follow href=\"https:\/\/www.facebook.com\/bastidane\/?fref=ts\" layout=\"standard\" colorscheme=\"light\" show_faces=\"0\" font=\"arial\" width=\"\" border_color=\"#FFFFFF\" style=\"background:#FFFFFF;padding-top:0px;\r\npadding-right:0px;\r\npadding-bottom:0px;\r\npadding-left:0px;\r\nmargin-top:0px;\r\nmargin-right:0px;\r\nmargin-bottom:0px;\r\nmargin-left:0px;\r\n\"><\/fb:follow>","protected":false},"excerpt":{"rendered":"<p>&nbsp; Le 30 Juillet est une journ\u00e9e remplie de cr\u00e9ativit\u00e9 pour le bien de la paix, de la libert\u00e9 et de l&rsquo;\u00e9galit\u00e9 &#8211; cr\u00e9e en Su\u00e8de il y a maintenant six ans. Cette journ\u00e9e nous appartient, \u00e0 nous les brodeuses et les brodeurs. &nbsp; L&rsquo;initiative est venue de\u00a0\u202a\u00a0Kerstin Nettelblad\u202c\u00a0et\u00a0\u202aSkane Sew\u202c-d, son groupe local de broderie. Parce que la broderie, ce n&rsquo;est pas uniquement des nounours roses et des fleurettes mi\u00e8vres, parce que la broderie n&rsquo;est pas un passe temps de vieilles dames, parce que la broderie est un art mill\u00e9naire, parce que la broderie n&rsquo;est pas copie, la broderie est cr\u00e9ation, cr\u00e9ativit\u00e9 et expression. La broderie est de par le monde le moyen pour beaucoup de femmes et d&rsquo;hommes de vivre. \u00a0La broderie ce n&rsquo;est pas des fils hors de prix et des couleurs impos\u00e9es, des mod\u00e8les et des grilles \u00e0 suivre pour \u00eatre tendance, non, la broderie c&rsquo;est vous, prenez une aiguille et un fil, n&rsquo;importe lequel et essayez &#8230;. aujourd&rsquo;hui est jour de \u00a0libert\u00e9 pour les brodeuses, c&rsquo;est le jour o\u00f9 vous allez vous affranchir de tout et de tous. \u00a0Soyez libre de cr\u00e9er, choisissez vos fils, vous aimez la soie, broder de la soie, vous aimez la laine, broder de la laine, vous aimez les fils \u00e0 coudre, broder des fils \u00e0 coudre, faites ce que vous voulez, et ensemble ce fil t\u00e9nu mais indestructible fera que c&rsquo;est par del\u00e0 les fronti\u00e8res que ce fil nous rassemblera car nous sommes toutes et tous \u00e9gaux avec un fil et une aiguille, et la cr\u00e9ativit\u00e9 n&rsquo;est pas une question de moyens, mais de personnalit\u00e9, prenez un bout de drap et fouillez dans votre boite \u00e0 couture, il y aura toujours un fil et un aiguille qui trainent, \u00e0 vous &#8230;. d&rsquo;\u00eatre vous. montrez vous ouvrages, vos fils et vos aiguilles avec le hashtag\u00a0\u00a0\u202a#\u200eworldembroideryday\u202c #journeemondialedelabroderie #celebrateworldembroideryday sur facebook ou instagram, faites que cette journ\u00e9e soit \u00e0 vous, brodez seul, en public, ensemble, apprenez \u00e0 broder \u00e0 quelqu&rsquo;un, mais faites que cette journ\u00e9e soit la v\u00f4tre. &nbsp; \u00a0A d\u00e9couvrir ici, le manifeste Foulards indiens d&rsquo;une autre vie, apprentissage d&rsquo;un autre temps, les souvenirs brod\u00e9s s&rsquo;\u00e9clatent dans ma t\u00eate, en souvenir de paix. &nbsp; &nbsp;<\/p>\n","protected":false},"author":1,"featured_media":7879,"comment_status":"open","ping_status":"open","sticky":false,"template":"","format":"standard","meta":{"_exactmetrics_skip_tracking":false,"_exactmetrics_sitenote_active":false,"_exactmetrics_sitenote_note":"","_exactmetrics_sitenote_category":0,"footnotes":""},"categories":[98],"tags":[43],"class_list":["post-7877","post","type-post","status-publish","format-standard","has-post-thumbnail","hentry","category-inspiration","tag-a-decouvrir"],"yoast_head":"<!-- This site is optimized with the Yoast SEO plugin v20.0 - https:\/\/yoast.com\/wordpress\/plugins\/seo\/ -->\n<title>C\u00e9l\u00e9brer la journ\u00e9e mondiale de la Broderie - La Bastidane<\/title>\n<meta name=\"robots\" content=\"index, follow, max-snippet:-1, max-image-preview:large, max-video-preview:-1\" \/>\n<link rel=\"canonical\" href=\"https:\/\/labastidane.fr\/journal\/?p=7877\" \/>\n<meta property=\"og:locale\" content=\"fr_FR\" \/>\n<meta property=\"og:type\" content=\"article\" \/>\n<meta property=\"og:title\" content=\"C\u00e9l\u00e9brer la journ\u00e9e mondiale de la Broderie - La Bastidane\" \/>\n<meta property=\"og:description\" content=\"&nbsp; Le 30 Juillet est une journ\u00e9e remplie de cr\u00e9ativit\u00e9 pour le bien de la paix, de la libert\u00e9 et de l&rsquo;\u00e9galit\u00e9 &#8211; cr\u00e9e en Su\u00e8de il y a maintenant six ans. Cette journ\u00e9e nous appartient, \u00e0 nous les brodeuses et les brodeurs. &nbsp; L&rsquo;initiative est venue de\u00a0\u202a\u00a0Kerstin Nettelblad\u202c\u00a0et\u00a0\u202aSkane Sew\u202c-d, son groupe local de broderie. Parce que la broderie, ce n&rsquo;est pas uniquement des nounours roses et des fleurettes mi\u00e8vres, parce que la broderie n&rsquo;est pas un passe temps de vieilles dames, parce que la broderie est un art mill\u00e9naire, parce que la broderie n&rsquo;est pas copie, la broderie est cr\u00e9ation, cr\u00e9ativit\u00e9 et expression. La broderie est de par le monde le moyen pour beaucoup de femmes et d&rsquo;hommes de vivre. \u00a0La broderie ce n&rsquo;est pas des fils hors de prix et des couleurs impos\u00e9es, des mod\u00e8les et des grilles \u00e0 suivre pour \u00eatre tendance, non, la broderie c&rsquo;est vous, prenez une aiguille et un fil, n&rsquo;importe lequel et essayez &#8230;. aujourd&rsquo;hui est jour de \u00a0libert\u00e9 pour les brodeuses, c&rsquo;est le jour o\u00f9 vous allez vous affranchir de tout et de tous. \u00a0Soyez libre de cr\u00e9er, choisissez vos fils, vous aimez la soie, broder de la soie, vous aimez la laine, broder de la laine, vous aimez les fils \u00e0 coudre, broder des fils \u00e0 coudre, faites ce que vous voulez, et ensemble ce fil t\u00e9nu mais indestructible fera que c&rsquo;est par del\u00e0 les fronti\u00e8res que ce fil nous rassemblera car nous sommes toutes et tous \u00e9gaux avec un fil et une aiguille, et la cr\u00e9ativit\u00e9 n&rsquo;est pas une question de moyens, mais de personnalit\u00e9, prenez un bout de drap et fouillez dans votre boite \u00e0 couture, il y aura toujours un fil et un aiguille qui trainent, \u00e0 vous &#8230;. d&rsquo;\u00eatre vous. montrez vous ouvrages, vos fils et vos aiguilles avec le hashtag\u00a0\u00a0\u202a#\u200eworldembroideryday\u202c #journeemondialedelabroderie #celebrateworldembroideryday sur facebook ou instagram, faites que cette journ\u00e9e soit \u00e0 vous, brodez seul, en public, ensemble, apprenez \u00e0 broder \u00e0 quelqu&rsquo;un, mais faites que cette journ\u00e9e soit la v\u00f4tre. &nbsp; \u00a0A d\u00e9couvrir ici, le manifeste Foulards indiens d&rsquo;une autre vie, apprentissage d&rsquo;un autre temps, les souvenirs brod\u00e9s s&rsquo;\u00e9clatent dans ma t\u00eate, en souvenir de paix. &nbsp; &nbsp;\" \/>\n<meta property=\"og:url\" content=\"https:\/\/labastidane.fr\/journal\/?p=7877\" \/>\n<meta property=\"og:site_name\" content=\"La Bastidane\" \/>\n<meta property=\"article:published_time\" content=\"2016-07-30T08:29:51+00:00\" \/>\n<meta property=\"article:modified_time\" content=\"2016-07-30T18:21:19+00:00\" \/>\n<meta property=\"og:image\" content=\"https:\/\/labastidane.fr\/journal\/wp-content\/uploads\/2016\/07\/Capture-d\u2019\u00e9cran-2016-07-30-\u00e0-10.13.57.png\" \/>\n\t<meta property=\"og:image:width\" content=\"1516\" \/>\n\t<meta property=\"og:image:height\" content=\"381\" \/>\n\t<meta property=\"og:image:type\" content=\"image\/png\" \/>\n<meta name=\"author\" content=\"La Bastidane\" \/>\n<meta name=\"twitter:card\" content=\"summary_large_image\" \/>\n<meta name=\"twitter:label1\" content=\"\u00c9crit par\" \/>\n\t<meta name=\"twitter:data1\" content=\"La Bastidane\" \/>\n\t<meta name=\"twitter:label2\" content=\"Dur\u00e9e de lecture estim\u00e9e\" \/>\n\t<meta name=\"twitter:data2\" content=\"2 minutes\" \/>\n<script type=\"application\/ld+json\" class=\"yoast-schema-graph\">{\"@context\":\"https:\/\/schema.org\",\"@graph\":[{\"@type\":\"WebPage\",\"@id\":\"https:\/\/labastidane.fr\/journal\/?p=7877\",\"url\":\"https:\/\/labastidane.fr\/journal\/?p=7877\",\"name\":\"C\u00e9l\u00e9brer la journ\u00e9e mondiale de la Broderie - La Bastidane\",\"isPartOf\":{\"@id\":\"https:\/\/labastidane.fr\/journal\/#website\"},\"datePublished\":\"2016-07-30T08:29:51+00:00\",\"dateModified\":\"2016-07-30T18:21:19+00:00\",\"author\":{\"@id\":\"https:\/\/labastidane.fr\/journal\/#\/schema\/person\/af75d95a9045c134ad8810c99727f4cd\"},\"breadcrumb\":{\"@id\":\"https:\/\/labastidane.fr\/journal\/?p=7877#breadcrumb\"},\"inLanguage\":\"fr-FR\",\"potentialAction\":[{\"@type\":\"ReadAction\",\"target\":[\"https:\/\/labastidane.fr\/journal\/?p=7877\"]}]},{\"@type\":\"BreadcrumbList\",\"@id\":\"https:\/\/labastidane.fr\/journal\/?p=7877#breadcrumb\",\"itemListElement\":[{\"@type\":\"ListItem\",\"position\":1,\"name\":\"Accueil\",\"item\":\"https:\/\/labastidane.fr\/journal\"},{\"@type\":\"ListItem\",\"position\":2,\"name\":\"C\u00e9l\u00e9brer la journ\u00e9e mondiale de la Broderie\"}]},{\"@type\":\"WebSite\",\"@id\":\"https:\/\/labastidane.fr\/journal\/#website\",\"url\":\"https:\/\/labastidane.fr\/journal\/\",\"name\":\"La Bastidane\",\"description\":\"Cr\u00e9ations Improbables en Luberon\",\"potentialAction\":[{\"@type\":\"SearchAction\",\"target\":{\"@type\":\"EntryPoint\",\"urlTemplate\":\"https:\/\/labastidane.fr\/journal\/?s={search_term_string}\"},\"query-input\":\"required name=search_term_string\"}],\"inLanguage\":\"fr-FR\"},{\"@type\":\"Person\",\"@id\":\"https:\/\/labastidane.fr\/journal\/#\/schema\/person\/af75d95a9045c134ad8810c99727f4cd\",\"name\":\"La Bastidane\",\"image\":{\"@type\":\"ImageObject\",\"inLanguage\":\"fr-FR\",\"@id\":\"https:\/\/labastidane.fr\/journal\/#\/schema\/person\/image\/\",\"url\":\"https:\/\/secure.gravatar.com\/avatar\/53e4719b91c0ffc5bae88b7937a395ed0d9dd04cfb0a5b501ad69c2c044f7eeb?s=96&d=blank&r=g\",\"contentUrl\":\"https:\/\/secure.gravatar.com\/avatar\/53e4719b91c0ffc5bae88b7937a395ed0d9dd04cfb0a5b501ad69c2c044f7eeb?s=96&d=blank&r=g\",\"caption\":\"La Bastidane\"},\"sameAs\":[\"http:\/\/labastidane.fr\/journal\/\"],\"url\":\"https:\/\/labastidane.fr\/journal\/?author=1\"}]}<\/script>\n<!-- \/ Yoast SEO plugin. -->","yoast_head_json":{"title":"C\u00e9l\u00e9brer la journ\u00e9e mondiale de la Broderie - La Bastidane","robots":{"index":"index","follow":"follow","max-snippet":"max-snippet:-1","max-image-preview":"max-image-preview:large","max-video-preview":"max-video-preview:-1"},"canonical":"https:\/\/labastidane.fr\/journal\/?p=7877","og_locale":"fr_FR","og_type":"article","og_title":"C\u00e9l\u00e9brer la journ\u00e9e mondiale de la Broderie - La Bastidane","og_description":"&nbsp; Le 30 Juillet est une journ\u00e9e remplie de cr\u00e9ativit\u00e9 pour le bien de la paix, de la libert\u00e9 et de l&rsquo;\u00e9galit\u00e9 &#8211; cr\u00e9e en Su\u00e8de il y a maintenant six ans. Cette journ\u00e9e nous appartient, \u00e0 nous les brodeuses et les brodeurs. &nbsp; L&rsquo;initiative est venue de\u00a0\u202a\u00a0Kerstin Nettelblad\u202c\u00a0et\u00a0\u202aSkane Sew\u202c-d, son groupe local de broderie. Parce que la broderie, ce n&rsquo;est pas uniquement des nounours roses et des fleurettes mi\u00e8vres, parce que la broderie n&rsquo;est pas un passe temps de vieilles dames, parce que la broderie est un art mill\u00e9naire, parce que la broderie n&rsquo;est pas copie, la broderie est cr\u00e9ation, cr\u00e9ativit\u00e9 et expression. La broderie est de par le monde le moyen pour beaucoup de femmes et d&rsquo;hommes de vivre. \u00a0La broderie ce n&rsquo;est pas des fils hors de prix et des couleurs impos\u00e9es, des mod\u00e8les et des grilles \u00e0 suivre pour \u00eatre tendance, non, la broderie c&rsquo;est vous, prenez une aiguille et un fil, n&rsquo;importe lequel et essayez &#8230;. aujourd&rsquo;hui est jour de \u00a0libert\u00e9 pour les brodeuses, c&rsquo;est le jour o\u00f9 vous allez vous affranchir de tout et de tous. \u00a0Soyez libre de cr\u00e9er, choisissez vos fils, vous aimez la soie, broder de la soie, vous aimez la laine, broder de la laine, vous aimez les fils \u00e0 coudre, broder des fils \u00e0 coudre, faites ce que vous voulez, et ensemble ce fil t\u00e9nu mais indestructible fera que c&rsquo;est par del\u00e0 les fronti\u00e8res que ce fil nous rassemblera car nous sommes toutes et tous \u00e9gaux avec un fil et une aiguille, et la cr\u00e9ativit\u00e9 n&rsquo;est pas une question de moyens, mais de personnalit\u00e9, prenez un bout de drap et fouillez dans votre boite \u00e0 couture, il y aura toujours un fil et un aiguille qui trainent, \u00e0 vous &#8230;. d&rsquo;\u00eatre vous. montrez vous ouvrages, vos fils et vos aiguilles avec le hashtag\u00a0\u00a0\u202a#\u200eworldembroideryday\u202c #journeemondialedelabroderie #celebrateworldembroideryday sur facebook ou instagram, faites que cette journ\u00e9e soit \u00e0 vous, brodez seul, en public, ensemble, apprenez \u00e0 broder \u00e0 quelqu&rsquo;un, mais faites que cette journ\u00e9e soit la v\u00f4tre. &nbsp; \u00a0A d\u00e9couvrir ici, le manifeste Foulards indiens d&rsquo;une autre vie, apprentissage d&rsquo;un autre temps, les souvenirs brod\u00e9s s&rsquo;\u00e9clatent dans ma t\u00eate, en souvenir de paix. &nbsp; &nbsp;","og_url":"https:\/\/labastidane.fr\/journal\/?p=7877","og_site_name":"La Bastidane","article_published_time":"2016-07-30T08:29:51+00:00","article_modified_time":"2016-07-30T18:21:19+00:00","og_image":[{"width":1516,"height":381,"url":"https:\/\/labastidane.fr\/journal\/wp-content\/uploads\/2016\/07\/Capture-d\u2019\u00e9cran-2016-07-30-\u00e0-10.13.57.png","type":"image\/png"}],"author":"La Bastidane","twitter_card":"summary_large_image","twitter_misc":{"\u00c9crit par":"La Bastidane","Dur\u00e9e de lecture estim\u00e9e":"2 minutes"},"schema":{"@context":"https:\/\/schema.org","@graph":[{"@type":"WebPage","@id":"https:\/\/labastidane.fr\/journal\/?p=7877","url":"https:\/\/labastidane.fr\/journal\/?p=7877","name":"C\u00e9l\u00e9brer la journ\u00e9e mondiale de la Broderie - La Bastidane","isPartOf":{"@id":"https:\/\/labastidane.fr\/journal\/#website"},"datePublished":"2016-07-30T08:29:51+00:00","dateModified":"2016-07-30T18:21:19+00:00","author":{"@id":"https:\/\/labastidane.fr\/journal\/#\/schema\/person\/af75d95a9045c134ad8810c99727f4cd"},"breadcrumb":{"@id":"https:\/\/labastidane.fr\/journal\/?p=7877#breadcrumb"},"inLanguage":"fr-FR","potentialAction":[{"@type":"ReadAction","target":["https:\/\/labastidane.fr\/journal\/?p=7877"]}]},{"@type":"BreadcrumbList","@id":"https:\/\/labastidane.fr\/journal\/?p=7877#breadcrumb","itemListElement":[{"@type":"ListItem","position":1,"name":"Accueil","item":"https:\/\/labastidane.fr\/journal"},{"@type":"ListItem","position":2,"name":"C\u00e9l\u00e9brer la journ\u00e9e mondiale de la Broderie"}]},{"@type":"WebSite","@id":"https:\/\/labastidane.fr\/journal\/#website","url":"https:\/\/labastidane.fr\/journal\/","name":"La Bastidane","description":"Cr\u00e9ations Improbables en Luberon","potentialAction":[{"@type":"SearchAction","target":{"@type":"EntryPoint","urlTemplate":"https:\/\/labastidane.fr\/journal\/?s={search_term_string}"},"query-input":"required name=search_term_string"}],"inLanguage":"fr-FR"},{"@type":"Person","@id":"https:\/\/labastidane.fr\/journal\/#\/schema\/person\/af75d95a9045c134ad8810c99727f4cd","name":"La Bastidane","image":{"@type":"ImageObject","inLanguage":"fr-FR","@id":"https:\/\/labastidane.fr\/journal\/#\/schema\/person\/image\/","url":"https:\/\/secure.gravatar.com\/avatar\/53e4719b91c0ffc5bae88b7937a395ed0d9dd04cfb0a5b501ad69c2c044f7eeb?s=96&d=blank&r=g","contentUrl":"https:\/\/secure.gravatar.com\/avatar\/53e4719b91c0ffc5bae88b7937a395ed0d9dd04cfb0a5b501ad69c2c044f7eeb?s=96&d=blank&r=g","caption":"La Bastidane"},"sameAs":["http:\/\/labastidane.fr\/journal\/"],"url":"https:\/\/labastidane.fr\/journal\/?author=1"}]}},"jetpack_featured_media_url":"https:\/\/labastidane.fr\/journal\/wp-content\/uploads\/2016\/07\/Capture-d\u2019\u00e9cran-2016-07-30-\u00e0-10.13.57.png","_links":{"self":[{"href":"https:\/\/labastidane.fr\/journal\/index.php?rest_route=\/wp\/v2\/posts\/7877","targetHints":{"allow":["GET"]}}],"collection":[{"href":"https:\/\/labastidane.fr\/journal\/index.php?rest_route=\/wp\/v2\/posts"}],"about":[{"href":"https:\/\/labastidane.fr\/journal\/index.php?rest_route=\/wp\/v2\/types\/post"}],"author":[{"embeddable":true,"href":"https:\/\/labastidane.fr\/journal\/index.php?rest_route=\/wp\/v2\/users\/1"}],"replies":[{"embeddable":true,"href":"https:\/\/labastidane.fr\/journal\/index.php?rest_route=%2Fwp%2Fv2%2Fcomments&post=7877"}],"version-history":[{"count":15,"href":"https:\/\/labastidane.fr\/journal\/index.php?rest_route=\/wp\/v2\/posts\/7877\/revisions"}],"predecessor-version":[{"id":7899,"href":"https:\/\/labastidane.fr\/journal\/index.php?rest_route=\/wp\/v2\/posts\/7877\/revisions\/7899"}],"wp:featuredmedia":[{"embeddable":true,"href":"https:\/\/labastidane.fr\/journal\/index.php?rest_route=\/wp\/v2\/media\/7879"}],"wp:attachment":[{"href":"https:\/\/labastidane.fr\/journal\/index.php?rest_route=%2Fwp%2Fv2%2Fmedia&parent=7877"}],"wp:term":[{"taxonomy":"category","embeddable":true,"href":"https:\/\/labastidane.fr\/journal\/index.php?rest_route=%2Fwp%2Fv2%2Fcategories&post=7877"},{"taxonomy":"post_tag","embeddable":true,"href":"https:\/\/labastidane.fr\/journal\/index.php?rest_route=%2Fwp%2Fv2%2Ftags&post=7877"}],"curies":[{"name":"wp","href":"https:\/\/api.w.org\/{rel}","templated":true}]}}