{"id":8228,"date":"2017-01-02T15:52:40","date_gmt":"2017-01-02T13:52:40","guid":{"rendered":"http:\/\/labastidane.fr\/journal\/?p=8228"},"modified":"2017-01-02T16:06:35","modified_gmt":"2017-01-02T14:06:35","slug":"cqjp-2017-mon-bloc-de-janvier","status":"publish","type":"post","link":"https:\/\/labastidane.fr\/journal\/?p=8228","title":{"rendered":"CQJP 2017 mon bloc de janvier"},"content":{"rendered":"<p><a href=\"http:\/\/labastidane.fr\/journal\/?attachment_id=8229\" rel=\"attachment wp-att-8229\"><img fetchpriority=\"high\" decoding=\"async\" class=\"aligncenter size-medium wp-image-8229\" src=\"http:\/\/labastidane.fr\/journal\/wp-content\/uploads\/2017\/01\/DSC_0350-850x567.jpg\" alt=\"\" width=\"850\" height=\"567\" srcset=\"https:\/\/labastidane.fr\/journal\/wp-content\/uploads\/2017\/01\/DSC_0350-850x567.jpg 850w, https:\/\/labastidane.fr\/journal\/wp-content\/uploads\/2017\/01\/DSC_0350-200x133.jpg 200w, https:\/\/labastidane.fr\/journal\/wp-content\/uploads\/2017\/01\/DSC_0350-768x512.jpg 768w, https:\/\/labastidane.fr\/journal\/wp-content\/uploads\/2017\/01\/DSC_0350-1024x683.jpg 1024w, https:\/\/labastidane.fr\/journal\/wp-content\/uploads\/2017\/01\/DSC_0350.jpg 1600w\" sizes=\"(max-width: 850px) 100vw, 850px\" \/><\/a><\/p>\n<p>&nbsp;<\/p>\n<p style=\"text-align: center;\">Je me suis inspir\u00e9e d&rsquo;un petit cd que j&rsquo;avais fait pour donner un atelier\u00a0de crazy quilt \u00e0 Marseille pour le salon cr\u00e9ation et savoir faire en 2013, et j&rsquo;ai d\u00e9cid\u00e9 tout au long de l&rsquo;ann\u00e9e de faire des cercles plus ou moins grands, celui ci mesure 24 cm de diam\u00e8tre &#8230; le prochain, je ne sais pas.<\/p>\n<p style=\"text-align: center;\">je n&rsquo;ai utilis\u00e9 que des fils \u00e0 broder, pas de dentelle, pas de perle, pas de rubans de soie &#8230; pourquoi ? Parce que des nouveaux mat\u00e9riaux apparaitront au fil des mois, chaque mois un mat\u00e9riel diff\u00e9rent \u00e0 inclure dans mon CQJP &#8230;<\/p>\n<p style=\"text-align: center;\">J&rsquo;ai utilis\u00e9 pour mes broderies, des fils DMC, du perl\u00e9 12 , du moulin\u00e9 brod\u00e9 en deux fils, et du fil de lin en deux fils aussi, le mois prochain j&rsquo;utiliserai d&rsquo;autres fils d&rsquo;une autre marque et certainement des perles et de la soie &#8230;<\/p>\n<p style=\"text-align: center;\">Je garderai pour le fond mes tissus de base, qui sont des tissus afghans dans lequel les pakistanais et les afghans fabriquent leurs costumes, chemises et pantalons et que j&rsquo;ai ramen\u00e9 des Emirats Arabes Unis quand j&rsquo;y habitais.<\/p>\n<p style=\"text-align: center;\">C&rsquo;est un tissu tr\u00e8s tr\u00e8s fin qui me permet de faire des coutures tr\u00e8s fines<\/p>\n<p style=\"text-align: center;\">Le montage est fait traditionnellement sur un tissu de base et je coud \u00e0 la main les coutures au point droit, que je recouvre ensuite de broderies, telle que je l&rsquo;ai appris d\u00e8s 2001 lorsque je faisais partie d&rsquo;un forum de crazy \u00ab\u00a0European Crazy Quilt\u00a0\u00bb o\u00f9 j&rsquo;ai eu la chance d&rsquo;\u00eatre aid\u00e9 par des am\u00e9ricaines formidable comme <span style=\"color: #ff00ff;\"><a style=\"color: #ff00ff;\" href=\"http:\/\/donnascrazyart.blogspot.fr\">Donna Jonhson<\/a>, <a style=\"color: #ff00ff;\" href=\"http:\/\/willawags.blogspot.fr\">Willa Fuller<\/a><\/span> ou <span style=\"color: #ff00ff;\"><a style=\"color: #ff00ff;\" href=\"http:\/\/itsonlyribbon.blogspot.fr\">Victoria Brown<\/a><\/span>, que j&rsquo;ai eu le bonheur de rencontrer \u00e0 la Bourboule gr\u00e2ce \u00e0<span style=\"color: #ff00ff;\"> <a style=\"color: #ff00ff;\" href=\"http:\/\/easycrochetphoto.canalblog.com\">Sophie Gelfi<\/a> \u00a0<\/span>j&rsquo;esp\u00e8re que je leur ferai hommage.<\/p>\n<p style=\"text-align: center;\">J&rsquo;ai repris le blog de crazy que j&rsquo;avais commenc\u00e9 \u00e0 broder une seule broderie pour mon\u00a0<span style=\"color: #ff00ff;\"><a style=\"color: #ff00ff;\" href=\"http:\/\/labastidane.fr\/journal\/?p=2337\">CQJP 2012<\/a> <\/span>et que je n&rsquo;ai jamais fait, pour des raisons bien ind\u00e9pendante de ma volont\u00e9.<\/p>\n<p style=\"text-align: center;\">Je suis vraiment heureuse de reprendre cet ouvrage qui me tient \u00e0 coeur.<\/p>\n<p style=\"text-align: center;\">Voil\u00e0, je vous donne rendez vous d\u00e9but f\u00e9vrier pour de nouvelles aventures.<\/p>\n<p style=\"text-align: center;\"><a href=\"http:\/\/labastidane.fr\/journal\/?attachment_id=8238\" rel=\"attachment wp-att-8238\"><img decoding=\"async\" class=\"aligncenter size-medium wp-image-8238\" src=\"http:\/\/labastidane.fr\/journal\/wp-content\/uploads\/2017\/01\/DSC_0382-850x505.jpg\" alt=\"\" width=\"850\" height=\"505\" srcset=\"https:\/\/labastidane.fr\/journal\/wp-content\/uploads\/2017\/01\/DSC_0382-850x505.jpg 850w, https:\/\/labastidane.fr\/journal\/wp-content\/uploads\/2017\/01\/DSC_0382-200x119.jpg 200w, https:\/\/labastidane.fr\/journal\/wp-content\/uploads\/2017\/01\/DSC_0382-768x456.jpg 768w, https:\/\/labastidane.fr\/journal\/wp-content\/uploads\/2017\/01\/DSC_0382-1024x609.jpg 1024w, https:\/\/labastidane.fr\/journal\/wp-content\/uploads\/2017\/01\/DSC_0382.jpg 1600w\" sizes=\"(max-width: 850px) 100vw, 850px\" \/><\/a><\/p>\n<p>&nbsp;<\/p>\n<p>&nbsp;<\/p>\n<p><a href=\"http:\/\/labastidane.fr\/journal\/?attachment_id=8230\" rel=\"attachment wp-att-8230\"><img decoding=\"async\" class=\"aligncenter size-medium wp-image-8230\" src=\"http:\/\/labastidane.fr\/journal\/wp-content\/uploads\/2017\/01\/DSC_0352-850x581.jpg\" alt=\"\" width=\"850\" height=\"581\" srcset=\"https:\/\/labastidane.fr\/journal\/wp-content\/uploads\/2017\/01\/DSC_0352-850x581.jpg 850w, https:\/\/labastidane.fr\/journal\/wp-content\/uploads\/2017\/01\/DSC_0352-200x137.jpg 200w, https:\/\/labastidane.fr\/journal\/wp-content\/uploads\/2017\/01\/DSC_0352-768x525.jpg 768w, https:\/\/labastidane.fr\/journal\/wp-content\/uploads\/2017\/01\/DSC_0352-1024x700.jpg 1024w, https:\/\/labastidane.fr\/journal\/wp-content\/uploads\/2017\/01\/DSC_0352.jpg 1600w\" sizes=\"(max-width: 850px) 100vw, 850px\" \/><\/a> <a href=\"http:\/\/labastidane.fr\/journal\/?attachment_id=8231\" rel=\"attachment wp-att-8231\"><img loading=\"lazy\" decoding=\"async\" class=\"aligncenter size-medium wp-image-8231\" src=\"http:\/\/labastidane.fr\/journal\/wp-content\/uploads\/2017\/01\/DSC_0354-850x563.jpg\" alt=\"\" width=\"850\" height=\"563\" srcset=\"https:\/\/labastidane.fr\/journal\/wp-content\/uploads\/2017\/01\/DSC_0354-850x563.jpg 850w, https:\/\/labastidane.fr\/journal\/wp-content\/uploads\/2017\/01\/DSC_0354-200x133.jpg 200w, https:\/\/labastidane.fr\/journal\/wp-content\/uploads\/2017\/01\/DSC_0354-768x509.jpg 768w, https:\/\/labastidane.fr\/journal\/wp-content\/uploads\/2017\/01\/DSC_0354-1024x678.jpg 1024w, https:\/\/labastidane.fr\/journal\/wp-content\/uploads\/2017\/01\/DSC_0354.jpg 1600w\" sizes=\"(max-width: 850px) 100vw, 850px\" \/><\/a> <a href=\"http:\/\/labastidane.fr\/journal\/?attachment_id=8232\" rel=\"attachment wp-att-8232\"><img loading=\"lazy\" decoding=\"async\" class=\"aligncenter size-medium wp-image-8232\" src=\"http:\/\/labastidane.fr\/journal\/wp-content\/uploads\/2017\/01\/DSC_0362-850x563.jpg\" alt=\"\" width=\"850\" height=\"563\" srcset=\"https:\/\/labastidane.fr\/journal\/wp-content\/uploads\/2017\/01\/DSC_0362-850x563.jpg 850w, https:\/\/labastidane.fr\/journal\/wp-content\/uploads\/2017\/01\/DSC_0362-200x133.jpg 200w, https:\/\/labastidane.fr\/journal\/wp-content\/uploads\/2017\/01\/DSC_0362-768x509.jpg 768w, https:\/\/labastidane.fr\/journal\/wp-content\/uploads\/2017\/01\/DSC_0362-1024x678.jpg 1024w, https:\/\/labastidane.fr\/journal\/wp-content\/uploads\/2017\/01\/DSC_0362.jpg 1600w\" sizes=\"(max-width: 850px) 100vw, 850px\" \/><\/a> <a href=\"http:\/\/labastidane.fr\/journal\/?attachment_id=8233\" rel=\"attachment wp-att-8233\"><img loading=\"lazy\" decoding=\"async\" class=\"aligncenter size-medium wp-image-8233\" src=\"http:\/\/labastidane.fr\/journal\/wp-content\/uploads\/2017\/01\/DSC_0368-850x494.jpg\" alt=\"\" width=\"850\" height=\"494\" srcset=\"https:\/\/labastidane.fr\/journal\/wp-content\/uploads\/2017\/01\/DSC_0368-850x494.jpg 850w, https:\/\/labastidane.fr\/journal\/wp-content\/uploads\/2017\/01\/DSC_0368-200x116.jpg 200w, https:\/\/labastidane.fr\/journal\/wp-content\/uploads\/2017\/01\/DSC_0368-768x446.jpg 768w, https:\/\/labastidane.fr\/journal\/wp-content\/uploads\/2017\/01\/DSC_0368-1024x595.jpg 1024w, https:\/\/labastidane.fr\/journal\/wp-content\/uploads\/2017\/01\/DSC_0368.jpg 1600w\" sizes=\"(max-width: 850px) 100vw, 850px\" \/><\/a> <a href=\"http:\/\/labastidane.fr\/journal\/?attachment_id=8235\" rel=\"attachment wp-att-8235\"><img loading=\"lazy\" decoding=\"async\" class=\"aligncenter size-medium wp-image-8235\" src=\"http:\/\/labastidane.fr\/journal\/wp-content\/uploads\/2017\/01\/DSC_0372-850x563.jpg\" alt=\"\" width=\"850\" height=\"563\" srcset=\"https:\/\/labastidane.fr\/journal\/wp-content\/uploads\/2017\/01\/DSC_0372-850x563.jpg 850w, https:\/\/labastidane.fr\/journal\/wp-content\/uploads\/2017\/01\/DSC_0372-200x133.jpg 200w, https:\/\/labastidane.fr\/journal\/wp-content\/uploads\/2017\/01\/DSC_0372-768x509.jpg 768w, https:\/\/labastidane.fr\/journal\/wp-content\/uploads\/2017\/01\/DSC_0372-1024x678.jpg 1024w, https:\/\/labastidane.fr\/journal\/wp-content\/uploads\/2017\/01\/DSC_0372.jpg 1600w\" sizes=\"(max-width: 850px) 100vw, 850px\" \/><\/a> <a href=\"http:\/\/labastidane.fr\/journal\/?attachment_id=8236\" rel=\"attachment wp-att-8236\"><img loading=\"lazy\" decoding=\"async\" class=\"aligncenter size-medium wp-image-8236\" src=\"http:\/\/labastidane.fr\/journal\/wp-content\/uploads\/2017\/01\/DSC_0375-596x900.jpg\" alt=\"\" width=\"596\" height=\"900\" srcset=\"https:\/\/labastidane.fr\/journal\/wp-content\/uploads\/2017\/01\/DSC_0375-596x900.jpg 596w, https:\/\/labastidane.fr\/journal\/wp-content\/uploads\/2017\/01\/DSC_0375-133x200.jpg 133w, https:\/\/labastidane.fr\/journal\/wp-content\/uploads\/2017\/01\/DSC_0375-768x1159.jpg 768w, https:\/\/labastidane.fr\/journal\/wp-content\/uploads\/2017\/01\/DSC_0375-678x1024.jpg 678w, https:\/\/labastidane.fr\/journal\/wp-content\/uploads\/2017\/01\/DSC_0375.jpg 1060w\" sizes=\"(max-width: 596px) 100vw, 596px\" \/><\/a> <a href=\"http:\/\/labastidane.fr\/journal\/?attachment_id=8237\" rel=\"attachment wp-att-8237\"><img loading=\"lazy\" decoding=\"async\" class=\"aligncenter size-medium wp-image-8237\" src=\"http:\/\/labastidane.fr\/journal\/wp-content\/uploads\/2017\/01\/DSC_0377-850x563.jpg\" alt=\"\" width=\"850\" height=\"563\" srcset=\"https:\/\/labastidane.fr\/journal\/wp-content\/uploads\/2017\/01\/DSC_0377-850x563.jpg 850w, https:\/\/labastidane.fr\/journal\/wp-content\/uploads\/2017\/01\/DSC_0377-200x133.jpg 200w, https:\/\/labastidane.fr\/journal\/wp-content\/uploads\/2017\/01\/DSC_0377-768x509.jpg 768w, https:\/\/labastidane.fr\/journal\/wp-content\/uploads\/2017\/01\/DSC_0377-1024x678.jpg 1024w, https:\/\/labastidane.fr\/journal\/wp-content\/uploads\/2017\/01\/DSC_0377.jpg 1600w\" sizes=\"(max-width: 850px) 100vw, 850px\" \/><\/a><\/p>\n<p>&nbsp;<\/p>\n<p style=\"text-align: center;\">Merci \u00e0<span style=\"color: #ff00ff;\"><a style=\"color: #ff00ff;\" href=\"http:\/\/katiesquiltingstudio.blogspot.fr\"> Katie Bock<\/a><\/span>, pour le temps qu&rsquo;elle passe pour organiser ce challenge.<\/p>\n<p style=\"text-align: center;\">Pour d\u00e9couvrir le challenge et les autres participantes, cliquez sur l&rsquo;image.<\/p>\n<p><a href=\"http:\/\/cqjp2017.blogspot.fr\" rel=\"attachment wp-att-8201\"><img loading=\"lazy\" decoding=\"async\" class=\"aligncenter wp-image-8201\" src=\"http:\/\/labastidane.fr\/journal\/wp-content\/uploads\/2017\/01\/CQJP2017-Button3-706x900.png\" width=\"200\" height=\"255\" srcset=\"https:\/\/labastidane.fr\/journal\/wp-content\/uploads\/2017\/01\/CQJP2017-Button3-706x900.png 706w, https:\/\/labastidane.fr\/journal\/wp-content\/uploads\/2017\/01\/CQJP2017-Button3-157x200.png 157w, https:\/\/labastidane.fr\/journal\/wp-content\/uploads\/2017\/01\/CQJP2017-Button3.png 715w\" sizes=\"(max-width: 200px) 100vw, 200px\" \/><\/a><\/p>\n<p>&nbsp;<\/p>\n<div id=\"fb-root\"><\/div>\r\n<script>(function(d, s, id) {\r\n  var js, fjs = d.getElementsByTagName(s)[0];\r\n  if (d.getElementById(id)) return;\r\n  js = d.createElement(s); js.id = id;\r\n  js.src = \"\/\/connect.facebook.net\/fr_FR\/all.js#xfbml=1\";\r\n  fjs.parentNode.insertBefore(js, fjs);\r\n}(document, \"script\", \"facebook-jssdk\"));<\/script>\r\n<fb:like href=\"https:\/\/labastidane.fr\/journal\/?p=8228\" font=\"arial\" action=\"like\" layout=\"standard\" send=\"1\" width=\"\"  colorscheme=\"light\" show_faces=\"0\"  style=\"background:#FFFFFF;padding-top:0px;\r\npadding-right:0px;\r\npadding-bottom:0px;\r\npadding-left:0px;\r\nmargin-top:0px;\r\nmargin-right:0px;\r\nmargin-bottom:0px;\r\nmargin-left:0px;\r\n\"><\/fb:like><div id=\"fb-root\"><\/div>\r\n<script>(function(d, s, id) {\r\n  var js, fjs = d.getElementsByTagName(s)[0];\r\n  if (d.getElementById(id)) return;\r\n  js = d.createElement(s); js.id = id;\r\n  js.src = \"\/\/connect.facebook.net\/en_GB\/all.js#xfbml=1\";\r\n  fjs.parentNode.insertBefore(js, fjs);\r\n}(document, \"script\", \"facebook-jssdk\"));<\/script>\r\n <fb:follow href=\"https:\/\/www.facebook.com\/bastidane\/?fref=ts\" layout=\"standard\" colorscheme=\"light\" show_faces=\"0\" font=\"arial\" width=\"\" border_color=\"#FFFFFF\" style=\"background:#FFFFFF;padding-top:0px;\r\npadding-right:0px;\r\npadding-bottom:0px;\r\npadding-left:0px;\r\nmargin-top:0px;\r\nmargin-right:0px;\r\nmargin-bottom:0px;\r\nmargin-left:0px;\r\n\"><\/fb:follow>","protected":false},"excerpt":{"rendered":"<p>&nbsp; Je me suis inspir\u00e9e d&rsquo;un petit cd que j&rsquo;avais fait pour donner un atelier\u00a0de crazy quilt \u00e0 Marseille pour le salon cr\u00e9ation et savoir faire en 2013, et j&rsquo;ai d\u00e9cid\u00e9 tout au long de l&rsquo;ann\u00e9e de faire des cercles plus ou moins grands, celui ci mesure 24 cm de diam\u00e8tre &#8230; le prochain, je ne sais pas. je n&rsquo;ai utilis\u00e9 que des fils \u00e0 broder, pas de dentelle, pas de perle, pas de rubans de soie &#8230; pourquoi ? Parce que des nouveaux mat\u00e9riaux apparaitront au fil des mois, chaque mois un mat\u00e9riel diff\u00e9rent \u00e0 inclure dans mon CQJP &#8230; J&rsquo;ai utilis\u00e9 pour mes broderies, des fils DMC, du perl\u00e9 12 , du moulin\u00e9 brod\u00e9 en deux fils, et du fil de lin en deux fils aussi, le mois prochain j&rsquo;utiliserai d&rsquo;autres fils d&rsquo;une autre marque et certainement des perles et de la soie &#8230; Je garderai pour le fond mes tissus de base, qui sont des tissus afghans dans lequel les pakistanais et les afghans fabriquent leurs costumes, chemises et pantalons et que j&rsquo;ai ramen\u00e9 des Emirats Arabes Unis quand j&rsquo;y habitais. C&rsquo;est un tissu tr\u00e8s tr\u00e8s fin qui me permet de faire des coutures tr\u00e8s fines Le montage est fait traditionnellement sur un tissu de base et je coud \u00e0 la main les coutures au point droit, que je recouvre ensuite de broderies, telle que je l&rsquo;ai appris d\u00e8s 2001 lorsque je faisais partie d&rsquo;un forum de crazy \u00ab\u00a0European Crazy Quilt\u00a0\u00bb o\u00f9 j&rsquo;ai eu la chance d&rsquo;\u00eatre aid\u00e9 par des am\u00e9ricaines formidable comme Donna Jonhson, Willa Fuller ou Victoria Brown, que j&rsquo;ai eu le bonheur de rencontrer \u00e0 la Bourboule gr\u00e2ce \u00e0 Sophie Gelfi \u00a0j&rsquo;esp\u00e8re que je leur ferai hommage. J&rsquo;ai repris le blog de crazy que j&rsquo;avais commenc\u00e9 \u00e0 broder une seule broderie pour mon\u00a0CQJP 2012 et que je n&rsquo;ai jamais fait, pour des raisons bien ind\u00e9pendante de ma volont\u00e9. Je suis vraiment heureuse de reprendre cet ouvrage qui me tient \u00e0 coeur. Voil\u00e0, je vous donne rendez vous d\u00e9but f\u00e9vrier pour de nouvelles aventures. &nbsp; &nbsp; &nbsp; Merci \u00e0 Katie Bock, pour le temps qu&rsquo;elle passe pour organiser ce challenge. Pour d\u00e9couvrir le challenge et les autres participantes, cliquez sur l&rsquo;image. &nbsp;<\/p>\n","protected":false},"author":1,"featured_media":8234,"comment_status":"open","ping_status":"open","sticky":false,"template":"","format":"standard","meta":{"_exactmetrics_skip_tracking":false,"_exactmetrics_sitenote_active":false,"_exactmetrics_sitenote_note":"","_exactmetrics_sitenote_category":0,"footnotes":""},"categories":[98],"tags":[],"class_list":["post-8228","post","type-post","status-publish","format-standard","has-post-thumbnail","hentry","category-inspiration"],"yoast_head":"<!-- This site is optimized with the Yoast SEO plugin v20.0 - https:\/\/yoast.com\/wordpress\/plugins\/seo\/ -->\n<title>CQJP 2017 mon bloc de janvier - La Bastidane<\/title>\n<meta name=\"robots\" content=\"index, follow, max-snippet:-1, max-image-preview:large, max-video-preview:-1\" \/>\n<link rel=\"canonical\" href=\"https:\/\/labastidane.fr\/journal\/?p=8228\" \/>\n<meta property=\"og:locale\" content=\"fr_FR\" \/>\n<meta property=\"og:type\" content=\"article\" \/>\n<meta property=\"og:title\" content=\"CQJP 2017 mon bloc de janvier - La Bastidane\" \/>\n<meta property=\"og:description\" content=\"&nbsp; Je me suis inspir\u00e9e d&rsquo;un petit cd que j&rsquo;avais fait pour donner un atelier\u00a0de crazy quilt \u00e0 Marseille pour le salon cr\u00e9ation et savoir faire en 2013, et j&rsquo;ai d\u00e9cid\u00e9 tout au long de l&rsquo;ann\u00e9e de faire des cercles plus ou moins grands, celui ci mesure 24 cm de diam\u00e8tre &#8230; le prochain, je ne sais pas. je n&rsquo;ai utilis\u00e9 que des fils \u00e0 broder, pas de dentelle, pas de perle, pas de rubans de soie &#8230; pourquoi ? Parce que des nouveaux mat\u00e9riaux apparaitront au fil des mois, chaque mois un mat\u00e9riel diff\u00e9rent \u00e0 inclure dans mon CQJP &#8230; J&rsquo;ai utilis\u00e9 pour mes broderies, des fils DMC, du perl\u00e9 12 , du moulin\u00e9 brod\u00e9 en deux fils, et du fil de lin en deux fils aussi, le mois prochain j&rsquo;utiliserai d&rsquo;autres fils d&rsquo;une autre marque et certainement des perles et de la soie &#8230; Je garderai pour le fond mes tissus de base, qui sont des tissus afghans dans lequel les pakistanais et les afghans fabriquent leurs costumes, chemises et pantalons et que j&rsquo;ai ramen\u00e9 des Emirats Arabes Unis quand j&rsquo;y habitais. C&rsquo;est un tissu tr\u00e8s tr\u00e8s fin qui me permet de faire des coutures tr\u00e8s fines Le montage est fait traditionnellement sur un tissu de base et je coud \u00e0 la main les coutures au point droit, que je recouvre ensuite de broderies, telle que je l&rsquo;ai appris d\u00e8s 2001 lorsque je faisais partie d&rsquo;un forum de crazy \u00ab\u00a0European Crazy Quilt\u00a0\u00bb o\u00f9 j&rsquo;ai eu la chance d&rsquo;\u00eatre aid\u00e9 par des am\u00e9ricaines formidable comme Donna Jonhson, Willa Fuller ou Victoria Brown, que j&rsquo;ai eu le bonheur de rencontrer \u00e0 la Bourboule gr\u00e2ce \u00e0 Sophie Gelfi \u00a0j&rsquo;esp\u00e8re que je leur ferai hommage. J&rsquo;ai repris le blog de crazy que j&rsquo;avais commenc\u00e9 \u00e0 broder une seule broderie pour mon\u00a0CQJP 2012 et que je n&rsquo;ai jamais fait, pour des raisons bien ind\u00e9pendante de ma volont\u00e9. Je suis vraiment heureuse de reprendre cet ouvrage qui me tient \u00e0 coeur. Voil\u00e0, je vous donne rendez vous d\u00e9but f\u00e9vrier pour de nouvelles aventures. &nbsp; &nbsp; &nbsp; Merci \u00e0 Katie Bock, pour le temps qu&rsquo;elle passe pour organiser ce challenge. Pour d\u00e9couvrir le challenge et les autres participantes, cliquez sur l&rsquo;image. &nbsp;\" \/>\n<meta property=\"og:url\" content=\"https:\/\/labastidane.fr\/journal\/?p=8228\" \/>\n<meta property=\"og:site_name\" content=\"La Bastidane\" \/>\n<meta property=\"article:published_time\" content=\"2017-01-02T13:52:40+00:00\" \/>\n<meta property=\"article:modified_time\" content=\"2017-01-02T14:06:35+00:00\" \/>\n<meta property=\"og:image\" content=\"https:\/\/labastidane.fr\/journal\/wp-content\/uploads\/2017\/01\/DSC_0369.jpg\" \/>\n\t<meta property=\"og:image:width\" content=\"1600\" \/>\n\t<meta property=\"og:image:height\" content=\"616\" \/>\n\t<meta property=\"og:image:type\" content=\"image\/jpeg\" \/>\n<meta name=\"author\" content=\"La Bastidane\" \/>\n<meta name=\"twitter:card\" content=\"summary_large_image\" \/>\n<meta name=\"twitter:label1\" content=\"\u00c9crit par\" \/>\n\t<meta name=\"twitter:data1\" content=\"La Bastidane\" \/>\n\t<meta name=\"twitter:label2\" content=\"Dur\u00e9e de lecture estim\u00e9e\" \/>\n\t<meta name=\"twitter:data2\" content=\"2 minutes\" \/>\n<script type=\"application\/ld+json\" class=\"yoast-schema-graph\">{\"@context\":\"https:\/\/schema.org\",\"@graph\":[{\"@type\":\"WebPage\",\"@id\":\"https:\/\/labastidane.fr\/journal\/?p=8228\",\"url\":\"https:\/\/labastidane.fr\/journal\/?p=8228\",\"name\":\"CQJP 2017 mon bloc de janvier - La Bastidane\",\"isPartOf\":{\"@id\":\"https:\/\/labastidane.fr\/journal\/#website\"},\"datePublished\":\"2017-01-02T13:52:40+00:00\",\"dateModified\":\"2017-01-02T14:06:35+00:00\",\"author\":{\"@id\":\"https:\/\/labastidane.fr\/journal\/#\/schema\/person\/af75d95a9045c134ad8810c99727f4cd\"},\"breadcrumb\":{\"@id\":\"https:\/\/labastidane.fr\/journal\/?p=8228#breadcrumb\"},\"inLanguage\":\"fr-FR\",\"potentialAction\":[{\"@type\":\"ReadAction\",\"target\":[\"https:\/\/labastidane.fr\/journal\/?p=8228\"]}]},{\"@type\":\"BreadcrumbList\",\"@id\":\"https:\/\/labastidane.fr\/journal\/?p=8228#breadcrumb\",\"itemListElement\":[{\"@type\":\"ListItem\",\"position\":1,\"name\":\"Accueil\",\"item\":\"https:\/\/labastidane.fr\/journal\"},{\"@type\":\"ListItem\",\"position\":2,\"name\":\"CQJP 2017 mon bloc de janvier\"}]},{\"@type\":\"WebSite\",\"@id\":\"https:\/\/labastidane.fr\/journal\/#website\",\"url\":\"https:\/\/labastidane.fr\/journal\/\",\"name\":\"La Bastidane\",\"description\":\"Cr\u00e9ations Improbables en Luberon\",\"potentialAction\":[{\"@type\":\"SearchAction\",\"target\":{\"@type\":\"EntryPoint\",\"urlTemplate\":\"https:\/\/labastidane.fr\/journal\/?s={search_term_string}\"},\"query-input\":\"required name=search_term_string\"}],\"inLanguage\":\"fr-FR\"},{\"@type\":\"Person\",\"@id\":\"https:\/\/labastidane.fr\/journal\/#\/schema\/person\/af75d95a9045c134ad8810c99727f4cd\",\"name\":\"La Bastidane\",\"image\":{\"@type\":\"ImageObject\",\"inLanguage\":\"fr-FR\",\"@id\":\"https:\/\/labastidane.fr\/journal\/#\/schema\/person\/image\/\",\"url\":\"https:\/\/secure.gravatar.com\/avatar\/53e4719b91c0ffc5bae88b7937a395ed0d9dd04cfb0a5b501ad69c2c044f7eeb?s=96&d=blank&r=g\",\"contentUrl\":\"https:\/\/secure.gravatar.com\/avatar\/53e4719b91c0ffc5bae88b7937a395ed0d9dd04cfb0a5b501ad69c2c044f7eeb?s=96&d=blank&r=g\",\"caption\":\"La Bastidane\"},\"sameAs\":[\"http:\/\/labastidane.fr\/journal\/\"],\"url\":\"https:\/\/labastidane.fr\/journal\/?author=1\"}]}<\/script>\n<!-- \/ Yoast SEO plugin. -->","yoast_head_json":{"title":"CQJP 2017 mon bloc de janvier - La Bastidane","robots":{"index":"index","follow":"follow","max-snippet":"max-snippet:-1","max-image-preview":"max-image-preview:large","max-video-preview":"max-video-preview:-1"},"canonical":"https:\/\/labastidane.fr\/journal\/?p=8228","og_locale":"fr_FR","og_type":"article","og_title":"CQJP 2017 mon bloc de janvier - La Bastidane","og_description":"&nbsp; Je me suis inspir\u00e9e d&rsquo;un petit cd que j&rsquo;avais fait pour donner un atelier\u00a0de crazy quilt \u00e0 Marseille pour le salon cr\u00e9ation et savoir faire en 2013, et j&rsquo;ai d\u00e9cid\u00e9 tout au long de l&rsquo;ann\u00e9e de faire des cercles plus ou moins grands, celui ci mesure 24 cm de diam\u00e8tre &#8230; le prochain, je ne sais pas. je n&rsquo;ai utilis\u00e9 que des fils \u00e0 broder, pas de dentelle, pas de perle, pas de rubans de soie &#8230; pourquoi ? Parce que des nouveaux mat\u00e9riaux apparaitront au fil des mois, chaque mois un mat\u00e9riel diff\u00e9rent \u00e0 inclure dans mon CQJP &#8230; J&rsquo;ai utilis\u00e9 pour mes broderies, des fils DMC, du perl\u00e9 12 , du moulin\u00e9 brod\u00e9 en deux fils, et du fil de lin en deux fils aussi, le mois prochain j&rsquo;utiliserai d&rsquo;autres fils d&rsquo;une autre marque et certainement des perles et de la soie &#8230; Je garderai pour le fond mes tissus de base, qui sont des tissus afghans dans lequel les pakistanais et les afghans fabriquent leurs costumes, chemises et pantalons et que j&rsquo;ai ramen\u00e9 des Emirats Arabes Unis quand j&rsquo;y habitais. C&rsquo;est un tissu tr\u00e8s tr\u00e8s fin qui me permet de faire des coutures tr\u00e8s fines Le montage est fait traditionnellement sur un tissu de base et je coud \u00e0 la main les coutures au point droit, que je recouvre ensuite de broderies, telle que je l&rsquo;ai appris d\u00e8s 2001 lorsque je faisais partie d&rsquo;un forum de crazy \u00ab\u00a0European Crazy Quilt\u00a0\u00bb o\u00f9 j&rsquo;ai eu la chance d&rsquo;\u00eatre aid\u00e9 par des am\u00e9ricaines formidable comme Donna Jonhson, Willa Fuller ou Victoria Brown, que j&rsquo;ai eu le bonheur de rencontrer \u00e0 la Bourboule gr\u00e2ce \u00e0 Sophie Gelfi \u00a0j&rsquo;esp\u00e8re que je leur ferai hommage. J&rsquo;ai repris le blog de crazy que j&rsquo;avais commenc\u00e9 \u00e0 broder une seule broderie pour mon\u00a0CQJP 2012 et que je n&rsquo;ai jamais fait, pour des raisons bien ind\u00e9pendante de ma volont\u00e9. Je suis vraiment heureuse de reprendre cet ouvrage qui me tient \u00e0 coeur. Voil\u00e0, je vous donne rendez vous d\u00e9but f\u00e9vrier pour de nouvelles aventures. &nbsp; &nbsp; &nbsp; Merci \u00e0 Katie Bock, pour le temps qu&rsquo;elle passe pour organiser ce challenge. Pour d\u00e9couvrir le challenge et les autres participantes, cliquez sur l&rsquo;image. &nbsp;","og_url":"https:\/\/labastidane.fr\/journal\/?p=8228","og_site_name":"La Bastidane","article_published_time":"2017-01-02T13:52:40+00:00","article_modified_time":"2017-01-02T14:06:35+00:00","og_image":[{"width":1600,"height":616,"url":"https:\/\/labastidane.fr\/journal\/wp-content\/uploads\/2017\/01\/DSC_0369.jpg","type":"image\/jpeg"}],"author":"La Bastidane","twitter_card":"summary_large_image","twitter_misc":{"\u00c9crit par":"La Bastidane","Dur\u00e9e de lecture estim\u00e9e":"2 minutes"},"schema":{"@context":"https:\/\/schema.org","@graph":[{"@type":"WebPage","@id":"https:\/\/labastidane.fr\/journal\/?p=8228","url":"https:\/\/labastidane.fr\/journal\/?p=8228","name":"CQJP 2017 mon bloc de janvier - La Bastidane","isPartOf":{"@id":"https:\/\/labastidane.fr\/journal\/#website"},"datePublished":"2017-01-02T13:52:40+00:00","dateModified":"2017-01-02T14:06:35+00:00","author":{"@id":"https:\/\/labastidane.fr\/journal\/#\/schema\/person\/af75d95a9045c134ad8810c99727f4cd"},"breadcrumb":{"@id":"https:\/\/labastidane.fr\/journal\/?p=8228#breadcrumb"},"inLanguage":"fr-FR","potentialAction":[{"@type":"ReadAction","target":["https:\/\/labastidane.fr\/journal\/?p=8228"]}]},{"@type":"BreadcrumbList","@id":"https:\/\/labastidane.fr\/journal\/?p=8228#breadcrumb","itemListElement":[{"@type":"ListItem","position":1,"name":"Accueil","item":"https:\/\/labastidane.fr\/journal"},{"@type":"ListItem","position":2,"name":"CQJP 2017 mon bloc de janvier"}]},{"@type":"WebSite","@id":"https:\/\/labastidane.fr\/journal\/#website","url":"https:\/\/labastidane.fr\/journal\/","name":"La Bastidane","description":"Cr\u00e9ations Improbables en Luberon","potentialAction":[{"@type":"SearchAction","target":{"@type":"EntryPoint","urlTemplate":"https:\/\/labastidane.fr\/journal\/?s={search_term_string}"},"query-input":"required name=search_term_string"}],"inLanguage":"fr-FR"},{"@type":"Person","@id":"https:\/\/labastidane.fr\/journal\/#\/schema\/person\/af75d95a9045c134ad8810c99727f4cd","name":"La Bastidane","image":{"@type":"ImageObject","inLanguage":"fr-FR","@id":"https:\/\/labastidane.fr\/journal\/#\/schema\/person\/image\/","url":"https:\/\/secure.gravatar.com\/avatar\/53e4719b91c0ffc5bae88b7937a395ed0d9dd04cfb0a5b501ad69c2c044f7eeb?s=96&d=blank&r=g","contentUrl":"https:\/\/secure.gravatar.com\/avatar\/53e4719b91c0ffc5bae88b7937a395ed0d9dd04cfb0a5b501ad69c2c044f7eeb?s=96&d=blank&r=g","caption":"La Bastidane"},"sameAs":["http:\/\/labastidane.fr\/journal\/"],"url":"https:\/\/labastidane.fr\/journal\/?author=1"}]}},"jetpack_featured_media_url":"https:\/\/labastidane.fr\/journal\/wp-content\/uploads\/2017\/01\/DSC_0369.jpg","_links":{"self":[{"href":"https:\/\/labastidane.fr\/journal\/index.php?rest_route=\/wp\/v2\/posts\/8228","targetHints":{"allow":["GET"]}}],"collection":[{"href":"https:\/\/labastidane.fr\/journal\/index.php?rest_route=\/wp\/v2\/posts"}],"about":[{"href":"https:\/\/labastidane.fr\/journal\/index.php?rest_route=\/wp\/v2\/types\/post"}],"author":[{"embeddable":true,"href":"https:\/\/labastidane.fr\/journal\/index.php?rest_route=\/wp\/v2\/users\/1"}],"replies":[{"embeddable":true,"href":"https:\/\/labastidane.fr\/journal\/index.php?rest_route=%2Fwp%2Fv2%2Fcomments&post=8228"}],"version-history":[{"count":5,"href":"https:\/\/labastidane.fr\/journal\/index.php?rest_route=\/wp\/v2\/posts\/8228\/revisions"}],"predecessor-version":[{"id":8243,"href":"https:\/\/labastidane.fr\/journal\/index.php?rest_route=\/wp\/v2\/posts\/8228\/revisions\/8243"}],"wp:featuredmedia":[{"embeddable":true,"href":"https:\/\/labastidane.fr\/journal\/index.php?rest_route=\/wp\/v2\/media\/8234"}],"wp:attachment":[{"href":"https:\/\/labastidane.fr\/journal\/index.php?rest_route=%2Fwp%2Fv2%2Fmedia&parent=8228"}],"wp:term":[{"taxonomy":"category","embeddable":true,"href":"https:\/\/labastidane.fr\/journal\/index.php?rest_route=%2Fwp%2Fv2%2Fcategories&post=8228"},{"taxonomy":"post_tag","embeddable":true,"href":"https:\/\/labastidane.fr\/journal\/index.php?rest_route=%2Fwp%2Fv2%2Ftags&post=8228"}],"curies":[{"name":"wp","href":"https:\/\/api.w.org\/{rel}","templated":true}]}}