{"id":9340,"date":"2019-11-25T23:53:59","date_gmt":"2019-11-25T21:53:59","guid":{"rendered":"http:\/\/labastidane.fr\/journal\/?p=9340"},"modified":"2019-11-26T00:00:36","modified_gmt":"2019-11-25T22:00:36","slug":"noel-pastel-collaboration-avec-au-ver-a-soie","status":"publish","type":"post","link":"https:\/\/labastidane.fr\/journal\/?p=9340","title":{"rendered":"No\u00ebl Pastel &#8211; Collaboration avec Au Ver \u00e0 Soie"},"content":{"rendered":"\n<p class=\"has-drop-cap\">Je suis heureuse et fi\u00e8re de vous annoncer qu&rsquo;une nouvelle collaboration a vu le jour La Bastidane pour <a href=\"http:\/\/www.auverasoie.com\">Au Ver \u00e0 soie<\/a>, No\u00ebl Pastel &#8211; le  kit sera bient\u00f4t disponible chez les revendeurs de Au Ver \u00e0 Soie   dont <a href=\"http:\/\/www.atelier196.com\">l&rsquo;atelier 196<\/a> (soie d\u2019Alger, rubans de soie et fils m\u00e9tallis\u00e9s) \u00e0 d\u00e9couvrir tr\u00e8s vite pour un No\u00ebl tendre et tout en douceur. Tr\u00e8s facile \u00e0 broder,  il se brode tr\u00e8s vite, j&rsquo;esp\u00e8re que vous aurez autant de plaisir \u00e0 faire na\u00eetre ce petit rien pour No\u00ebl que j&rsquo;ai eu \u00e0 le cr\u00e9er.<\/p>\n\n\n\n<figure class=\"wp-block-image size-large\"><img fetchpriority=\"high\" decoding=\"async\" width=\"1024\" height=\"1024\" src=\"http:\/\/labastidane.fr\/journal\/wp-content\/uploads\/2019\/11\/eNo\u00ebl-Pastel-1024x1024.png\" alt=\"\" class=\"wp-image-9342\" srcset=\"https:\/\/labastidane.fr\/journal\/wp-content\/uploads\/2019\/11\/eNo\u00ebl-Pastel-1024x1024.png 1024w, https:\/\/labastidane.fr\/journal\/wp-content\/uploads\/2019\/11\/eNo\u00ebl-Pastel-850x850.png 850w, https:\/\/labastidane.fr\/journal\/wp-content\/uploads\/2019\/11\/eNo\u00ebl-Pastel-200x200.png 200w, https:\/\/labastidane.fr\/journal\/wp-content\/uploads\/2019\/11\/eNo\u00ebl-Pastel-768x768.png 768w, https:\/\/labastidane.fr\/journal\/wp-content\/uploads\/2019\/11\/eNo\u00ebl-Pastel-300x300.png 300w, https:\/\/labastidane.fr\/journal\/wp-content\/uploads\/2019\/11\/eNo\u00ebl-Pastel-75x75.png 75w, https:\/\/labastidane.fr\/journal\/wp-content\/uploads\/2019\/11\/eNo\u00ebl-Pastel.png 1080w\" sizes=\"(max-width: 1024px) 100vw, 1024px\" \/><\/figure>\n<div id=\"fb-root\"><\/div>\r\n<script>(function(d, s, id) {\r\n  var js, fjs = d.getElementsByTagName(s)[0];\r\n  if (d.getElementById(id)) return;\r\n  js = d.createElement(s); js.id = id;\r\n  js.src = \"\/\/connect.facebook.net\/fr_FR\/all.js#xfbml=1\";\r\n  fjs.parentNode.insertBefore(js, fjs);\r\n}(document, \"script\", \"facebook-jssdk\"));<\/script>\r\n<fb:like href=\"https:\/\/labastidane.fr\/journal\/?p=9340\" font=\"arial\" action=\"like\" layout=\"standard\" send=\"1\" width=\"\"  colorscheme=\"light\" show_faces=\"0\"  style=\"background:#FFFFFF;padding-top:0px;\r\npadding-right:0px;\r\npadding-bottom:0px;\r\npadding-left:0px;\r\nmargin-top:0px;\r\nmargin-right:0px;\r\nmargin-bottom:0px;\r\nmargin-left:0px;\r\n\"><\/fb:like><div id=\"fb-root\"><\/div>\r\n<script>(function(d, s, id) {\r\n  var js, fjs = d.getElementsByTagName(s)[0];\r\n  if (d.getElementById(id)) return;\r\n  js = d.createElement(s); js.id = id;\r\n  js.src = \"\/\/connect.facebook.net\/en_GB\/all.js#xfbml=1\";\r\n  fjs.parentNode.insertBefore(js, fjs);\r\n}(document, \"script\", \"facebook-jssdk\"));<\/script>\r\n <fb:follow href=\"https:\/\/www.facebook.com\/bastidane\/?fref=ts\" layout=\"standard\" colorscheme=\"light\" show_faces=\"0\" font=\"arial\" width=\"\" border_color=\"#FFFFFF\" style=\"background:#FFFFFF;padding-top:0px;\r\npadding-right:0px;\r\npadding-bottom:0px;\r\npadding-left:0px;\r\nmargin-top:0px;\r\nmargin-right:0px;\r\nmargin-bottom:0px;\r\nmargin-left:0px;\r\n\"><\/fb:follow>","protected":false},"excerpt":{"rendered":"<p>Je suis heureuse et fi\u00e8re de vous annoncer qu&rsquo;une nouvelle collaboration a vu le jour La Bastidane pour Au Ver \u00e0 soie, No\u00ebl Pastel &#8211; le kit sera bient\u00f4t disponible chez les revendeurs de Au Ver \u00e0 Soie dont l&rsquo;atelier 196 (soie d\u2019Alger, rubans de soie et fils m\u00e9tallis\u00e9s) \u00e0 d\u00e9couvrir tr\u00e8s vite pour un No\u00ebl tendre et tout en douceur. Tr\u00e8s facile \u00e0 broder, il se brode tr\u00e8s vite, j&rsquo;esp\u00e8re que vous aurez autant de plaisir \u00e0 faire na\u00eetre ce petit rien pour No\u00ebl que j&rsquo;ai eu \u00e0 le cr\u00e9er.<\/p>\n","protected":false},"author":1,"featured_media":9341,"comment_status":"open","ping_status":"open","sticky":false,"template":"","format":"standard","meta":{"_exactmetrics_skip_tracking":false,"_exactmetrics_sitenote_active":false,"_exactmetrics_sitenote_note":"","_exactmetrics_sitenote_category":0,"footnotes":""},"categories":[98],"tags":[127,17],"class_list":["post-9340","post","type-post","status-publish","format-standard","has-post-thumbnail","hentry","category-inspiration","tag-au-ver-a-soie","tag-les-creations"],"yoast_head":"<!-- This site is optimized with the Yoast SEO plugin v20.0 - https:\/\/yoast.com\/wordpress\/plugins\/seo\/ -->\n<title>No\u00ebl Pastel - Collaboration avec Au Ver \u00e0 Soie - La Bastidane<\/title>\n<meta name=\"robots\" content=\"index, follow, max-snippet:-1, max-image-preview:large, max-video-preview:-1\" \/>\n<link rel=\"canonical\" href=\"http:\/\/labastidane.fr\/journal\/?p=9340\" \/>\n<meta property=\"og:locale\" content=\"fr_FR\" \/>\n<meta property=\"og:type\" content=\"article\" \/>\n<meta property=\"og:title\" content=\"No\u00ebl Pastel - Collaboration avec Au Ver \u00e0 Soie - La Bastidane\" \/>\n<meta property=\"og:description\" content=\"Je suis heureuse et fi\u00e8re de vous annoncer qu&rsquo;une nouvelle collaboration a vu le jour La Bastidane pour Au Ver \u00e0 soie, No\u00ebl Pastel &#8211; le kit sera bient\u00f4t disponible chez les revendeurs de Au Ver \u00e0 Soie dont l&rsquo;atelier 196 (soie d\u2019Alger, rubans de soie et fils m\u00e9tallis\u00e9s) \u00e0 d\u00e9couvrir tr\u00e8s vite pour un No\u00ebl tendre et tout en douceur. Tr\u00e8s facile \u00e0 broder, il se brode tr\u00e8s vite, j&rsquo;esp\u00e8re que vous aurez autant de plaisir \u00e0 faire na\u00eetre ce petit rien pour No\u00ebl que j&rsquo;ai eu \u00e0 le cr\u00e9er.\" \/>\n<meta property=\"og:url\" content=\"http:\/\/labastidane.fr\/journal\/?p=9340\" \/>\n<meta property=\"og:site_name\" content=\"La Bastidane\" \/>\n<meta property=\"article:published_time\" content=\"2019-11-25T21:53:59+00:00\" \/>\n<meta property=\"article:modified_time\" content=\"2019-11-25T22:00:36+00:00\" \/>\n<meta property=\"og:image\" content=\"http:\/\/labastidane.fr\/journal\/wp-content\/uploads\/2019\/11\/NO\u00cbL-PASTEL.png\" \/>\n\t<meta property=\"og:image:width\" content=\"1400\" \/>\n\t<meta property=\"og:image:height\" content=\"425\" \/>\n\t<meta property=\"og:image:type\" content=\"image\/png\" \/>\n<meta name=\"author\" content=\"La Bastidane\" \/>\n<meta name=\"twitter:card\" content=\"summary_large_image\" \/>\n<meta name=\"twitter:label1\" content=\"\u00c9crit par\" \/>\n\t<meta name=\"twitter:data1\" content=\"La Bastidane\" \/>\n<script type=\"application\/ld+json\" class=\"yoast-schema-graph\">{\"@context\":\"https:\/\/schema.org\",\"@graph\":[{\"@type\":\"WebPage\",\"@id\":\"http:\/\/labastidane.fr\/journal\/?p=9340\",\"url\":\"http:\/\/labastidane.fr\/journal\/?p=9340\",\"name\":\"No\u00ebl Pastel - Collaboration avec Au Ver \u00e0 Soie - La Bastidane\",\"isPartOf\":{\"@id\":\"http:\/\/labastidane.fr\/journal\/#website\"},\"datePublished\":\"2019-11-25T21:53:59+00:00\",\"dateModified\":\"2019-11-25T22:00:36+00:00\",\"author\":{\"@id\":\"http:\/\/labastidane.fr\/journal\/#\/schema\/person\/af75d95a9045c134ad8810c99727f4cd\"},\"breadcrumb\":{\"@id\":\"http:\/\/labastidane.fr\/journal\/?p=9340#breadcrumb\"},\"inLanguage\":\"fr-FR\",\"potentialAction\":[{\"@type\":\"ReadAction\",\"target\":[\"http:\/\/labastidane.fr\/journal\/?p=9340\"]}]},{\"@type\":\"BreadcrumbList\",\"@id\":\"http:\/\/labastidane.fr\/journal\/?p=9340#breadcrumb\",\"itemListElement\":[{\"@type\":\"ListItem\",\"position\":1,\"name\":\"Accueil\",\"item\":\"http:\/\/labastidane.fr\/journal\"},{\"@type\":\"ListItem\",\"position\":2,\"name\":\"No\u00ebl Pastel &#8211; Collaboration avec Au Ver \u00e0 Soie\"}]},{\"@type\":\"WebSite\",\"@id\":\"http:\/\/labastidane.fr\/journal\/#website\",\"url\":\"http:\/\/labastidane.fr\/journal\/\",\"name\":\"La Bastidane\",\"description\":\"Cr\u00e9ations Improbables en Luberon\",\"potentialAction\":[{\"@type\":\"SearchAction\",\"target\":{\"@type\":\"EntryPoint\",\"urlTemplate\":\"http:\/\/labastidane.fr\/journal\/?s={search_term_string}\"},\"query-input\":\"required name=search_term_string\"}],\"inLanguage\":\"fr-FR\"},{\"@type\":\"Person\",\"@id\":\"http:\/\/labastidane.fr\/journal\/#\/schema\/person\/af75d95a9045c134ad8810c99727f4cd\",\"name\":\"La Bastidane\",\"image\":{\"@type\":\"ImageObject\",\"inLanguage\":\"fr-FR\",\"@id\":\"http:\/\/labastidane.fr\/journal\/#\/schema\/person\/image\/\",\"url\":\"https:\/\/secure.gravatar.com\/avatar\/53e4719b91c0ffc5bae88b7937a395ed0d9dd04cfb0a5b501ad69c2c044f7eeb?s=96&d=blank&r=g\",\"contentUrl\":\"https:\/\/secure.gravatar.com\/avatar\/53e4719b91c0ffc5bae88b7937a395ed0d9dd04cfb0a5b501ad69c2c044f7eeb?s=96&d=blank&r=g\",\"caption\":\"La Bastidane\"},\"sameAs\":[\"http:\/\/labastidane.fr\/journal\/\"],\"url\":\"https:\/\/labastidane.fr\/journal\/?author=1\"}]}<\/script>\n<!-- \/ Yoast SEO plugin. -->","yoast_head_json":{"title":"No\u00ebl Pastel - Collaboration avec Au Ver \u00e0 Soie - La Bastidane","robots":{"index":"index","follow":"follow","max-snippet":"max-snippet:-1","max-image-preview":"max-image-preview:large","max-video-preview":"max-video-preview:-1"},"canonical":"http:\/\/labastidane.fr\/journal\/?p=9340","og_locale":"fr_FR","og_type":"article","og_title":"No\u00ebl Pastel - Collaboration avec Au Ver \u00e0 Soie - La Bastidane","og_description":"Je suis heureuse et fi\u00e8re de vous annoncer qu&rsquo;une nouvelle collaboration a vu le jour La Bastidane pour Au Ver \u00e0 soie, No\u00ebl Pastel &#8211; le kit sera bient\u00f4t disponible chez les revendeurs de Au Ver \u00e0 Soie dont l&rsquo;atelier 196 (soie d\u2019Alger, rubans de soie et fils m\u00e9tallis\u00e9s) \u00e0 d\u00e9couvrir tr\u00e8s vite pour un No\u00ebl tendre et tout en douceur. Tr\u00e8s facile \u00e0 broder, il se brode tr\u00e8s vite, j&rsquo;esp\u00e8re que vous aurez autant de plaisir \u00e0 faire na\u00eetre ce petit rien pour No\u00ebl que j&rsquo;ai eu \u00e0 le cr\u00e9er.","og_url":"http:\/\/labastidane.fr\/journal\/?p=9340","og_site_name":"La Bastidane","article_published_time":"2019-11-25T21:53:59+00:00","article_modified_time":"2019-11-25T22:00:36+00:00","og_image":[{"width":1400,"height":425,"url":"http:\/\/labastidane.fr\/journal\/wp-content\/uploads\/2019\/11\/NO\u00cbL-PASTEL.png","type":"image\/png"}],"author":"La Bastidane","twitter_card":"summary_large_image","twitter_misc":{"\u00c9crit par":"La Bastidane"},"schema":{"@context":"https:\/\/schema.org","@graph":[{"@type":"WebPage","@id":"http:\/\/labastidane.fr\/journal\/?p=9340","url":"http:\/\/labastidane.fr\/journal\/?p=9340","name":"No\u00ebl Pastel - Collaboration avec Au Ver \u00e0 Soie - La Bastidane","isPartOf":{"@id":"http:\/\/labastidane.fr\/journal\/#website"},"datePublished":"2019-11-25T21:53:59+00:00","dateModified":"2019-11-25T22:00:36+00:00","author":{"@id":"http:\/\/labastidane.fr\/journal\/#\/schema\/person\/af75d95a9045c134ad8810c99727f4cd"},"breadcrumb":{"@id":"http:\/\/labastidane.fr\/journal\/?p=9340#breadcrumb"},"inLanguage":"fr-FR","potentialAction":[{"@type":"ReadAction","target":["http:\/\/labastidane.fr\/journal\/?p=9340"]}]},{"@type":"BreadcrumbList","@id":"http:\/\/labastidane.fr\/journal\/?p=9340#breadcrumb","itemListElement":[{"@type":"ListItem","position":1,"name":"Accueil","item":"http:\/\/labastidane.fr\/journal"},{"@type":"ListItem","position":2,"name":"No\u00ebl Pastel &#8211; Collaboration avec Au Ver \u00e0 Soie"}]},{"@type":"WebSite","@id":"http:\/\/labastidane.fr\/journal\/#website","url":"http:\/\/labastidane.fr\/journal\/","name":"La Bastidane","description":"Cr\u00e9ations Improbables en Luberon","potentialAction":[{"@type":"SearchAction","target":{"@type":"EntryPoint","urlTemplate":"http:\/\/labastidane.fr\/journal\/?s={search_term_string}"},"query-input":"required name=search_term_string"}],"inLanguage":"fr-FR"},{"@type":"Person","@id":"http:\/\/labastidane.fr\/journal\/#\/schema\/person\/af75d95a9045c134ad8810c99727f4cd","name":"La Bastidane","image":{"@type":"ImageObject","inLanguage":"fr-FR","@id":"http:\/\/labastidane.fr\/journal\/#\/schema\/person\/image\/","url":"https:\/\/secure.gravatar.com\/avatar\/53e4719b91c0ffc5bae88b7937a395ed0d9dd04cfb0a5b501ad69c2c044f7eeb?s=96&d=blank&r=g","contentUrl":"https:\/\/secure.gravatar.com\/avatar\/53e4719b91c0ffc5bae88b7937a395ed0d9dd04cfb0a5b501ad69c2c044f7eeb?s=96&d=blank&r=g","caption":"La Bastidane"},"sameAs":["http:\/\/labastidane.fr\/journal\/"],"url":"https:\/\/labastidane.fr\/journal\/?author=1"}]}},"jetpack_featured_media_url":"https:\/\/labastidane.fr\/journal\/wp-content\/uploads\/2019\/11\/NO\u00cbL-PASTEL.png","_links":{"self":[{"href":"https:\/\/labastidane.fr\/journal\/index.php?rest_route=\/wp\/v2\/posts\/9340","targetHints":{"allow":["GET"]}}],"collection":[{"href":"https:\/\/labastidane.fr\/journal\/index.php?rest_route=\/wp\/v2\/posts"}],"about":[{"href":"https:\/\/labastidane.fr\/journal\/index.php?rest_route=\/wp\/v2\/types\/post"}],"author":[{"embeddable":true,"href":"https:\/\/labastidane.fr\/journal\/index.php?rest_route=\/wp\/v2\/users\/1"}],"replies":[{"embeddable":true,"href":"https:\/\/labastidane.fr\/journal\/index.php?rest_route=%2Fwp%2Fv2%2Fcomments&post=9340"}],"version-history":[{"count":4,"href":"https:\/\/labastidane.fr\/journal\/index.php?rest_route=\/wp\/v2\/posts\/9340\/revisions"}],"predecessor-version":[{"id":9347,"href":"https:\/\/labastidane.fr\/journal\/index.php?rest_route=\/wp\/v2\/posts\/9340\/revisions\/9347"}],"wp:featuredmedia":[{"embeddable":true,"href":"https:\/\/labastidane.fr\/journal\/index.php?rest_route=\/wp\/v2\/media\/9341"}],"wp:attachment":[{"href":"https:\/\/labastidane.fr\/journal\/index.php?rest_route=%2Fwp%2Fv2%2Fmedia&parent=9340"}],"wp:term":[{"taxonomy":"category","embeddable":true,"href":"https:\/\/labastidane.fr\/journal\/index.php?rest_route=%2Fwp%2Fv2%2Fcategories&post=9340"},{"taxonomy":"post_tag","embeddable":true,"href":"https:\/\/labastidane.fr\/journal\/index.php?rest_route=%2Fwp%2Fv2%2Ftags&post=9340"}],"curies":[{"name":"wp","href":"https:\/\/api.w.org\/{rel}","templated":true}]}}