{"id":9879,"date":"2021-02-18T20:22:18","date_gmt":"2021-02-18T18:22:18","guid":{"rendered":"http:\/\/labastidane.fr\/journal\/?p=9879"},"modified":"2021-02-19T06:01:43","modified_gmt":"2021-02-19T04:01:43","slug":"mon-coeur-en-hiver-avec-les-fils-dau-ver-a-soie","status":"publish","type":"post","link":"https:\/\/labastidane.fr\/journal\/?p=9879","title":{"rendered":"Mon coeur en Hiver avec les fils d&rsquo;Au Ver \u00e0 Soie"},"content":{"rendered":"\n<p class=\"has-text-align-left\">J&rsquo;ai termin\u00e9 mon coeur pour cet hiver qui n&rsquo;en finit pas, pour une nouvelle collaboration avec Au Ver \u00e0 Soie,  les kits seront disponibles chez les revendeurs de <a href=\"http:\/\/www.auverasoie.com\">Au Ver \u00e0 soie<\/a>, et chez <a href=\"https:\/\/www.atelier196.com\">l&rsquo;<\/a><a href=\"https:\/\/atelier196.oxatis.com\/la-bastidane-coeur-hiver-c2x34403263\">atelier 196.<\/a> C&rsquo;est une petite chouette un peu endormie qui s&rsquo;est impos\u00e9e sur la toile, elle est venue d&rsquo;elle m\u00eame se dessiner sous mes doigts, au creux d&rsquo;une nuit \u00e9toil\u00e9e. J&rsquo;esp\u00e8re que vous aurez autant de plaisir \u00e0 la broder que j&rsquo;ai eu \u00e0 la voir na\u00eetre. J&rsquo;ai ressentie un r\u00e9el bonheur de broder avec cette soie s\u00e9culaire toujours utilis\u00e9e dans les ateliers de haute couture,  ce r\u00eave de luxe et de merveilles qui vient \u00e0 moi quand je brode  mon tout petit ouvrage. Je suis s\u00fbre que vous le ressentirez vous aussi ce bonheur infime et pourtant si grand.<\/p>\n\n\n\n<p class=\"has-text-align-center\">A vos aiguilles &#8230;.<\/p>\n\n\n\n<p><\/p>\n\n\n\n<div class=\"wp-block-image\"><figure class=\"aligncenter size-large\"><img fetchpriority=\"high\" decoding=\"async\" width=\"1024\" height=\"700\" src=\"http:\/\/labastidane.fr\/journal\/wp-content\/uploads\/2021\/02\/DSC_0899-1-1024x700.jpg\" alt=\"\" class=\"wp-image-9880\" srcset=\"https:\/\/labastidane.fr\/journal\/wp-content\/uploads\/2021\/02\/DSC_0899-1-1024x700.jpg 1024w, https:\/\/labastidane.fr\/journal\/wp-content\/uploads\/2021\/02\/DSC_0899-1-850x581.jpg 850w, https:\/\/labastidane.fr\/journal\/wp-content\/uploads\/2021\/02\/DSC_0899-1-200x137.jpg 200w, https:\/\/labastidane.fr\/journal\/wp-content\/uploads\/2021\/02\/DSC_0899-1-768x525.jpg 768w, https:\/\/labastidane.fr\/journal\/wp-content\/uploads\/2021\/02\/DSC_0899-1-1536x1049.jpg 1536w, https:\/\/labastidane.fr\/journal\/wp-content\/uploads\/2021\/02\/DSC_0899-1-1140x779.jpg 1140w, https:\/\/labastidane.fr\/journal\/wp-content\/uploads\/2021\/02\/DSC_0899-1.jpg 1600w\" sizes=\"(max-width: 1024px) 100vw, 1024px\" \/><\/figure><\/div>\n\n\n\n<div class=\"wp-block-image\"><figure class=\"aligncenter size-large\"><img decoding=\"async\" width=\"1024\" height=\"700\" src=\"http:\/\/labastidane.fr\/journal\/wp-content\/uploads\/2021\/02\/DSC_0900-1-1024x700.jpg\" alt=\"\" class=\"wp-image-9881\" srcset=\"https:\/\/labastidane.fr\/journal\/wp-content\/uploads\/2021\/02\/DSC_0900-1-1024x700.jpg 1024w, https:\/\/labastidane.fr\/journal\/wp-content\/uploads\/2021\/02\/DSC_0900-1-850x581.jpg 850w, https:\/\/labastidane.fr\/journal\/wp-content\/uploads\/2021\/02\/DSC_0900-1-200x137.jpg 200w, https:\/\/labastidane.fr\/journal\/wp-content\/uploads\/2021\/02\/DSC_0900-1-768x525.jpg 768w, https:\/\/labastidane.fr\/journal\/wp-content\/uploads\/2021\/02\/DSC_0900-1-1536x1049.jpg 1536w, https:\/\/labastidane.fr\/journal\/wp-content\/uploads\/2021\/02\/DSC_0900-1-1140x779.jpg 1140w, https:\/\/labastidane.fr\/journal\/wp-content\/uploads\/2021\/02\/DSC_0900-1.jpg 1600w\" sizes=\"(max-width: 1024px) 100vw, 1024px\" \/><\/figure><\/div>\n\n\n\n<p><\/p>\n\n\n\n<p><\/p>\n<div id=\"fb-root\"><\/div>\r\n<script>(function(d, s, id) {\r\n  var js, fjs = d.getElementsByTagName(s)[0];\r\n  if (d.getElementById(id)) return;\r\n  js = d.createElement(s); js.id = id;\r\n  js.src = \"\/\/connect.facebook.net\/fr_FR\/all.js#xfbml=1\";\r\n  fjs.parentNode.insertBefore(js, fjs);\r\n}(document, \"script\", \"facebook-jssdk\"));<\/script>\r\n<fb:like href=\"https:\/\/labastidane.fr\/journal\/?p=9879\" font=\"arial\" action=\"like\" layout=\"standard\" send=\"1\" width=\"\"  colorscheme=\"light\" show_faces=\"0\"  style=\"background:#FFFFFF;padding-top:0px;\r\npadding-right:0px;\r\npadding-bottom:0px;\r\npadding-left:0px;\r\nmargin-top:0px;\r\nmargin-right:0px;\r\nmargin-bottom:0px;\r\nmargin-left:0px;\r\n\"><\/fb:like><div id=\"fb-root\"><\/div>\r\n<script>(function(d, s, id) {\r\n  var js, fjs = d.getElementsByTagName(s)[0];\r\n  if (d.getElementById(id)) return;\r\n  js = d.createElement(s); js.id = id;\r\n  js.src = \"\/\/connect.facebook.net\/en_GB\/all.js#xfbml=1\";\r\n  fjs.parentNode.insertBefore(js, fjs);\r\n}(document, \"script\", \"facebook-jssdk\"));<\/script>\r\n <fb:follow href=\"https:\/\/www.facebook.com\/bastidane\/?fref=ts\" layout=\"standard\" colorscheme=\"light\" show_faces=\"0\" font=\"arial\" width=\"\" border_color=\"#FFFFFF\" style=\"background:#FFFFFF;padding-top:0px;\r\npadding-right:0px;\r\npadding-bottom:0px;\r\npadding-left:0px;\r\nmargin-top:0px;\r\nmargin-right:0px;\r\nmargin-bottom:0px;\r\nmargin-left:0px;\r\n\"><\/fb:follow>","protected":false},"excerpt":{"rendered":"<p>J&rsquo;ai termin\u00e9 mon coeur pour cet hiver qui n&rsquo;en finit pas, pour une nouvelle collaboration avec Au Ver \u00e0 Soie, les kits seront disponibles chez les revendeurs de Au Ver \u00e0 soie, et chez l&rsquo;atelier 196. C&rsquo;est une petite chouette un peu endormie qui s&rsquo;est impos\u00e9e sur la toile, elle est venue d&rsquo;elle m\u00eame se dessiner sous mes doigts, au creux d&rsquo;une nuit \u00e9toil\u00e9e. J&rsquo;esp\u00e8re que vous aurez autant de plaisir \u00e0 la broder que j&rsquo;ai eu \u00e0 la voir na\u00eetre. J&rsquo;ai ressentie un r\u00e9el bonheur de broder avec cette soie s\u00e9culaire toujours utilis\u00e9e dans les ateliers de haute couture, ce r\u00eave de luxe et de merveilles qui vient \u00e0 moi quand je brode mon tout petit ouvrage. Je suis s\u00fbre que vous le ressentirez vous aussi ce bonheur infime et pourtant si grand. A vos aiguilles &#8230;.<\/p>\n","protected":false},"author":1,"featured_media":9882,"comment_status":"open","ping_status":"open","sticky":false,"template":"","format":"standard","meta":{"_exactmetrics_skip_tracking":false,"_exactmetrics_sitenote_active":false,"_exactmetrics_sitenote_note":"","_exactmetrics_sitenote_category":0,"footnotes":""},"categories":[149],"tags":[],"class_list":["post-9879","post","type-post","status-publish","format-standard","has-post-thumbnail","hentry","category-mes-creations"],"yoast_head":"<!-- This site is optimized with the Yoast SEO plugin v20.0 - https:\/\/yoast.com\/wordpress\/plugins\/seo\/ -->\n<title>Mon coeur en Hiver avec les fils d&#039;Au Ver \u00e0 Soie - La Bastidane<\/title>\n<meta name=\"robots\" content=\"index, follow, max-snippet:-1, max-image-preview:large, max-video-preview:-1\" \/>\n<link rel=\"canonical\" href=\"https:\/\/labastidane.fr\/journal\/?p=9879\" \/>\n<meta property=\"og:locale\" content=\"fr_FR\" \/>\n<meta property=\"og:type\" content=\"article\" \/>\n<meta property=\"og:title\" content=\"Mon coeur en Hiver avec les fils d&#039;Au Ver \u00e0 Soie - La Bastidane\" \/>\n<meta property=\"og:description\" content=\"J&rsquo;ai termin\u00e9 mon coeur pour cet hiver qui n&rsquo;en finit pas, pour une nouvelle collaboration avec Au Ver \u00e0 Soie, les kits seront disponibles chez les revendeurs de Au Ver \u00e0 soie, et chez l&rsquo;atelier 196. C&rsquo;est une petite chouette un peu endormie qui s&rsquo;est impos\u00e9e sur la toile, elle est venue d&rsquo;elle m\u00eame se dessiner sous mes doigts, au creux d&rsquo;une nuit \u00e9toil\u00e9e. J&rsquo;esp\u00e8re que vous aurez autant de plaisir \u00e0 la broder que j&rsquo;ai eu \u00e0 la voir na\u00eetre. J&rsquo;ai ressentie un r\u00e9el bonheur de broder avec cette soie s\u00e9culaire toujours utilis\u00e9e dans les ateliers de haute couture, ce r\u00eave de luxe et de merveilles qui vient \u00e0 moi quand je brode mon tout petit ouvrage. Je suis s\u00fbre que vous le ressentirez vous aussi ce bonheur infime et pourtant si grand. A vos aiguilles &#8230;.\" \/>\n<meta property=\"og:url\" content=\"https:\/\/labastidane.fr\/journal\/?p=9879\" \/>\n<meta property=\"og:site_name\" content=\"La Bastidane\" \/>\n<meta property=\"article:published_time\" content=\"2021-02-18T18:22:18+00:00\" \/>\n<meta property=\"article:modified_time\" content=\"2021-02-19T04:01:43+00:00\" \/>\n<meta property=\"og:image\" content=\"https:\/\/labastidane.fr\/journal\/wp-content\/uploads\/2021\/02\/DSC_0897-2.jpg\" \/>\n\t<meta property=\"og:image:width\" content=\"1600\" \/>\n\t<meta property=\"og:image:height\" content=\"1093\" \/>\n\t<meta property=\"og:image:type\" content=\"image\/jpeg\" \/>\n<meta name=\"author\" content=\"La Bastidane\" \/>\n<meta name=\"twitter:card\" content=\"summary_large_image\" \/>\n<meta name=\"twitter:image\" content=\"https:\/\/labastidane.fr\/journal\/wp-content\/uploads\/2021\/02\/DSC_0897-1-e1613672496825.jpg\" \/>\n<meta name=\"twitter:label1\" content=\"\u00c9crit par\" \/>\n\t<meta name=\"twitter:data1\" content=\"La Bastidane\" \/>\n\t<meta name=\"twitter:label2\" content=\"Dur\u00e9e de lecture estim\u00e9e\" \/>\n\t<meta name=\"twitter:data2\" content=\"1 minute\" \/>\n<script type=\"application\/ld+json\" class=\"yoast-schema-graph\">{\"@context\":\"https:\/\/schema.org\",\"@graph\":[{\"@type\":\"WebPage\",\"@id\":\"https:\/\/labastidane.fr\/journal\/?p=9879\",\"url\":\"https:\/\/labastidane.fr\/journal\/?p=9879\",\"name\":\"Mon coeur en Hiver avec les fils d'Au Ver \u00e0 Soie - La Bastidane\",\"isPartOf\":{\"@id\":\"https:\/\/labastidane.fr\/journal\/#website\"},\"datePublished\":\"2021-02-18T18:22:18+00:00\",\"dateModified\":\"2021-02-19T04:01:43+00:00\",\"author\":{\"@id\":\"https:\/\/labastidane.fr\/journal\/#\/schema\/person\/af75d95a9045c134ad8810c99727f4cd\"},\"breadcrumb\":{\"@id\":\"https:\/\/labastidane.fr\/journal\/?p=9879#breadcrumb\"},\"inLanguage\":\"fr-FR\",\"potentialAction\":[{\"@type\":\"ReadAction\",\"target\":[\"https:\/\/labastidane.fr\/journal\/?p=9879\"]}]},{\"@type\":\"BreadcrumbList\",\"@id\":\"https:\/\/labastidane.fr\/journal\/?p=9879#breadcrumb\",\"itemListElement\":[{\"@type\":\"ListItem\",\"position\":1,\"name\":\"Accueil\",\"item\":\"https:\/\/labastidane.fr\/journal\"},{\"@type\":\"ListItem\",\"position\":2,\"name\":\"Mon coeur en Hiver avec les fils d&rsquo;Au Ver \u00e0 Soie\"}]},{\"@type\":\"WebSite\",\"@id\":\"https:\/\/labastidane.fr\/journal\/#website\",\"url\":\"https:\/\/labastidane.fr\/journal\/\",\"name\":\"La Bastidane\",\"description\":\"Cr\u00e9ations Improbables en Luberon\",\"potentialAction\":[{\"@type\":\"SearchAction\",\"target\":{\"@type\":\"EntryPoint\",\"urlTemplate\":\"https:\/\/labastidane.fr\/journal\/?s={search_term_string}\"},\"query-input\":\"required name=search_term_string\"}],\"inLanguage\":\"fr-FR\"},{\"@type\":\"Person\",\"@id\":\"https:\/\/labastidane.fr\/journal\/#\/schema\/person\/af75d95a9045c134ad8810c99727f4cd\",\"name\":\"La Bastidane\",\"image\":{\"@type\":\"ImageObject\",\"inLanguage\":\"fr-FR\",\"@id\":\"https:\/\/labastidane.fr\/journal\/#\/schema\/person\/image\/\",\"url\":\"https:\/\/secure.gravatar.com\/avatar\/53e4719b91c0ffc5bae88b7937a395ed0d9dd04cfb0a5b501ad69c2c044f7eeb?s=96&d=blank&r=g\",\"contentUrl\":\"https:\/\/secure.gravatar.com\/avatar\/53e4719b91c0ffc5bae88b7937a395ed0d9dd04cfb0a5b501ad69c2c044f7eeb?s=96&d=blank&r=g\",\"caption\":\"La Bastidane\"},\"sameAs\":[\"http:\/\/labastidane.fr\/journal\/\"],\"url\":\"https:\/\/labastidane.fr\/journal\/?author=1\"}]}<\/script>\n<!-- \/ Yoast SEO plugin. -->","yoast_head_json":{"title":"Mon coeur en Hiver avec les fils d'Au Ver \u00e0 Soie - La Bastidane","robots":{"index":"index","follow":"follow","max-snippet":"max-snippet:-1","max-image-preview":"max-image-preview:large","max-video-preview":"max-video-preview:-1"},"canonical":"https:\/\/labastidane.fr\/journal\/?p=9879","og_locale":"fr_FR","og_type":"article","og_title":"Mon coeur en Hiver avec les fils d'Au Ver \u00e0 Soie - La Bastidane","og_description":"J&rsquo;ai termin\u00e9 mon coeur pour cet hiver qui n&rsquo;en finit pas, pour une nouvelle collaboration avec Au Ver \u00e0 Soie, les kits seront disponibles chez les revendeurs de Au Ver \u00e0 soie, et chez l&rsquo;atelier 196. C&rsquo;est une petite chouette un peu endormie qui s&rsquo;est impos\u00e9e sur la toile, elle est venue d&rsquo;elle m\u00eame se dessiner sous mes doigts, au creux d&rsquo;une nuit \u00e9toil\u00e9e. J&rsquo;esp\u00e8re que vous aurez autant de plaisir \u00e0 la broder que j&rsquo;ai eu \u00e0 la voir na\u00eetre. J&rsquo;ai ressentie un r\u00e9el bonheur de broder avec cette soie s\u00e9culaire toujours utilis\u00e9e dans les ateliers de haute couture, ce r\u00eave de luxe et de merveilles qui vient \u00e0 moi quand je brode mon tout petit ouvrage. Je suis s\u00fbre que vous le ressentirez vous aussi ce bonheur infime et pourtant si grand. A vos aiguilles &#8230;.","og_url":"https:\/\/labastidane.fr\/journal\/?p=9879","og_site_name":"La Bastidane","article_published_time":"2021-02-18T18:22:18+00:00","article_modified_time":"2021-02-19T04:01:43+00:00","og_image":[{"width":1600,"height":1093,"url":"https:\/\/labastidane.fr\/journal\/wp-content\/uploads\/2021\/02\/DSC_0897-2.jpg","type":"image\/jpeg"}],"author":"La Bastidane","twitter_card":"summary_large_image","twitter_image":"https:\/\/labastidane.fr\/journal\/wp-content\/uploads\/2021\/02\/DSC_0897-1-e1613672496825.jpg","twitter_misc":{"\u00c9crit par":"La Bastidane","Dur\u00e9e de lecture estim\u00e9e":"1 minute"},"schema":{"@context":"https:\/\/schema.org","@graph":[{"@type":"WebPage","@id":"https:\/\/labastidane.fr\/journal\/?p=9879","url":"https:\/\/labastidane.fr\/journal\/?p=9879","name":"Mon coeur en Hiver avec les fils d'Au Ver \u00e0 Soie - La Bastidane","isPartOf":{"@id":"https:\/\/labastidane.fr\/journal\/#website"},"datePublished":"2021-02-18T18:22:18+00:00","dateModified":"2021-02-19T04:01:43+00:00","author":{"@id":"https:\/\/labastidane.fr\/journal\/#\/schema\/person\/af75d95a9045c134ad8810c99727f4cd"},"breadcrumb":{"@id":"https:\/\/labastidane.fr\/journal\/?p=9879#breadcrumb"},"inLanguage":"fr-FR","potentialAction":[{"@type":"ReadAction","target":["https:\/\/labastidane.fr\/journal\/?p=9879"]}]},{"@type":"BreadcrumbList","@id":"https:\/\/labastidane.fr\/journal\/?p=9879#breadcrumb","itemListElement":[{"@type":"ListItem","position":1,"name":"Accueil","item":"https:\/\/labastidane.fr\/journal"},{"@type":"ListItem","position":2,"name":"Mon coeur en Hiver avec les fils d&rsquo;Au Ver \u00e0 Soie"}]},{"@type":"WebSite","@id":"https:\/\/labastidane.fr\/journal\/#website","url":"https:\/\/labastidane.fr\/journal\/","name":"La Bastidane","description":"Cr\u00e9ations Improbables en Luberon","potentialAction":[{"@type":"SearchAction","target":{"@type":"EntryPoint","urlTemplate":"https:\/\/labastidane.fr\/journal\/?s={search_term_string}"},"query-input":"required name=search_term_string"}],"inLanguage":"fr-FR"},{"@type":"Person","@id":"https:\/\/labastidane.fr\/journal\/#\/schema\/person\/af75d95a9045c134ad8810c99727f4cd","name":"La Bastidane","image":{"@type":"ImageObject","inLanguage":"fr-FR","@id":"https:\/\/labastidane.fr\/journal\/#\/schema\/person\/image\/","url":"https:\/\/secure.gravatar.com\/avatar\/53e4719b91c0ffc5bae88b7937a395ed0d9dd04cfb0a5b501ad69c2c044f7eeb?s=96&d=blank&r=g","contentUrl":"https:\/\/secure.gravatar.com\/avatar\/53e4719b91c0ffc5bae88b7937a395ed0d9dd04cfb0a5b501ad69c2c044f7eeb?s=96&d=blank&r=g","caption":"La Bastidane"},"sameAs":["http:\/\/labastidane.fr\/journal\/"],"url":"https:\/\/labastidane.fr\/journal\/?author=1"}]}},"jetpack_featured_media_url":"https:\/\/labastidane.fr\/journal\/wp-content\/uploads\/2021\/02\/DSC_0897-1-e1613672496825.jpg","_links":{"self":[{"href":"https:\/\/labastidane.fr\/journal\/index.php?rest_route=\/wp\/v2\/posts\/9879","targetHints":{"allow":["GET"]}}],"collection":[{"href":"https:\/\/labastidane.fr\/journal\/index.php?rest_route=\/wp\/v2\/posts"}],"about":[{"href":"https:\/\/labastidane.fr\/journal\/index.php?rest_route=\/wp\/v2\/types\/post"}],"author":[{"embeddable":true,"href":"https:\/\/labastidane.fr\/journal\/index.php?rest_route=\/wp\/v2\/users\/1"}],"replies":[{"embeddable":true,"href":"https:\/\/labastidane.fr\/journal\/index.php?rest_route=%2Fwp%2Fv2%2Fcomments&post=9879"}],"version-history":[{"count":3,"href":"https:\/\/labastidane.fr\/journal\/index.php?rest_route=\/wp\/v2\/posts\/9879\/revisions"}],"predecessor-version":[{"id":9886,"href":"https:\/\/labastidane.fr\/journal\/index.php?rest_route=\/wp\/v2\/posts\/9879\/revisions\/9886"}],"wp:featuredmedia":[{"embeddable":true,"href":"https:\/\/labastidane.fr\/journal\/index.php?rest_route=\/wp\/v2\/media\/9882"}],"wp:attachment":[{"href":"https:\/\/labastidane.fr\/journal\/index.php?rest_route=%2Fwp%2Fv2%2Fmedia&parent=9879"}],"wp:term":[{"taxonomy":"category","embeddable":true,"href":"https:\/\/labastidane.fr\/journal\/index.php?rest_route=%2Fwp%2Fv2%2Fcategories&post=9879"},{"taxonomy":"post_tag","embeddable":true,"href":"https:\/\/labastidane.fr\/journal\/index.php?rest_route=%2Fwp%2Fv2%2Ftags&post=9879"}],"curies":[{"name":"wp","href":"https:\/\/api.w.org\/{rel}","templated":true}]}}