{"id":16423,"date":"2014-03-22T07:42:26","date_gmt":"2014-03-22T06:42:26","guid":{"rendered":"http:\/\/labastidane.fr\/petitsriens\/?p=16423"},"modified":"2014-03-22T07:56:51","modified_gmt":"2014-03-22T06:56:51","slug":"pauvre-carementran-il-a-ete-brule","status":"publish","type":"post","link":"https:\/\/labastidane.fr\/petitsriens\/pauvre-carementran-il-a-ete-brule\/","title":{"rendered":"Pauvre Carementran, il a \u00e9t\u00e9 br\u00fbl\u00e9"},"content":{"rendered":"<p><img loading=\"lazy\" decoding=\"async\" class=\"aligncenter size-medium wp-image-16425\" alt=\"DSC_0783\" src=\"https:\/\/labastidane.fr\/petitsriens\/wp-content\/uploads\/2014\/03\/DSC_0783-530x800.jpg\" width=\"530\" height=\"800\" srcset=\"https:\/\/labastidane.fr\/petitsriens\/wp-content\/uploads\/2014\/03\/DSC_0783-530x800.jpg 530w, https:\/\/labastidane.fr\/petitsriens\/wp-content\/uploads\/2014\/03\/DSC_0783-993x1500.jpg 993w, https:\/\/labastidane.fr\/petitsriens\/wp-content\/uploads\/2014\/03\/DSC_0783.jpg 1060w\" sizes=\"auto, (max-width: 530px) 100vw, 530px\" \/><\/p>\n<p style=\"text-align: center;\">Caramentran vient d&rsquo;\u00eatre condamn\u00e9 \u00e0 \u00eatre br\u00fbl\u00e9, pour l&rsquo;\u00e9quinoxe de Printemps, son avocat d&rsquo;ann\u00e9e en ann\u00e9e est toujours aussi mauvais. Br\u00fbl\u00e9 en place publique .. l&rsquo;ann\u00e9e peut commencer. Mais quelle ann\u00e9e me direz vous ? L&rsquo;ann\u00e9e a commenc\u00e9 en janvier ? Que nenni, l&rsquo;ann\u00e9e il y a tr\u00e8s tr\u00e8s longtemps commen\u00e7ait le 1er avril. Alors on br\u00fble l&rsquo;hiver, on lui fait un proc\u00e8s, on chante et on rit, cet hiver qui n&rsquo;apporte que rigueur et mis\u00e8re durant des mois, le printemps est l\u00e0. Parce que \u00a0Caramentran c&rsquo;est le souvenir d&rsquo;une f\u00eate pa\u00efenne que l&rsquo;on appelait dans les temps anciens, il y a tr\u00e8s tr\u00e8s longtemps Ostara. De cette f\u00eate pa\u00efenne, \u00a0ressurgit encore de nos jours, la tradition de Caramentran et comme l&rsquo;\u00e9glise ne veut jamais \u00eatre en reste, elle a r\u00e9cup\u00e9r\u00e9 une partie d&rsquo;Ostara pour P\u00e2ques.<\/p>\n<p style=\"text-align: center;\">Alors hier nous avons c\u00e9l\u00e9br\u00e9 l&rsquo;Equinoxe de printemps, comme nos anc\u00eatres, des milliers d&rsquo;ann\u00e9es avant nous, en allumant un feu pour c\u00e9l\u00e9brer la lumi\u00e8re enfin revenue.<\/p>\n<p style=\"text-align: center;\">\u00a0\u00bb \u2026 Ostara (appel\u00e9 aussi Oestara, Jour d\u2019Eostre, Rite d\u2019Eostre, Alban Eilir (nom druidique), Festival des arbres\u2026) c\u2019est l\u2019\u00e9quinoxe de Printemps, la nuit et le jour sont d\u2019\u00e9gale dur\u00e9e\u2026. \u00ab\u00a0<\/p>\n<p style=\"text-align: center;\">La coutume d&rsquo;Ostraca veut que l&rsquo;on allume des feux d\u00e8s l&rsquo;Aube pour symboliser le renouveau de la vie et prot\u00e9ger les r\u00e9coltes et c\u00e9l\u00e9brer ainsi la d\u00e9esse de la fertilit\u00e9.<\/p>\n<div style=\"text-align: center;\" align=\"justify\">Il est temps d&rsquo;entamer le grand nettoyage de printemps, traditions bassement m\u00e9nag\u00e8res qui arrivent de la nuit des temps \u2026. apr\u00e8s le go\u00fbter bien \u00e9videmment \u2026.<\/div>\n<div style=\"text-align: center;\" align=\"justify\"><\/div>\n<div style=\"text-align: center;\" align=\"justify\">Belle journ\u00e9e \u00e0 vous<\/div>\n<div style=\"text-align: center;\" align=\"justify\"><\/div>\n<div style=\"text-align: center;\" align=\"justify\"><\/div>\n<div style=\"text-align: center;\" align=\"justify\"><\/div>\n<p style=\"text-align: center;\"><img loading=\"lazy\" decoding=\"async\" class=\"aligncenter size-medium wp-image-16426\" alt=\"DSC_0792\" src=\"https:\/\/labastidane.fr\/petitsriens\/wp-content\/uploads\/2014\/03\/DSC_0792-530x800.jpg\" width=\"530\" height=\"800\" srcset=\"https:\/\/labastidane.fr\/petitsriens\/wp-content\/uploads\/2014\/03\/DSC_0792-530x800.jpg 530w, https:\/\/labastidane.fr\/petitsriens\/wp-content\/uploads\/2014\/03\/DSC_0792-993x1500.jpg 993w, https:\/\/labastidane.fr\/petitsriens\/wp-content\/uploads\/2014\/03\/DSC_0792.jpg 1060w\" sizes=\"auto, (max-width: 530px) 100vw, 530px\" \/> <img loading=\"lazy\" decoding=\"async\" class=\"aligncenter size-medium wp-image-16427\" alt=\"DSC_0797\" src=\"https:\/\/labastidane.fr\/petitsriens\/wp-content\/uploads\/2014\/03\/DSC_0797-530x800.jpg\" width=\"530\" height=\"800\" srcset=\"https:\/\/labastidane.fr\/petitsriens\/wp-content\/uploads\/2014\/03\/DSC_0797-530x800.jpg 530w, https:\/\/labastidane.fr\/petitsriens\/wp-content\/uploads\/2014\/03\/DSC_0797-993x1500.jpg 993w, https:\/\/labastidane.fr\/petitsriens\/wp-content\/uploads\/2014\/03\/DSC_0797.jpg 1060w\" sizes=\"auto, (max-width: 530px) 100vw, 530px\" \/> <img loading=\"lazy\" decoding=\"async\" class=\"aligncenter size-medium wp-image-16428\" alt=\"DSC_0810\" src=\"https:\/\/labastidane.fr\/petitsriens\/wp-content\/uploads\/2014\/03\/DSC_0810-583x800.jpg\" width=\"583\" height=\"800\" srcset=\"https:\/\/labastidane.fr\/petitsriens\/wp-content\/uploads\/2014\/03\/DSC_0810-583x800.jpg 583w, https:\/\/labastidane.fr\/petitsriens\/wp-content\/uploads\/2014\/03\/DSC_0810-1094x1500.jpg 1094w, https:\/\/labastidane.fr\/petitsriens\/wp-content\/uploads\/2014\/03\/DSC_0810.jpg 1167w\" sizes=\"auto, (max-width: 583px) 100vw, 583px\" \/> <img loading=\"lazy\" decoding=\"async\" class=\"aligncenter size-medium wp-image-16429\" alt=\"DSC_0813\" src=\"https:\/\/labastidane.fr\/petitsriens\/wp-content\/uploads\/2014\/03\/DSC_0813-624x800.jpg\" width=\"624\" height=\"800\" srcset=\"https:\/\/labastidane.fr\/petitsriens\/wp-content\/uploads\/2014\/03\/DSC_0813-624x800.jpg 624w, https:\/\/labastidane.fr\/petitsriens\/wp-content\/uploads\/2014\/03\/DSC_0813-1170x1500.jpg 1170w, https:\/\/labastidane.fr\/petitsriens\/wp-content\/uploads\/2014\/03\/DSC_0813.jpg 1248w\" sizes=\"auto, (max-width: 624px) 100vw, 624px\" \/> <img loading=\"lazy\" decoding=\"async\" class=\"aligncenter size-medium wp-image-16431\" alt=\"DSC_0822\" src=\"https:\/\/labastidane.fr\/petitsriens\/wp-content\/uploads\/2014\/03\/DSC_0822-399x800.jpg\" width=\"399\" height=\"800\" srcset=\"https:\/\/labastidane.fr\/petitsriens\/wp-content\/uploads\/2014\/03\/DSC_0822-399x800.jpg 399w, https:\/\/labastidane.fr\/petitsriens\/wp-content\/uploads\/2014\/03\/DSC_0822-749x1500.jpg 749w, https:\/\/labastidane.fr\/petitsriens\/wp-content\/uploads\/2014\/03\/DSC_0822.jpg 799w\" sizes=\"auto, (max-width: 399px) 100vw, 399px\" \/> <img loading=\"lazy\" decoding=\"async\" class=\"aligncenter size-medium wp-image-16432\" alt=\"DSC_0852\" src=\"https:\/\/labastidane.fr\/petitsriens\/wp-content\/uploads\/2014\/03\/DSC_0852-800x800.jpg\" width=\"800\" height=\"800\" srcset=\"https:\/\/labastidane.fr\/petitsriens\/wp-content\/uploads\/2014\/03\/DSC_0852-800x800.jpg 800w, https:\/\/labastidane.fr\/petitsriens\/wp-content\/uploads\/2014\/03\/DSC_0852-500x500.jpg 500w, https:\/\/labastidane.fr\/petitsriens\/wp-content\/uploads\/2014\/03\/DSC_0852-1500x1500.jpg 1500w, https:\/\/labastidane.fr\/petitsriens\/wp-content\/uploads\/2014\/03\/DSC_0852.jpg 1600w\" sizes=\"auto, (max-width: 800px) 100vw, 800px\" \/> <img loading=\"lazy\" decoding=\"async\" class=\"aligncenter size-medium wp-image-16433\" alt=\"DSC_0854\" src=\"https:\/\/labastidane.fr\/petitsriens\/wp-content\/uploads\/2014\/03\/DSC_0854-800x800.jpg\" width=\"800\" height=\"800\" srcset=\"https:\/\/labastidane.fr\/petitsriens\/wp-content\/uploads\/2014\/03\/DSC_0854-800x800.jpg 800w, https:\/\/labastidane.fr\/petitsriens\/wp-content\/uploads\/2014\/03\/DSC_0854-500x500.jpg 500w, https:\/\/labastidane.fr\/petitsriens\/wp-content\/uploads\/2014\/03\/DSC_0854-1500x1500.jpg 1500w, https:\/\/labastidane.fr\/petitsriens\/wp-content\/uploads\/2014\/03\/DSC_0854.jpg 1600w\" sizes=\"auto, (max-width: 800px) 100vw, 800px\" \/> <img loading=\"lazy\" decoding=\"async\" class=\"aligncenter size-medium wp-image-16434\" alt=\"DSC_0873\" src=\"https:\/\/labastidane.fr\/petitsriens\/wp-content\/uploads\/2014\/03\/DSC_0873-800x800.jpg\" width=\"800\" height=\"800\" srcset=\"https:\/\/labastidane.fr\/petitsriens\/wp-content\/uploads\/2014\/03\/DSC_0873-800x800.jpg 800w, https:\/\/labastidane.fr\/petitsriens\/wp-content\/uploads\/2014\/03\/DSC_0873-500x500.jpg 500w, https:\/\/labastidane.fr\/petitsriens\/wp-content\/uploads\/2014\/03\/DSC_0873-1498x1500.jpg 1498w, https:\/\/labastidane.fr\/petitsriens\/wp-content\/uploads\/2014\/03\/DSC_0873.jpg 1598w\" sizes=\"auto, (max-width: 800px) 100vw, 800px\" \/> <img loading=\"lazy\" decoding=\"async\" class=\"aligncenter size-medium wp-image-16435\" alt=\"DSC_0888\" src=\"https:\/\/labastidane.fr\/petitsriens\/wp-content\/uploads\/2014\/03\/DSC_0888-800x800.jpg\" width=\"800\" height=\"800\" srcset=\"https:\/\/labastidane.fr\/petitsriens\/wp-content\/uploads\/2014\/03\/DSC_0888-800x800.jpg 800w, https:\/\/labastidane.fr\/petitsriens\/wp-content\/uploads\/2014\/03\/DSC_0888-500x500.jpg 500w, https:\/\/labastidane.fr\/petitsriens\/wp-content\/uploads\/2014\/03\/DSC_0888-1500x1500.jpg 1500w, https:\/\/labastidane.fr\/petitsriens\/wp-content\/uploads\/2014\/03\/DSC_0888.jpg 1600w\" sizes=\"auto, (max-width: 800px) 100vw, 800px\" \/><\/p>\n<p style=\"text-align: center;\"><img loading=\"lazy\" decoding=\"async\" class=\"aligncenter size-medium wp-image-16442\" alt=\"caramentran\" src=\"https:\/\/labastidane.fr\/petitsriens\/wp-content\/uploads\/2014\/03\/caramentran1-800x800.jpg\" width=\"800\" height=\"800\" srcset=\"https:\/\/labastidane.fr\/petitsriens\/wp-content\/uploads\/2014\/03\/caramentran1-800x800.jpg 800w, https:\/\/labastidane.fr\/petitsriens\/wp-content\/uploads\/2014\/03\/caramentran1-500x500.jpg 500w, https:\/\/labastidane.fr\/petitsriens\/wp-content\/uploads\/2014\/03\/caramentran1.jpg 960w\" sizes=\"auto, (max-width: 800px) 100vw, 800px\" \/><\/p>\n<p style=\"text-align: center;\">l&rsquo;arroseur arros\u00e9 ;-) Manif ? Ben non Caramentran \u2026. m&rsquo;enfin.<\/p>\n<p style=\"text-align: center;\"><img loading=\"lazy\" decoding=\"async\" class=\"aligncenter size-medium wp-image-16436\" alt=\"DSC_0915\" src=\"https:\/\/labastidane.fr\/petitsriens\/wp-content\/uploads\/2014\/03\/DSC_0915-800x530.jpg\" width=\"800\" height=\"530\" srcset=\"https:\/\/labastidane.fr\/petitsriens\/wp-content\/uploads\/2014\/03\/DSC_0915-800x530.jpg 800w, https:\/\/labastidane.fr\/petitsriens\/wp-content\/uploads\/2014\/03\/DSC_0915-1500x993.jpg 1500w, https:\/\/labastidane.fr\/petitsriens\/wp-content\/uploads\/2014\/03\/DSC_0915.jpg 1600w\" sizes=\"auto, (max-width: 800px) 100vw, 800px\" \/><\/p>\n<p style=\"text-align: center;\">Je profite de cet article pour vous dire qu&rsquo;une belle op\u00e9ration a lieu en ce moment<\/p>\n<p style=\"text-align: center;\">Une jonquille pour Curie<\/p>\n<p style=\"text-align: center;\">Si vous voulez participer toutes les informations sont sur mon blog officiel la<\/p>\n<p style=\"text-align: center;\"><a href=\"http:\/\/labastidane.fr\/journal\/?p=5831\">Bastidane, cr\u00e9ations improbables en Luberon.<\/a><\/p>\n<p><img loading=\"lazy\" decoding=\"async\" class=\"aligncenter size-full wp-image-16437\" alt=\"DSC_0458\" src=\"https:\/\/labastidane.fr\/petitsriens\/wp-content\/uploads\/2014\/03\/DSC_0458.jpg\" width=\"650\" height=\"650\" srcset=\"https:\/\/labastidane.fr\/petitsriens\/wp-content\/uploads\/2014\/03\/DSC_0458.jpg 650w, https:\/\/labastidane.fr\/petitsriens\/wp-content\/uploads\/2014\/03\/DSC_0458-500x500.jpg 500w\" sizes=\"auto, (max-width: 650px) 100vw, 650px\" \/><\/p>\n","protected":false},"excerpt":{"rendered":"<p>Caramentran vient d&rsquo;\u00eatre condamn\u00e9 \u00e0 \u00eatre br\u00fbl\u00e9, pour l&rsquo;\u00e9quinoxe de Printemps, son avocat d&rsquo;ann\u00e9e en ann\u00e9e est toujours aussi mauvais. Br\u00fbl\u00e9 en place publique .. l&rsquo;ann\u00e9e peut commencer. Mais quelle ann\u00e9e me direz vous ? L&rsquo;ann\u00e9e a commenc\u00e9 en janvier &hellip; <a href=\"https:\/\/labastidane.fr\/petitsriens\/pauvre-carementran-il-a-ete-brule\/\">Lire la suite\u00ad\u00ad<\/a><\/p>\n","protected":false},"author":1,"featured_media":0,"comment_status":"open","ping_status":"open","sticky":false,"template":"","format":"standard","meta":{"kt_blocks_editor_width":"","_monsterinsights_skip_tracking":false,"_monsterinsights_sitenote_active":false,"_monsterinsights_sitenote_note":"","_monsterinsights_sitenote_category":0,"footnotes":""},"categories":[5],"tags":[94,37,27,19],"class_list":["post-16423","post","type-post","status-publish","format-standard","hentry","category-365-petits-riens","tag-94","tag-les-petits-riens-de-ma-memoire","tag-mars","tag-quotidien"],"yoast_head":"<!-- This site is optimized with the Yoast SEO plugin v26.8 - https:\/\/yoast.com\/product\/yoast-seo-wordpress\/ -->\n<title>Pauvre Carementran, il a \u00e9t\u00e9 br\u00fbl\u00e9 - Les Petits Riens de la Bastidane<\/title>\n<meta name=\"robots\" content=\"index, follow, max-snippet:-1, max-image-preview:large, max-video-preview:-1\" \/>\n<link rel=\"canonical\" href=\"https:\/\/labastidane.fr\/petitsriens\/pauvre-carementran-il-a-ete-brule\/\" \/>\n<meta property=\"og:locale\" content=\"fr_FR\" \/>\n<meta property=\"og:type\" content=\"article\" \/>\n<meta property=\"og:title\" content=\"Pauvre Carementran, il a \u00e9t\u00e9 br\u00fbl\u00e9 - Les Petits Riens de la Bastidane\" \/>\n<meta property=\"og:description\" content=\"Caramentran vient d&rsquo;\u00eatre condamn\u00e9 \u00e0 \u00eatre br\u00fbl\u00e9, pour l&rsquo;\u00e9quinoxe de Printemps, son avocat d&rsquo;ann\u00e9e en ann\u00e9e est toujours aussi mauvais. Br\u00fbl\u00e9 en place publique .. l&rsquo;ann\u00e9e peut commencer. Mais quelle ann\u00e9e me direz vous ? L&rsquo;ann\u00e9e a commenc\u00e9 en janvier &hellip; Lire la suite\u00ad\u00ad\" \/>\n<meta property=\"og:url\" content=\"https:\/\/labastidane.fr\/petitsriens\/pauvre-carementran-il-a-ete-brule\/\" \/>\n<meta property=\"og:site_name\" content=\"Les Petits Riens de la Bastidane\" \/>\n<meta property=\"article:publisher\" content=\"https:\/\/www.facebook.com\/labastidane\/\" \/>\n<meta property=\"article:author\" content=\"https:\/\/www.facebook.com\/labastidane\/\" \/>\n<meta property=\"article:published_time\" content=\"2014-03-22T06:42:26+00:00\" \/>\n<meta property=\"article:modified_time\" content=\"2014-03-22T06:56:51+00:00\" \/>\n<meta property=\"og:image\" content=\"http:\/\/labastidane.fr\/petitsriens\/wp-content\/uploads\/2014\/03\/DSC_0783-530x800.jpg\" \/>\n<meta name=\"author\" content=\"La Bastidane\" \/>\n<meta name=\"twitter:card\" content=\"summary_large_image\" \/>\n<meta name=\"twitter:creator\" content=\"@bastidane\" \/>\n<meta name=\"twitter:site\" content=\"@bastidane\" \/>\n<meta name=\"twitter:label1\" content=\"\u00c9crit par\" \/>\n\t<meta name=\"twitter:data1\" content=\"La Bastidane\" \/>\n\t<meta name=\"twitter:label2\" content=\"Dur\u00e9e de lecture estim\u00e9e\" \/>\n\t<meta name=\"twitter:data2\" content=\"2 minutes\" \/>\n<script type=\"application\/ld+json\" class=\"yoast-schema-graph\">{\"@context\":\"https:\/\/schema.org\",\"@graph\":[{\"@type\":\"Article\",\"@id\":\"https:\/\/labastidane.fr\/petitsriens\/pauvre-carementran-il-a-ete-brule\/#article\",\"isPartOf\":{\"@id\":\"https:\/\/labastidane.fr\/petitsriens\/pauvre-carementran-il-a-ete-brule\/\"},\"author\":{\"name\":\"La Bastidane\",\"@id\":\"https:\/\/labastidane.fr\/petitsriens\/#\/schema\/person\/da4b94873302ea92ea2d6fe7ca7e2d20\"},\"headline\":\"Pauvre Carementran, il a \u00e9t\u00e9 br\u00fbl\u00e9\",\"datePublished\":\"2014-03-22T06:42:26+00:00\",\"dateModified\":\"2014-03-22T06:56:51+00:00\",\"mainEntityOfPage\":{\"@id\":\"https:\/\/labastidane.fr\/petitsriens\/pauvre-carementran-il-a-ete-brule\/\"},\"wordCount\":347,\"commentCount\":2,\"publisher\":{\"@id\":\"https:\/\/labastidane.fr\/petitsriens\/#\/schema\/person\/da4b94873302ea92ea2d6fe7ca7e2d20\"},\"image\":{\"@id\":\"https:\/\/labastidane.fr\/petitsriens\/pauvre-carementran-il-a-ete-brule\/#primaryimage\"},\"thumbnailUrl\":\"http:\/\/labastidane.fr\/petitsriens\/wp-content\/uploads\/2014\/03\/DSC_0783-530x800.jpg\",\"keywords\":[\"2014\",\"Les petits riens de ma m\u00e9moire\",\"Mars\",\"Quotidien\"],\"articleSection\":[\"365 petits riens\"],\"inLanguage\":\"fr-FR\",\"potentialAction\":[{\"@type\":\"CommentAction\",\"name\":\"Comment\",\"target\":[\"https:\/\/labastidane.fr\/petitsriens\/pauvre-carementran-il-a-ete-brule\/#respond\"]}]},{\"@type\":\"WebPage\",\"@id\":\"https:\/\/labastidane.fr\/petitsriens\/pauvre-carementran-il-a-ete-brule\/\",\"url\":\"https:\/\/labastidane.fr\/petitsriens\/pauvre-carementran-il-a-ete-brule\/\",\"name\":\"Pauvre Carementran, il a \u00e9t\u00e9 br\u00fbl\u00e9 - Les Petits Riens de la Bastidane\",\"isPartOf\":{\"@id\":\"https:\/\/labastidane.fr\/petitsriens\/#website\"},\"primaryImageOfPage\":{\"@id\":\"https:\/\/labastidane.fr\/petitsriens\/pauvre-carementran-il-a-ete-brule\/#primaryimage\"},\"image\":{\"@id\":\"https:\/\/labastidane.fr\/petitsriens\/pauvre-carementran-il-a-ete-brule\/#primaryimage\"},\"thumbnailUrl\":\"http:\/\/labastidane.fr\/petitsriens\/wp-content\/uploads\/2014\/03\/DSC_0783-530x800.jpg\",\"datePublished\":\"2014-03-22T06:42:26+00:00\",\"dateModified\":\"2014-03-22T06:56:51+00:00\",\"breadcrumb\":{\"@id\":\"https:\/\/labastidane.fr\/petitsriens\/pauvre-carementran-il-a-ete-brule\/#breadcrumb\"},\"inLanguage\":\"fr-FR\",\"potentialAction\":[{\"@type\":\"ReadAction\",\"target\":[\"https:\/\/labastidane.fr\/petitsriens\/pauvre-carementran-il-a-ete-brule\/\"]}]},{\"@type\":\"ImageObject\",\"inLanguage\":\"fr-FR\",\"@id\":\"https:\/\/labastidane.fr\/petitsriens\/pauvre-carementran-il-a-ete-brule\/#primaryimage\",\"url\":\"http:\/\/labastidane.fr\/petitsriens\/wp-content\/uploads\/2014\/03\/DSC_0783-530x800.jpg\",\"contentUrl\":\"http:\/\/labastidane.fr\/petitsriens\/wp-content\/uploads\/2014\/03\/DSC_0783-530x800.jpg\"},{\"@type\":\"BreadcrumbList\",\"@id\":\"https:\/\/labastidane.fr\/petitsriens\/pauvre-carementran-il-a-ete-brule\/#breadcrumb\",\"itemListElement\":[{\"@type\":\"ListItem\",\"position\":1,\"name\":\"Accueil\",\"item\":\"https:\/\/labastidane.fr\/petitsriens\/\"},{\"@type\":\"ListItem\",\"position\":2,\"name\":\"Pauvre Carementran, il a \u00e9t\u00e9 br\u00fbl\u00e9\"}]},{\"@type\":\"WebSite\",\"@id\":\"https:\/\/labastidane.fr\/petitsriens\/#website\",\"url\":\"https:\/\/labastidane.fr\/petitsriens\/\",\"name\":\"Les Petits Riens de la Bastidane\",\"description\":\"365 Petits Riens\",\"publisher\":{\"@id\":\"https:\/\/labastidane.fr\/petitsriens\/#\/schema\/person\/da4b94873302ea92ea2d6fe7ca7e2d20\"},\"potentialAction\":[{\"@type\":\"SearchAction\",\"target\":{\"@type\":\"EntryPoint\",\"urlTemplate\":\"https:\/\/labastidane.fr\/petitsriens\/?s={search_term_string}\"},\"query-input\":{\"@type\":\"PropertyValueSpecification\",\"valueRequired\":true,\"valueName\":\"search_term_string\"}}],\"inLanguage\":\"fr-FR\"},{\"@type\":[\"Person\",\"Organization\"],\"@id\":\"https:\/\/labastidane.fr\/petitsriens\/#\/schema\/person\/da4b94873302ea92ea2d6fe7ca7e2d20\",\"name\":\"La Bastidane\",\"image\":{\"@type\":\"ImageObject\",\"inLanguage\":\"fr-FR\",\"@id\":\"https:\/\/labastidane.fr\/petitsriens\/#\/schema\/person\/image\/\",\"url\":\"https:\/\/secure.gravatar.com\/avatar\/39e359af48094cff86d31e7f41b95de6?s=96&d=identicon&r=g\",\"contentUrl\":\"https:\/\/secure.gravatar.com\/avatar\/39e359af48094cff86d31e7f41b95de6?s=96&d=identicon&r=g\",\"caption\":\"La Bastidane\"},\"logo\":{\"@id\":\"https:\/\/labastidane.fr\/petitsriens\/#\/schema\/person\/image\/\"},\"description\":\"Ceci est le carnet d'inspiration de la Bastidane, m\u00e9fiez vous des contrefa\u00e7ons ;-)\",\"sameAs\":[\"http:\/\/labastidane.fr\/\",\"https:\/\/www.facebook.com\/labastidane\/\",\"https:\/\/www.instagram.com\/labastidane\/\"],\"url\":\"https:\/\/labastidane.fr\/petitsriens\/author\/admin\/\"}]}<\/script>\n<!-- \/ Yoast SEO plugin. -->","yoast_head_json":{"title":"Pauvre Carementran, il a \u00e9t\u00e9 br\u00fbl\u00e9 - Les Petits Riens de la Bastidane","robots":{"index":"index","follow":"follow","max-snippet":"max-snippet:-1","max-image-preview":"max-image-preview:large","max-video-preview":"max-video-preview:-1"},"canonical":"https:\/\/labastidane.fr\/petitsriens\/pauvre-carementran-il-a-ete-brule\/","og_locale":"fr_FR","og_type":"article","og_title":"Pauvre Carementran, il a \u00e9t\u00e9 br\u00fbl\u00e9 - Les Petits Riens de la Bastidane","og_description":"Caramentran vient d&rsquo;\u00eatre condamn\u00e9 \u00e0 \u00eatre br\u00fbl\u00e9, pour l&rsquo;\u00e9quinoxe de Printemps, son avocat d&rsquo;ann\u00e9e en ann\u00e9e est toujours aussi mauvais. Br\u00fbl\u00e9 en place publique .. l&rsquo;ann\u00e9e peut commencer. Mais quelle ann\u00e9e me direz vous ? L&rsquo;ann\u00e9e a commenc\u00e9 en janvier &hellip; Lire la suite\u00ad\u00ad","og_url":"https:\/\/labastidane.fr\/petitsriens\/pauvre-carementran-il-a-ete-brule\/","og_site_name":"Les Petits Riens de la Bastidane","article_publisher":"https:\/\/www.facebook.com\/labastidane\/","article_author":"https:\/\/www.facebook.com\/labastidane\/","article_published_time":"2014-03-22T06:42:26+00:00","article_modified_time":"2014-03-22T06:56:51+00:00","og_image":[{"url":"http:\/\/labastidane.fr\/petitsriens\/wp-content\/uploads\/2014\/03\/DSC_0783-530x800.jpg","type":"","width":"","height":""}],"author":"La Bastidane","twitter_card":"summary_large_image","twitter_creator":"@bastidane","twitter_site":"@bastidane","twitter_misc":{"\u00c9crit par":"La Bastidane","Dur\u00e9e de lecture estim\u00e9e":"2 minutes"},"schema":{"@context":"https:\/\/schema.org","@graph":[{"@type":"Article","@id":"https:\/\/labastidane.fr\/petitsriens\/pauvre-carementran-il-a-ete-brule\/#article","isPartOf":{"@id":"https:\/\/labastidane.fr\/petitsriens\/pauvre-carementran-il-a-ete-brule\/"},"author":{"name":"La Bastidane","@id":"https:\/\/labastidane.fr\/petitsriens\/#\/schema\/person\/da4b94873302ea92ea2d6fe7ca7e2d20"},"headline":"Pauvre Carementran, il a \u00e9t\u00e9 br\u00fbl\u00e9","datePublished":"2014-03-22T06:42:26+00:00","dateModified":"2014-03-22T06:56:51+00:00","mainEntityOfPage":{"@id":"https:\/\/labastidane.fr\/petitsriens\/pauvre-carementran-il-a-ete-brule\/"},"wordCount":347,"commentCount":2,"publisher":{"@id":"https:\/\/labastidane.fr\/petitsriens\/#\/schema\/person\/da4b94873302ea92ea2d6fe7ca7e2d20"},"image":{"@id":"https:\/\/labastidane.fr\/petitsriens\/pauvre-carementran-il-a-ete-brule\/#primaryimage"},"thumbnailUrl":"http:\/\/labastidane.fr\/petitsriens\/wp-content\/uploads\/2014\/03\/DSC_0783-530x800.jpg","keywords":["2014","Les petits riens de ma m\u00e9moire","Mars","Quotidien"],"articleSection":["365 petits riens"],"inLanguage":"fr-FR","potentialAction":[{"@type":"CommentAction","name":"Comment","target":["https:\/\/labastidane.fr\/petitsriens\/pauvre-carementran-il-a-ete-brule\/#respond"]}]},{"@type":"WebPage","@id":"https:\/\/labastidane.fr\/petitsriens\/pauvre-carementran-il-a-ete-brule\/","url":"https:\/\/labastidane.fr\/petitsriens\/pauvre-carementran-il-a-ete-brule\/","name":"Pauvre Carementran, il a \u00e9t\u00e9 br\u00fbl\u00e9 - Les Petits Riens de la Bastidane","isPartOf":{"@id":"https:\/\/labastidane.fr\/petitsriens\/#website"},"primaryImageOfPage":{"@id":"https:\/\/labastidane.fr\/petitsriens\/pauvre-carementran-il-a-ete-brule\/#primaryimage"},"image":{"@id":"https:\/\/labastidane.fr\/petitsriens\/pauvre-carementran-il-a-ete-brule\/#primaryimage"},"thumbnailUrl":"http:\/\/labastidane.fr\/petitsriens\/wp-content\/uploads\/2014\/03\/DSC_0783-530x800.jpg","datePublished":"2014-03-22T06:42:26+00:00","dateModified":"2014-03-22T06:56:51+00:00","breadcrumb":{"@id":"https:\/\/labastidane.fr\/petitsriens\/pauvre-carementran-il-a-ete-brule\/#breadcrumb"},"inLanguage":"fr-FR","potentialAction":[{"@type":"ReadAction","target":["https:\/\/labastidane.fr\/petitsriens\/pauvre-carementran-il-a-ete-brule\/"]}]},{"@type":"ImageObject","inLanguage":"fr-FR","@id":"https:\/\/labastidane.fr\/petitsriens\/pauvre-carementran-il-a-ete-brule\/#primaryimage","url":"http:\/\/labastidane.fr\/petitsriens\/wp-content\/uploads\/2014\/03\/DSC_0783-530x800.jpg","contentUrl":"http:\/\/labastidane.fr\/petitsriens\/wp-content\/uploads\/2014\/03\/DSC_0783-530x800.jpg"},{"@type":"BreadcrumbList","@id":"https:\/\/labastidane.fr\/petitsriens\/pauvre-carementran-il-a-ete-brule\/#breadcrumb","itemListElement":[{"@type":"ListItem","position":1,"name":"Accueil","item":"https:\/\/labastidane.fr\/petitsriens\/"},{"@type":"ListItem","position":2,"name":"Pauvre Carementran, il a \u00e9t\u00e9 br\u00fbl\u00e9"}]},{"@type":"WebSite","@id":"https:\/\/labastidane.fr\/petitsriens\/#website","url":"https:\/\/labastidane.fr\/petitsriens\/","name":"Les Petits Riens de la Bastidane","description":"365 Petits Riens","publisher":{"@id":"https:\/\/labastidane.fr\/petitsriens\/#\/schema\/person\/da4b94873302ea92ea2d6fe7ca7e2d20"},"potentialAction":[{"@type":"SearchAction","target":{"@type":"EntryPoint","urlTemplate":"https:\/\/labastidane.fr\/petitsriens\/?s={search_term_string}"},"query-input":{"@type":"PropertyValueSpecification","valueRequired":true,"valueName":"search_term_string"}}],"inLanguage":"fr-FR"},{"@type":["Person","Organization"],"@id":"https:\/\/labastidane.fr\/petitsriens\/#\/schema\/person\/da4b94873302ea92ea2d6fe7ca7e2d20","name":"La Bastidane","image":{"@type":"ImageObject","inLanguage":"fr-FR","@id":"https:\/\/labastidane.fr\/petitsriens\/#\/schema\/person\/image\/","url":"https:\/\/secure.gravatar.com\/avatar\/39e359af48094cff86d31e7f41b95de6?s=96&d=identicon&r=g","contentUrl":"https:\/\/secure.gravatar.com\/avatar\/39e359af48094cff86d31e7f41b95de6?s=96&d=identicon&r=g","caption":"La Bastidane"},"logo":{"@id":"https:\/\/labastidane.fr\/petitsriens\/#\/schema\/person\/image\/"},"description":"Ceci est le carnet d'inspiration de la Bastidane, m\u00e9fiez vous des contrefa\u00e7ons ;-)","sameAs":["http:\/\/labastidane.fr\/","https:\/\/www.facebook.com\/labastidane\/","https:\/\/www.instagram.com\/labastidane\/"],"url":"https:\/\/labastidane.fr\/petitsriens\/author\/admin\/"}]}},"_links":{"self":[{"href":"https:\/\/labastidane.fr\/petitsriens\/wp-json\/wp\/v2\/posts\/16423","targetHints":{"allow":["GET"]}}],"collection":[{"href":"https:\/\/labastidane.fr\/petitsriens\/wp-json\/wp\/v2\/posts"}],"about":[{"href":"https:\/\/labastidane.fr\/petitsriens\/wp-json\/wp\/v2\/types\/post"}],"author":[{"embeddable":true,"href":"https:\/\/labastidane.fr\/petitsriens\/wp-json\/wp\/v2\/users\/1"}],"replies":[{"embeddable":true,"href":"https:\/\/labastidane.fr\/petitsriens\/wp-json\/wp\/v2\/comments?post=16423"}],"version-history":[{"count":9,"href":"https:\/\/labastidane.fr\/petitsriens\/wp-json\/wp\/v2\/posts\/16423\/revisions"}],"predecessor-version":[{"id":16447,"href":"https:\/\/labastidane.fr\/petitsriens\/wp-json\/wp\/v2\/posts\/16423\/revisions\/16447"}],"wp:attachment":[{"href":"https:\/\/labastidane.fr\/petitsriens\/wp-json\/wp\/v2\/media?parent=16423"}],"wp:term":[{"taxonomy":"category","embeddable":true,"href":"https:\/\/labastidane.fr\/petitsriens\/wp-json\/wp\/v2\/categories?post=16423"},{"taxonomy":"post_tag","embeddable":true,"href":"https:\/\/labastidane.fr\/petitsriens\/wp-json\/wp\/v2\/tags?post=16423"}],"curies":[{"name":"wp","href":"https:\/\/api.w.org\/{rel}","templated":true}]}}